{"id":5180,"date":"2024-07-02T13:55:26","date_gmt":"2024-07-02T17:55:26","guid":{"rendered":"https:\/\/www.confederaciondelcobre.cl\/?p=5180"},"modified":"2024-07-02T13:55:29","modified_gmt":"2024-07-02T17:55:29","slug":"en-la-cut-de-iquique-tambien-se-dio-el-vamos-al-salario-minimo-de-500-000","status":"publish","type":"post","link":"https:\/\/www.confederaciondelcobre.cl\/index.php\/2024\/07\/02\/en-la-cut-de-iquique-tambien-se-dio-el-vamos-al-salario-minimo-de-500-000\/","title":{"rendered":"En la CUT de Iquique tambi\u00e9n se dio el vamos al salario m\u00ednimo de 500.000."},"content":{"rendered":"\n<p>En la sede de la CUT-Iquique tambi\u00e9n se anunci\u00f3 la entrada en vigencia del aumento del salario m\u00ednimo, a $500.000, que comenz\u00f3 a regir a partir de ayer lunes 01 de julio de 2024.<\/p>\n\n\n\n<p>Participaron autoridades en representaci\u00f3n de la Delegaci\u00f3n Presidencial Regional de Tarapac\u00e1, de la Seremi del Trabajo y Previsi\u00f3n Social, de la Seremi de Equidad y G\u00e9nero, como tambi\u00e9n dirigentas y dirigentes sindicales, entre ellos Sandra Silva Capiona, Directora Nacional de la CTC. Participaron, por cierto, dirigentas y dirigentes sociales y de la CUT de Iquique.<\/p>\n\n\n\n<p>En la oportunidad, se dio a conocer el nuevo ingreso m\u00ednimo como tambi\u00e9n la necesidad de avanzar en mejoras a las pensiones de las y los trabajadores. Al respecto, las y los representantes sindicales, junto con valorar el aumento al salario m\u00ednimo, insistieron que en materia salarial se debe avanzar hacia el establecimiento de un \u201cSalario Vital\u201d que supere la l\u00ednea de la pobreza.<\/p>\n\n\n\n<div class=\"wp-block-jetpack-slideshow aligncenter\"><div data-effect=\"slide\"><div class=\"wp-block-jetpack-slideshow_container swiper-container\"><ul class=\"wp-block-jetpack-slideshow_swiper-wrapper swiper-wrapper\"><li class=\"wp-block-jetpack-slideshow_slide swiper-slide\"><figure><img loading=\"lazy\" decoding=\"async\" width=\"800\" height=\"800\" alt=\"\" class=\"wp-block-jetpack-slideshow_image wp-image-5195\" data-id=\"5195\" src=\"https:\/\/www.confederaciondelcobre.cl\/wp-content\/uploads\/2024\/07\/1.jpg\" srcset=\"https:\/\/www.confederaciondelcobre.cl\/wp-content\/uploads\/2024\/07\/1.jpg 800w, https:\/\/www.confederaciondelcobre.cl\/wp-content\/uploads\/2024\/07\/1-300x300.jpg 300w, https:\/\/www.confederaciondelcobre.cl\/wp-content\/uploads\/2024\/07\/1-150x150.jpg 150w, https:\/\/www.confederaciondelcobre.cl\/wp-content\/uploads\/2024\/07\/1-768x768.jpg 768w\" sizes=\"auto, (max-width: 800px) 100vw, 800px\" \/><\/figure><\/li><li class=\"wp-block-jetpack-slideshow_slide swiper-slide\"><figure><img loading=\"lazy\" decoding=\"async\" width=\"800\" height=\"800\" alt=\"\" class=\"wp-block-jetpack-slideshow_image wp-image-5196\" data-id=\"5196\" src=\"https:\/\/www.confederaciondelcobre.cl\/wp-content\/uploads\/2024\/07\/2.jpg\" srcset=\"https:\/\/www.confederaciondelcobre.cl\/wp-content\/uploads\/2024\/07\/2.jpg 800w, https:\/\/www.confederaciondelcobre.cl\/wp-content\/uploads\/2024\/07\/2-300x300.jpg 300w, https:\/\/www.confederaciondelcobre.cl\/wp-content\/uploads\/2024\/07\/2-150x150.jpg 150w, https:\/\/www.confederaciondelcobre.cl\/wp-content\/uploads\/2024\/07\/2-768x768.jpg 768w\" sizes=\"auto, (max-width: 800px) 100vw, 800px\" \/><\/figure><\/li><\/ul><a class=\"wp-block-jetpack-slideshow_button-prev swiper-button-prev swiper-button-white\" role=\"button\"><\/a><a class=\"wp-block-jetpack-slideshow_button-next swiper-button-next swiper-button-white\" role=\"button\"><\/a><a aria-label=\"Pause Slideshow\" class=\"wp-block-jetpack-slideshow_button-pause\" role=\"button\"><\/a><div class=\"wp-block-jetpack-slideshow_pagination swiper-pagination swiper-pagination-white\"><\/div><\/div><\/div><\/div>\n","protected":false},"excerpt":{"rendered":"<p>En la sede de la CUT-Iquique tambi\u00e9n se anunci\u00f3 la entrada en vigencia del aumento del salario m\u00ednimo, a $500.000, que comenz\u00f3 a regir a partir de ayer lunes 01 &hellip; <\/p>\n","protected":false},"author":2,"featured_media":5193,"comment_status":"closed","ping_status":"closed","sticky":false,"template":"","format":"standard","meta":{"jetpack_post_was_ever_published":false,"_jetpack_newsletter_access":"","_jetpack_dont_email_post_to_subs":false,"_jetpack_newsletter_tier_id":0,"_jetpack_memberships_contains_paywalled_content":false,"_jetpack_memberships_contains_paid_content":false,"footnotes":"","jetpack_publicize_message":"","jetpack_publicize_feature_enabled":false,"jetpack_social_post_already_shared":true,"jetpack_social_options":{"image_generator_settings":{"template":"highway","default_image_id":0,"enabled":false},"version":2}},"categories":[9,21,22,17,39,19],"tags":[],"class_list":["post-5180","post","type-post","status-publish","format-standard","has-post-thumbnail","hentry","category-confederacion","category-federaciones","category-feminort","category-regiones","category-sindicatos","category-trabajadores"],"jetpack_publicize_connections":[],"jetpack_featured_media_url":"https:\/\/www.confederaciondelcobre.cl\/wp-content\/uploads\/2024\/07\/Port-1.jpg","jetpack_sharing_enabled":true,"post_mailing_queue_ids":[],"_links":{"self":[{"href":"https:\/\/www.confederaciondelcobre.cl\/index.php\/wp-json\/wp\/v2\/posts\/5180","targetHints":{"allow":["GET"]}}],"collection":[{"href":"https:\/\/www.confederaciondelcobre.cl\/index.php\/wp-json\/wp\/v2\/posts"}],"about":[{"href":"https:\/\/www.confederaciondelcobre.cl\/index.php\/wp-json\/wp\/v2\/types\/post"}],"author":[{"embeddable":true,"href":"https:\/\/www.confederaciondelcobre.cl\/index.php\/wp-json\/wp\/v2\/users\/2"}],"replies":[{"embeddable":true,"href":"https:\/\/www.confederaciondelcobre.cl\/index.php\/wp-json\/wp\/v2\/comments?post=5180"}],"version-history":[{"count":5,"href":"https:\/\/www.confederaciondelcobre.cl\/index.php\/wp-json\/wp\/v2\/posts\/5180\/revisions"}],"predecessor-version":[{"id":5197,"href":"https:\/\/www.confederaciondelcobre.cl\/index.php\/wp-json\/wp\/v2\/posts\/5180\/revisions\/5197"}],"wp:featuredmedia":[{"embeddable":true,"href":"https:\/\/www.confederaciondelcobre.cl\/index.php\/wp-json\/wp\/v2\/media\/5193"}],"wp:attachment":[{"href":"https:\/\/www.confederaciondelcobre.cl\/index.php\/wp-json\/wp\/v2\/media?parent=5180"}],"wp:term":[{"taxonomy":"category","embeddable":true,"href":"https:\/\/www.confederaciondelcobre.cl\/index.php\/wp-json\/wp\/v2\/categories?post=5180"},{"taxonomy":"post_tag","embeddable":true,"href":"https:\/\/www.confederaciondelcobre.cl\/index.php\/wp-json\/wp\/v2\/tags?post=5180"}],"curies":[{"name":"wp","href":"https:\/\/api.w.org\/{rel}","templated":true}]}}