{"id":5198,"date":"2024-07-06T14:08:54","date_gmt":"2024-07-06T18:08:54","guid":{"rendered":"https:\/\/www.confederaciondelcobre.cl\/?p=5198"},"modified":"2024-07-06T14:08:56","modified_gmt":"2024-07-06T18:08:56","slug":"despliegue-territorial-organico-de-la-ctc-comenzo-en-la-region-de-ohiggins","status":"publish","type":"post","link":"https:\/\/www.confederaciondelcobre.cl\/index.php\/2024\/07\/06\/despliegue-territorial-organico-de-la-ctc-comenzo-en-la-region-de-ohiggins\/","title":{"rendered":"Despliegue territorial org\u00e1nico de la CTC comenz\u00f3 en la regi\u00f3n de O&#8217;Higgins."},"content":{"rendered":"\n<p>El Ejecutivo Nacional de la Confederaci\u00f3n de Trabajadores del Cobre (CTC), representado por Ana Lamas Aguirre, Presidenta, Jedry Velis Palma, Tesorero; y Patricio Roco Bucarey, Director Nacional Encargado de Organizaci\u00f3n, se reuni\u00f3 con dirigentes de sindicatos y federaci\u00f3n (Fetratec) de la CTC en la regi\u00f3n de O&#8217;Higgins.<\/p>\n\n\n\n<p>El encuentro, realizado el jueves en la sede de la CTC en la ciudad de Rancagua, tuvo el objeto de abordar una serie de asuntos de inter\u00e9s para las y los trabajadores, como el reciente <a href=\"https:\/\/www.confederaciondelcobre.cl\/index.php\/2024\/07\/02\/salario-minimo-de-500-000-comenzo-a-regir-a-partir-de-ayer-lunes-01-de-julio-de-2024\/\" target=\"_blank\" rel=\"noreferrer noopener\">aumento del salario m\u00ednimo a $500.000<\/a>. La medida, que comenz\u00f3 a regir el 01 de julio del presente, implica adem\u00e1s el aumento a la gratificaci\u00f3n legal beneficiando esto tambi\u00e9n \u2014y de manera directa\u2014 a las y los trabajadores de empresas contratistas y subcontratistas del cobre incluidos en el Acuerdo Marco entre la CTC, AGEMA Y CODELCO.<\/p>\n\n\n<div class=\"wp-block-image\">\n<figure class=\"aligncenter size-large\"><img loading=\"lazy\" decoding=\"async\" width=\"1024\" height=\"576\" src=\"https:\/\/www.confederaciondelcobre.cl\/wp-content\/uploads\/2024\/07\/0bd942b4-ef29-459c-bcb3-e3609a7ae81d-1024x576.jpeg\" alt=\"\" class=\"wp-image-5202\" srcset=\"https:\/\/www.confederaciondelcobre.cl\/wp-content\/uploads\/2024\/07\/0bd942b4-ef29-459c-bcb3-e3609a7ae81d-1024x576.jpeg 1024w, https:\/\/www.confederaciondelcobre.cl\/wp-content\/uploads\/2024\/07\/0bd942b4-ef29-459c-bcb3-e3609a7ae81d-300x169.jpeg 300w, https:\/\/www.confederaciondelcobre.cl\/wp-content\/uploads\/2024\/07\/0bd942b4-ef29-459c-bcb3-e3609a7ae81d-768x432.jpeg 768w, https:\/\/www.confederaciondelcobre.cl\/wp-content\/uploads\/2024\/07\/0bd942b4-ef29-459c-bcb3-e3609a7ae81d.jpeg 1280w\" sizes=\"auto, (max-width: 1024px) 100vw, 1024px\" \/><figcaption class=\"wp-element-caption\">En la foto, de izquierda a derecha: Jedry Velis Palma, Tesorero Nacional de la CTC; Luis Marchant Vald\u00e9s, Director Nacional Encargado de Comunicaciones  de la CTC y Presidente de la Fetratec (federaci\u00f3n de la CTC en la regi\u00f3n de O&#8217;Higgins); Ana Lamas Aguirre, Presidenta de la CTC; Patricio Roco Bucarey, Director Nacional Encargado de Organizaci\u00f3n de la CTC.<\/figcaption><\/figure><\/div>\n\n\n<p>En la jornada, que se desarroll\u00f3 en dos partes (ma\u00f1ana y tarde), tambi\u00e9n se abordaron temas que son propios de la organizaci\u00f3n a nivel nacional como a nivel territorial. Entre otros, se hizo an\u00e1lisis y evaluaci\u00f3n de procesos de negociaci\u00f3n colectiva que est\u00e1n en curso y por venir, destac\u00e1ndose la activa participaci\u00f3n en ellos de las y los socios de cada sindicato. Al respecto, y <strong>en relaci\u00f3n a la \u00faltima negociaci\u00f3n colectiva del Sindicato Nacional N\u00b03 M\u00e9trika, en que la empresa descont\u00f3 del Incentivo Trimestral por Asistencia y Condiciones de Trabajo (correspondiente al Acuerdo Marco entre la CTC, AGEMA y CODELCO) los d\u00edas de huelga; tanto el sindicato, como la federaci\u00f3n y la propia CTC se declararon en estado de alerta<\/strong>. Ante ello, las y los dirigentes se\u00f1alaron estar evaluando todas las v\u00edas de acci\u00f3n necesarias a fin de que dicha situaci\u00f3n se regularice a la brevedad posible.<\/p>\n\n\n\n<p>Finalmente, el encuentro de ayer fue el primero de m\u00e1s que vienen, y dicen relaci\u00f3n con el despliegue territorial org\u00e1nico que la CTC est\u00e1 llevando adelante a nivel nacional. Ayer fue en la regi\u00f3n de O&#8217;Higgins, luego vendr\u00e1n las de Valpara\u00edso, Antofagasta, Tarapac\u00e1 y Atacama.<\/p>\n\n\n\n<div class=\"wp-block-jetpack-slideshow\"><div data-effect=\"slide\"><div class=\"wp-block-jetpack-slideshow_container swiper-container\"><ul class=\"wp-block-jetpack-slideshow_swiper-wrapper swiper-wrapper\"><li class=\"wp-block-jetpack-slideshow_slide swiper-slide\"><figure><img loading=\"lazy\" decoding=\"async\" width=\"1024\" height=\"576\" alt=\"\" class=\"wp-block-jetpack-slideshow_image wp-image-5204\" data-id=\"5204\" src=\"https:\/\/www.confederaciondelcobre.cl\/wp-content\/uploads\/2024\/07\/1f3133dc-5f8b-4652-84b9-4c4cbee238cd-1024x576.jpeg\" srcset=\"https:\/\/www.confederaciondelcobre.cl\/wp-content\/uploads\/2024\/07\/1f3133dc-5f8b-4652-84b9-4c4cbee238cd-1024x576.jpeg 1024w, https:\/\/www.confederaciondelcobre.cl\/wp-content\/uploads\/2024\/07\/1f3133dc-5f8b-4652-84b9-4c4cbee238cd-300x169.jpeg 300w, https:\/\/www.confederaciondelcobre.cl\/wp-content\/uploads\/2024\/07\/1f3133dc-5f8b-4652-84b9-4c4cbee238cd-768x432.jpeg 768w, https:\/\/www.confederaciondelcobre.cl\/wp-content\/uploads\/2024\/07\/1f3133dc-5f8b-4652-84b9-4c4cbee238cd.jpeg 1280w\" sizes=\"auto, (max-width: 1024px) 100vw, 1024px\" \/><\/figure><\/li><li class=\"wp-block-jetpack-slideshow_slide swiper-slide\"><figure><img loading=\"lazy\" decoding=\"async\" width=\"1024\" height=\"576\" alt=\"\" class=\"wp-block-jetpack-slideshow_image wp-image-5205\" data-id=\"5205\" src=\"https:\/\/www.confederaciondelcobre.cl\/wp-content\/uploads\/2024\/07\/2a943a00-8eed-4a88-bcc8-19d6fd7c7288-1024x576.jpeg\" srcset=\"https:\/\/www.confederaciondelcobre.cl\/wp-content\/uploads\/2024\/07\/2a943a00-8eed-4a88-bcc8-19d6fd7c7288-1024x576.jpeg 1024w, https:\/\/www.confederaciondelcobre.cl\/wp-content\/uploads\/2024\/07\/2a943a00-8eed-4a88-bcc8-19d6fd7c7288-300x169.jpeg 300w, https:\/\/www.confederaciondelcobre.cl\/wp-content\/uploads\/2024\/07\/2a943a00-8eed-4a88-bcc8-19d6fd7c7288-768x432.jpeg 768w, https:\/\/www.confederaciondelcobre.cl\/wp-content\/uploads\/2024\/07\/2a943a00-8eed-4a88-bcc8-19d6fd7c7288.jpeg 1280w\" sizes=\"auto, (max-width: 1024px) 100vw, 1024px\" \/><\/figure><\/li><li class=\"wp-block-jetpack-slideshow_slide swiper-slide\"><figure><img loading=\"lazy\" decoding=\"async\" width=\"1024\" height=\"576\" alt=\"\" class=\"wp-block-jetpack-slideshow_image wp-image-5206\" data-id=\"5206\" src=\"https:\/\/www.confederaciondelcobre.cl\/wp-content\/uploads\/2024\/07\/42fb736a-46e6-4d77-ab75-88a0771dd03b-1024x576.jpeg\" srcset=\"https:\/\/www.confederaciondelcobre.cl\/wp-content\/uploads\/2024\/07\/42fb736a-46e6-4d77-ab75-88a0771dd03b-1024x576.jpeg 1024w, https:\/\/www.confederaciondelcobre.cl\/wp-content\/uploads\/2024\/07\/42fb736a-46e6-4d77-ab75-88a0771dd03b-300x169.jpeg 300w, https:\/\/www.confederaciondelcobre.cl\/wp-content\/uploads\/2024\/07\/42fb736a-46e6-4d77-ab75-88a0771dd03b-768x432.jpeg 768w, https:\/\/www.confederaciondelcobre.cl\/wp-content\/uploads\/2024\/07\/42fb736a-46e6-4d77-ab75-88a0771dd03b.jpeg 1280w\" sizes=\"auto, (max-width: 1024px) 100vw, 1024px\" \/><\/figure><\/li><li class=\"wp-block-jetpack-slideshow_slide swiper-slide\"><figure><img loading=\"lazy\" decoding=\"async\" width=\"1024\" height=\"576\" alt=\"\" class=\"wp-block-jetpack-slideshow_image wp-image-5207\" data-id=\"5207\" src=\"https:\/\/www.confederaciondelcobre.cl\/wp-content\/uploads\/2024\/07\/1213dcfb-3f84-4661-89f2-43866eebb5a1-1024x576.jpeg\" srcset=\"https:\/\/www.confederaciondelcobre.cl\/wp-content\/uploads\/2024\/07\/1213dcfb-3f84-4661-89f2-43866eebb5a1-1024x576.jpeg 1024w, https:\/\/www.confederaciondelcobre.cl\/wp-content\/uploads\/2024\/07\/1213dcfb-3f84-4661-89f2-43866eebb5a1-300x169.jpeg 300w, https:\/\/www.confederaciondelcobre.cl\/wp-content\/uploads\/2024\/07\/1213dcfb-3f84-4661-89f2-43866eebb5a1-768x432.jpeg 768w, https:\/\/www.confederaciondelcobre.cl\/wp-content\/uploads\/2024\/07\/1213dcfb-3f84-4661-89f2-43866eebb5a1.jpeg 1280w\" sizes=\"auto, (max-width: 1024px) 100vw, 1024px\" \/><\/figure><\/li><\/ul><a class=\"wp-block-jetpack-slideshow_button-prev swiper-button-prev swiper-button-white\" role=\"button\"><\/a><a class=\"wp-block-jetpack-slideshow_button-next swiper-button-next swiper-button-white\" role=\"button\"><\/a><a aria-label=\"Pause Slideshow\" class=\"wp-block-jetpack-slideshow_button-pause\" role=\"button\"><\/a><div class=\"wp-block-jetpack-slideshow_pagination swiper-pagination swiper-pagination-white\"><\/div><\/div><\/div><\/div>\n","protected":false},"excerpt":{"rendered":"<p>El Ejecutivo Nacional de la Confederaci\u00f3n de Trabajadores del Cobre (CTC), representado por Ana Lamas Aguirre, Presidenta, Jedry Velis Palma, Tesorero; y Patricio Roco Bucarey, Director Nacional Encargado de Organizaci\u00f3n, &hellip; <\/p>\n","protected":false},"author":2,"featured_media":5201,"comment_status":"closed","ping_status":"closed","sticky":false,"template":"","format":"standard","meta":{"jetpack_post_was_ever_published":false,"_jetpack_newsletter_access":"","_jetpack_dont_email_post_to_subs":false,"_jetpack_newsletter_tier_id":0,"_jetpack_memberships_contains_paywalled_content":false,"_jetpack_memberships_contains_paid_content":false,"footnotes":"","jetpack_publicize_message":"","jetpack_publicize_feature_enabled":false,"jetpack_social_post_already_shared":true,"jetpack_social_options":{"image_generator_settings":{"template":"highway","default_image_id":0,"enabled":false},"version":2}},"categories":[9,21,31,39],"tags":[],"class_list":["post-5198","post","type-post","status-publish","format-standard","has-post-thumbnail","hentry","category-confederacion","category-federaciones","category-fetratec","category-sindicatos"],"jetpack_publicize_connections":[],"jetpack_featured_media_url":"https:\/\/www.confederaciondelcobre.cl\/wp-content\/uploads\/2024\/07\/Portadas-web-CTC-copia.jpg","jetpack_sharing_enabled":true,"post_mailing_queue_ids":[],"_links":{"self":[{"href":"https:\/\/www.confederaciondelcobre.cl\/index.php\/wp-json\/wp\/v2\/posts\/5198","targetHints":{"allow":["GET"]}}],"collection":[{"href":"https:\/\/www.confederaciondelcobre.cl\/index.php\/wp-json\/wp\/v2\/posts"}],"about":[{"href":"https:\/\/www.confederaciondelcobre.cl\/index.php\/wp-json\/wp\/v2\/types\/post"}],"author":[{"embeddable":true,"href":"https:\/\/www.confederaciondelcobre.cl\/index.php\/wp-json\/wp\/v2\/users\/2"}],"replies":[{"embeddable":true,"href":"https:\/\/www.confederaciondelcobre.cl\/index.php\/wp-json\/wp\/v2\/comments?post=5198"}],"version-history":[{"count":8,"href":"https:\/\/www.confederaciondelcobre.cl\/index.php\/wp-json\/wp\/v2\/posts\/5198\/revisions"}],"predecessor-version":[{"id":5212,"href":"https:\/\/www.confederaciondelcobre.cl\/index.php\/wp-json\/wp\/v2\/posts\/5198\/revisions\/5212"}],"wp:featuredmedia":[{"embeddable":true,"href":"https:\/\/www.confederaciondelcobre.cl\/index.php\/wp-json\/wp\/v2\/media\/5201"}],"wp:attachment":[{"href":"https:\/\/www.confederaciondelcobre.cl\/index.php\/wp-json\/wp\/v2\/media?parent=5198"}],"wp:term":[{"taxonomy":"category","embeddable":true,"href":"https:\/\/www.confederaciondelcobre.cl\/index.php\/wp-json\/wp\/v2\/categories?post=5198"},{"taxonomy":"post_tag","embeddable":true,"href":"https:\/\/www.confederaciondelcobre.cl\/index.php\/wp-json\/wp\/v2\/tags?post=5198"}],"curies":[{"name":"wp","href":"https:\/\/api.w.org\/{rel}","templated":true}]}}