{"id":5213,"date":"2024-07-06T16:50:44","date_gmt":"2024-07-06T20:50:44","guid":{"rendered":"https:\/\/www.confederaciondelcobre.cl\/?p=5213"},"modified":"2024-07-06T16:55:20","modified_gmt":"2024-07-06T20:55:20","slug":"a-148-anos-ctc-participo-en-conmemoracion-del-natalicio-de-luis-emilio-recabarren","status":"publish","type":"post","link":"https:\/\/www.confederaciondelcobre.cl\/index.php\/2024\/07\/06\/a-148-anos-ctc-participo-en-conmemoracion-del-natalicio-de-luis-emilio-recabarren\/","title":{"rendered":"A 148 a\u00f1os: CTC particip\u00f3 en conmemoraci\u00f3n del natalicio de Luis Emilio Recabarren"},"content":{"rendered":"\n<p>Como todos los a\u00f1os, el <a href=\"https:\/\/www.ceiler.cl\/\" target=\"_blank\" rel=\"noreferrer noopener\">Centro de Extensi\u00f3n e Investigaci\u00f3n Luis Emilio Recabarren<\/a> (CEILER) conmemor\u00f3, en esta oportunidad, el a\u00f1o 148 desde el natalicio del padre del movimiento obrero chileno: Luis Emilio Recabarren.<\/p>\n\n\n\n<p>La actividad, llevada a cabo hoy junto a la estatua de Recabarren en el Parque Almagro (Santiago), reuni\u00f3 a diversas agrupaciones y organizaciones, entre ellas a la <strong>Confederaci\u00f3n de Trabajadores del Cobre (CTC), representada por Ana Lamas Aguirre y Patricio Roco Bucarey, Presidenta y Director Nacional Encargado de Organizaci\u00f3n, respectivamente; a la Confederaci\u00f3n Nacional de Trabajadores de la Construcci\u00f3n (CNTC), representada por su Presidente y Secretario General, Juan Jara y Jos\u00e9 Santos, respectivamente; y a la Central Unitaria de Trabajadores (CUT), representada por su Secretario General, Eric Campos Bonta<\/strong>, entre otras.<\/p>\n\n\n<div class=\"wp-block-image\">\n<figure class=\"aligncenter size-large\"><img loading=\"lazy\" decoding=\"async\" width=\"1024\" height=\"576\" src=\"https:\/\/www.confederaciondelcobre.cl\/wp-content\/uploads\/2024\/07\/7f9d4dd7-168b-42c8-bd57-4ceb0f36e3fa-1024x576.jpeg\" alt=\"\" class=\"wp-image-5218\" srcset=\"https:\/\/www.confederaciondelcobre.cl\/wp-content\/uploads\/2024\/07\/7f9d4dd7-168b-42c8-bd57-4ceb0f36e3fa-1024x576.jpeg 1024w, https:\/\/www.confederaciondelcobre.cl\/wp-content\/uploads\/2024\/07\/7f9d4dd7-168b-42c8-bd57-4ceb0f36e3fa-300x169.jpeg 300w, https:\/\/www.confederaciondelcobre.cl\/wp-content\/uploads\/2024\/07\/7f9d4dd7-168b-42c8-bd57-4ceb0f36e3fa-768x432.jpeg 768w, https:\/\/www.confederaciondelcobre.cl\/wp-content\/uploads\/2024\/07\/7f9d4dd7-168b-42c8-bd57-4ceb0f36e3fa-1536x864.jpeg 1536w, https:\/\/www.confederaciondelcobre.cl\/wp-content\/uploads\/2024\/07\/7f9d4dd7-168b-42c8-bd57-4ceb0f36e3fa.jpeg 1600w\" sizes=\"auto, (max-width: 1024px) 100vw, 1024px\" \/><figcaption class=\"wp-element-caption\">Ana Lamas Aguirre, Presidenta de la CTC, en acto de conmemoraci\u00f3n por el aniversario n\u00famero 148 del natalicio de Luis Emilio Recabarren. (Parque Almagro, Santiago de Chile)<\/figcaption><\/figure><\/div>\n\n\n<p>En la oportunidad, junto con saludar a las y los presentes, <strong>la Presidenta de la CTC destac\u00f3 la figura de Luis Emilio Recabarren<\/strong> como &#8220;un ser humano de aquellos que aparecen muy de tarde en tarde sobre la faz de la tierra, y que al morir dejan huellas profundas, imborrables, eternas&#8221;, se\u00f1al\u00f3, agregando que &#8220;su nombre traspasa fronteras ideol\u00f3gicas y es reconocido sin discusi\u00f3n como maestro y padre del sindicalismo de su tiempo y de nuestro tiempo&#8221;.<\/p>\n\n\n\n<p>Para finalizar, Ana Lamas Aguirre puso en relieve el importante trabajo sindical y la profunda comprensi\u00f3n pol\u00edtica de Luis Emilio Recabarren, resaltando su figura como &#8220;fundador de mancomunales, organizador de sindicatos, editor de peri\u00f3dicos, educador y escritor; tempranamente comprendi\u00f3 que la clase obrera deb\u00eda ir m\u00e1s all\u00e1 de la lucha reivindicativa inmediata, y ampliar la mirada hacia las profundas causas pol\u00edticas de sus problemas y precariedades&#8221;, concluyendo que Recabarren &#8220;est\u00e1 presente, vive, y vivir\u00e1 eternamente en el coraz\u00f3n de la clase trabajadora y sus organizaciones&#8221;.<\/p>\n\n\n\n<div class=\"wp-block-jetpack-slideshow aligncenter\"><div data-effect=\"slide\"><div class=\"wp-block-jetpack-slideshow_container swiper-container\"><ul class=\"wp-block-jetpack-slideshow_swiper-wrapper swiper-wrapper\"><li class=\"wp-block-jetpack-slideshow_slide swiper-slide\"><figure><img loading=\"lazy\" decoding=\"async\" width=\"1024\" height=\"576\" alt=\"\" class=\"wp-block-jetpack-slideshow_image wp-image-5219\" data-id=\"5219\" src=\"https:\/\/www.confederaciondelcobre.cl\/wp-content\/uploads\/2024\/07\/5e673e26-17c8-4366-9f8c-0bbd277a502d-1024x576.jpeg\" srcset=\"https:\/\/www.confederaciondelcobre.cl\/wp-content\/uploads\/2024\/07\/5e673e26-17c8-4366-9f8c-0bbd277a502d-1024x576.jpeg 1024w, https:\/\/www.confederaciondelcobre.cl\/wp-content\/uploads\/2024\/07\/5e673e26-17c8-4366-9f8c-0bbd277a502d-300x169.jpeg 300w, https:\/\/www.confederaciondelcobre.cl\/wp-content\/uploads\/2024\/07\/5e673e26-17c8-4366-9f8c-0bbd277a502d-768x432.jpeg 768w, https:\/\/www.confederaciondelcobre.cl\/wp-content\/uploads\/2024\/07\/5e673e26-17c8-4366-9f8c-0bbd277a502d-1536x864.jpeg 1536w, https:\/\/www.confederaciondelcobre.cl\/wp-content\/uploads\/2024\/07\/5e673e26-17c8-4366-9f8c-0bbd277a502d.jpeg 1600w\" sizes=\"auto, (max-width: 1024px) 100vw, 1024px\" \/><\/figure><\/li><li class=\"wp-block-jetpack-slideshow_slide swiper-slide\"><figure><img loading=\"lazy\" decoding=\"async\" width=\"1024\" height=\"576\" alt=\"\" class=\"wp-block-jetpack-slideshow_image wp-image-5220\" data-id=\"5220\" src=\"https:\/\/www.confederaciondelcobre.cl\/wp-content\/uploads\/2024\/07\/9a6b5349-887d-44c4-93dd-7661dbad1ccb-1024x576.jpeg\" srcset=\"https:\/\/www.confederaciondelcobre.cl\/wp-content\/uploads\/2024\/07\/9a6b5349-887d-44c4-93dd-7661dbad1ccb-1024x576.jpeg 1024w, https:\/\/www.confederaciondelcobre.cl\/wp-content\/uploads\/2024\/07\/9a6b5349-887d-44c4-93dd-7661dbad1ccb-300x169.jpeg 300w, https:\/\/www.confederaciondelcobre.cl\/wp-content\/uploads\/2024\/07\/9a6b5349-887d-44c4-93dd-7661dbad1ccb-768x432.jpeg 768w, https:\/\/www.confederaciondelcobre.cl\/wp-content\/uploads\/2024\/07\/9a6b5349-887d-44c4-93dd-7661dbad1ccb-1536x864.jpeg 1536w, https:\/\/www.confederaciondelcobre.cl\/wp-content\/uploads\/2024\/07\/9a6b5349-887d-44c4-93dd-7661dbad1ccb.jpeg 1600w\" sizes=\"auto, (max-width: 1024px) 100vw, 1024px\" \/><\/figure><\/li><li class=\"wp-block-jetpack-slideshow_slide swiper-slide\"><figure><img loading=\"lazy\" decoding=\"async\" width=\"1024\" height=\"576\" alt=\"\" class=\"wp-block-jetpack-slideshow_image wp-image-5222\" data-id=\"5222\" src=\"https:\/\/www.confederaciondelcobre.cl\/wp-content\/uploads\/2024\/07\/78b1f1b1-6a61-44a8-bd8e-ab60a5d8834e-1024x576.jpeg\" srcset=\"https:\/\/www.confederaciondelcobre.cl\/wp-content\/uploads\/2024\/07\/78b1f1b1-6a61-44a8-bd8e-ab60a5d8834e-1024x576.jpeg 1024w, https:\/\/www.confederaciondelcobre.cl\/wp-content\/uploads\/2024\/07\/78b1f1b1-6a61-44a8-bd8e-ab60a5d8834e-300x169.jpeg 300w, https:\/\/www.confederaciondelcobre.cl\/wp-content\/uploads\/2024\/07\/78b1f1b1-6a61-44a8-bd8e-ab60a5d8834e-768x432.jpeg 768w, https:\/\/www.confederaciondelcobre.cl\/wp-content\/uploads\/2024\/07\/78b1f1b1-6a61-44a8-bd8e-ab60a5d8834e-1536x864.jpeg 1536w, https:\/\/www.confederaciondelcobre.cl\/wp-content\/uploads\/2024\/07\/78b1f1b1-6a61-44a8-bd8e-ab60a5d8834e.jpeg 1600w\" sizes=\"auto, (max-width: 1024px) 100vw, 1024px\" \/><\/figure><\/li><li class=\"wp-block-jetpack-slideshow_slide swiper-slide\"><figure><img loading=\"lazy\" decoding=\"async\" width=\"1024\" height=\"576\" alt=\"\" class=\"wp-block-jetpack-slideshow_image wp-image-5221\" data-id=\"5221\" src=\"https:\/\/www.confederaciondelcobre.cl\/wp-content\/uploads\/2024\/07\/43ab4347-ee62-4af9-8d1d-b67e5524c220-1024x576.jpeg\" srcset=\"https:\/\/www.confederaciondelcobre.cl\/wp-content\/uploads\/2024\/07\/43ab4347-ee62-4af9-8d1d-b67e5524c220-1024x576.jpeg 1024w, https:\/\/www.confederaciondelcobre.cl\/wp-content\/uploads\/2024\/07\/43ab4347-ee62-4af9-8d1d-b67e5524c220-300x169.jpeg 300w, https:\/\/www.confederaciondelcobre.cl\/wp-content\/uploads\/2024\/07\/43ab4347-ee62-4af9-8d1d-b67e5524c220-768x432.jpeg 768w, https:\/\/www.confederaciondelcobre.cl\/wp-content\/uploads\/2024\/07\/43ab4347-ee62-4af9-8d1d-b67e5524c220.jpeg 1280w\" sizes=\"auto, (max-width: 1024px) 100vw, 1024px\" \/><\/figure><\/li><\/ul><a class=\"wp-block-jetpack-slideshow_button-prev swiper-button-prev swiper-button-white\" role=\"button\"><\/a><a class=\"wp-block-jetpack-slideshow_button-next swiper-button-next swiper-button-white\" role=\"button\"><\/a><a aria-label=\"Pause Slideshow\" class=\"wp-block-jetpack-slideshow_button-pause\" role=\"button\"><\/a><div class=\"wp-block-jetpack-slideshow_pagination swiper-pagination swiper-pagination-white\"><\/div><\/div><\/div><\/div>\n","protected":false},"excerpt":{"rendered":"<p>Como todos los a\u00f1os, el Centro de Extensi\u00f3n e Investigaci\u00f3n Luis Emilio Recabarren (CEILER) conmemor\u00f3, en esta oportunidad, el a\u00f1o 148 desde el natalicio del padre del movimiento obrero chileno: &hellip; <\/p>\n","protected":false},"author":2,"featured_media":5224,"comment_status":"closed","ping_status":"closed","sticky":false,"template":"","format":"standard","meta":{"jetpack_post_was_ever_published":false,"_jetpack_newsletter_access":"","_jetpack_dont_email_post_to_subs":false,"_jetpack_newsletter_tier_id":0,"_jetpack_memberships_contains_paywalled_content":false,"_jetpack_memberships_contains_paid_content":false,"footnotes":"","jetpack_publicize_message":"","jetpack_publicize_feature_enabled":false,"jetpack_social_post_already_shared":true,"jetpack_social_options":{"image_generator_settings":{"template":"highway","default_image_id":0,"enabled":false},"version":2}},"categories":[37,9,14,15,19],"tags":[],"class_list":["post-5213","post","type-post","status-publish","format-standard","has-post-thumbnail","hentry","category-memoriactc","category-confederacion","category-movimientos-sociales","category-nacional","category-trabajadores"],"jetpack_publicize_connections":[],"jetpack_featured_media_url":"https:\/\/www.confederaciondelcobre.cl\/wp-content\/uploads\/2024\/07\/Port-2.jpg","jetpack_sharing_enabled":true,"post_mailing_queue_ids":[],"_links":{"self":[{"href":"https:\/\/www.confederaciondelcobre.cl\/index.php\/wp-json\/wp\/v2\/posts\/5213","targetHints":{"allow":["GET"]}}],"collection":[{"href":"https:\/\/www.confederaciondelcobre.cl\/index.php\/wp-json\/wp\/v2\/posts"}],"about":[{"href":"https:\/\/www.confederaciondelcobre.cl\/index.php\/wp-json\/wp\/v2\/types\/post"}],"author":[{"embeddable":true,"href":"https:\/\/www.confederaciondelcobre.cl\/index.php\/wp-json\/wp\/v2\/users\/2"}],"replies":[{"embeddable":true,"href":"https:\/\/www.confederaciondelcobre.cl\/index.php\/wp-json\/wp\/v2\/comments?post=5213"}],"version-history":[{"count":8,"href":"https:\/\/www.confederaciondelcobre.cl\/index.php\/wp-json\/wp\/v2\/posts\/5213\/revisions"}],"predecessor-version":[{"id":5227,"href":"https:\/\/www.confederaciondelcobre.cl\/index.php\/wp-json\/wp\/v2\/posts\/5213\/revisions\/5227"}],"wp:featuredmedia":[{"embeddable":true,"href":"https:\/\/www.confederaciondelcobre.cl\/index.php\/wp-json\/wp\/v2\/media\/5224"}],"wp:attachment":[{"href":"https:\/\/www.confederaciondelcobre.cl\/index.php\/wp-json\/wp\/v2\/media?parent=5213"}],"wp:term":[{"taxonomy":"category","embeddable":true,"href":"https:\/\/www.confederaciondelcobre.cl\/index.php\/wp-json\/wp\/v2\/categories?post=5213"},{"taxonomy":"post_tag","embeddable":true,"href":"https:\/\/www.confederaciondelcobre.cl\/index.php\/wp-json\/wp\/v2\/tags?post=5213"}],"curies":[{"name":"wp","href":"https:\/\/api.w.org\/{rel}","templated":true}]}}