{"id":5229,"date":"2024-07-16T11:30:04","date_gmt":"2024-07-16T15:30:04","guid":{"rendered":"https:\/\/www.confederaciondelcobre.cl\/?p=5229"},"modified":"2024-07-16T11:30:06","modified_gmt":"2024-07-16T15:30:06","slug":"acuerdomarco-ctc-codelco-postulacion-a-fondo-unico-de-vivienda-concursable-proceso-2024","status":"publish","type":"post","link":"https:\/\/www.confederaciondelcobre.cl\/index.php\/2024\/07\/16\/acuerdomarco-ctc-codelco-postulacion-a-fondo-unico-de-vivienda-concursable-proceso-2024\/","title":{"rendered":"#AcuerdoMarco CTC-Codelco: postulaci\u00f3n a Fondo \u00danico de Vivienda Concursable, proceso 2024."},"content":{"rendered":"\n<p>Informamos que el proceso de <strong>postulaciones al Fondo \u00danico de Vivienda Concursable<\/strong>, proceso 2024, y que corresponde al Acuerdo Marco entre la Confederaci\u00f3n de Trabajadores del Cobre (CTC), Agema y Codelco, ya es se encuentra abierto e<strong> inicia hoy martes 16 de julio, con plazo hasta el viernes 16 de agosto del presente<\/strong>.  <\/p>\n\n\n\n<ul class=\"wp-block-list\">\n<li>El Fondo \u00danico de Vivienda Concursable es un derecho y beneficio&nbsp;<strong>para&nbsp;trabajadoras y trabajadores<\/strong>&nbsp;<strong>Contratistas y Subcontratistas que prestan servicios a Codelco<\/strong>,&nbsp;de manera permanente, continua y exclusiva en los recintos industriales o establecimientos productivos o administrativos de las Divisiones productivas y Casa Matriz de Codelco, por un per\u00edodo m\u00ednimo de un mes calendario.<\/li>\n\n\n\n<li>Este fondo\u00a0<strong>consiste en un aporte \u00fanico para la compra, construcci\u00f3n y\/\u00f3, prepago de dividendos o de cr\u00e9dito hipotecario\u00a0de la primera vivienda<\/strong>\u00a0del o la trabajadora.<\/li>\n<\/ul>\n\n\n\n<p><strong>Desde el a\u00f1o 2007 las y los trabajadores contratistas y subcontratistas de Codelco, adem\u00e1s de sus familias, tienen acceso a una variedad de beneficios, derechos laborales y sociales que establece el&nbsp;Acuerdo Marco entre la Confederaci\u00f3n de Trabajadores del Cobre (CTC), las empresas contratistas y Codelco. Esta conquista, cabe recordar, es de la clase trabajadora y ha sido \u00fanicamente gracias a la&nbsp;unidad, conciencia, organizaci\u00f3n y lucha&nbsp;de todas y todos quienes, agrupados en la CTC, lograron y han mantenido vigente, e incluso ampliado y mejorado el mencionado Acuerdo Marco.<\/strong><\/p>\n\n\n\n<ul class=\"wp-block-list\">\n<li><strong>Este 2024 se dispondr\u00e1 de 2.000 (dos mil) cupos por un monto de UF 40  (cuarenta Unidades de Fomento)<\/strong>&nbsp;<strong>cada uno.<\/strong><\/li>\n<\/ul>\n\n\n\n<p><strong>Para postular,&nbsp;se hace ingresando preferentemente desde un computador al sitio web de la OTIC de la C\u00e1mara Chilena de la Construcci\u00f3n&nbsp;<a href=\"https:\/\/www.oticdelaconstruccion.cl\/fondos2024\/\" target=\"_blank\" rel=\"noreferrer noopener\"><u>haciendo click aqu<\/u>\u00ed<\/a>. All\u00ed se encuentra y debe entrar a la secci\u00f3n \u201cFondos para la Primera Vivienda\u201d, donde el trabajador o trabajadora que postula debe ingresas los datos y antecedentes solicitados. Dentro de la misma secci\u00f3n (Fondos para la Primera Vivienda) tambi\u00e9n se encuentra m\u00e1s informaci\u00f3n sobre las Bases y Documentaci\u00f3n requerida.<\/strong><\/p>\n\n\n\n<p><strong>Los derechos y beneficios conquistados, gracias a la unidad, conciencia, organizaci\u00f3n y lucha de las y los trabajadores agrupados en la CTC<\/strong>,&nbsp;tienen el objetivo de&nbsp;<strong>mejorar nuestras condiciones laborales, sociales y de calidad de vida<\/strong>. Llamamos a todas y todos, entonces, &nbsp;<strong>a difundir esta informaci\u00f3n y proceso de postulaci\u00f3n entre sus compa\u00f1eras y compa\u00f1eros<\/strong>.<\/p>\n\n\n\n<p>Dejamos a continuaci\u00f3n, para su consideraci\u00f3n, calendario con el proceso completo:<\/p>\n\n\n\n<figure class=\"wp-block-image size-large\"><img loading=\"lazy\" decoding=\"async\" width=\"819\" height=\"1024\" src=\"https:\/\/www.confederaciondelcobre.cl\/wp-content\/uploads\/2024\/07\/Vivienda-CTC-2024-819x1024.png\" alt=\"\" class=\"wp-image-5273\" srcset=\"https:\/\/www.confederaciondelcobre.cl\/wp-content\/uploads\/2024\/07\/Vivienda-CTC-2024-819x1024.png 819w, https:\/\/www.confederaciondelcobre.cl\/wp-content\/uploads\/2024\/07\/Vivienda-CTC-2024-240x300.png 240w, https:\/\/www.confederaciondelcobre.cl\/wp-content\/uploads\/2024\/07\/Vivienda-CTC-2024-768x960.png 768w, https:\/\/www.confederaciondelcobre.cl\/wp-content\/uploads\/2024\/07\/Vivienda-CTC-2024.png 1080w\" sizes=\"auto, (max-width: 819px) 100vw, 819px\" \/><\/figure>\n","protected":false},"excerpt":{"rendered":"<p>Informamos que el proceso de postulaciones al Fondo \u00danico de Vivienda Concursable, proceso 2024, y que corresponde al Acuerdo Marco entre la Confederaci\u00f3n de Trabajadores del Cobre (CTC), Agema y &hellip; <\/p>\n","protected":false},"author":2,"featured_media":5232,"comment_status":"closed","ping_status":"closed","sticky":false,"template":"","format":"standard","meta":{"jetpack_post_was_ever_published":false,"_jetpack_newsletter_access":"","_jetpack_dont_email_post_to_subs":false,"_jetpack_newsletter_tier_id":0,"_jetpack_memberships_contains_paywalled_content":false,"_jetpack_memberships_contains_paid_content":false,"footnotes":"","jetpack_publicize_message":"","jetpack_publicize_feature_enabled":false,"jetpack_social_post_already_shared":true,"jetpack_social_options":{"image_generator_settings":{"template":"highway","default_image_id":0,"enabled":false},"version":2}},"categories":[5,23,9,21,19],"tags":[],"class_list":["post-5229","post","type-post","status-publish","format-standard","has-post-thumbnail","hentry","category-acuerdo-marco","category-acuerdo-marco-codelco","category-confederacion","category-federaciones","category-trabajadores"],"jetpack_publicize_connections":[],"jetpack_featured_media_url":"https:\/\/www.confederaciondelcobre.cl\/wp-content\/uploads\/2024\/07\/Port-3.jpg","jetpack_sharing_enabled":true,"post_mailing_queue_ids":[],"_links":{"self":[{"href":"https:\/\/www.confederaciondelcobre.cl\/index.php\/wp-json\/wp\/v2\/posts\/5229","targetHints":{"allow":["GET"]}}],"collection":[{"href":"https:\/\/www.confederaciondelcobre.cl\/index.php\/wp-json\/wp\/v2\/posts"}],"about":[{"href":"https:\/\/www.confederaciondelcobre.cl\/index.php\/wp-json\/wp\/v2\/types\/post"}],"author":[{"embeddable":true,"href":"https:\/\/www.confederaciondelcobre.cl\/index.php\/wp-json\/wp\/v2\/users\/2"}],"replies":[{"embeddable":true,"href":"https:\/\/www.confederaciondelcobre.cl\/index.php\/wp-json\/wp\/v2\/comments?post=5229"}],"version-history":[{"count":8,"href":"https:\/\/www.confederaciondelcobre.cl\/index.php\/wp-json\/wp\/v2\/posts\/5229\/revisions"}],"predecessor-version":[{"id":5274,"href":"https:\/\/www.confederaciondelcobre.cl\/index.php\/wp-json\/wp\/v2\/posts\/5229\/revisions\/5274"}],"wp:featuredmedia":[{"embeddable":true,"href":"https:\/\/www.confederaciondelcobre.cl\/index.php\/wp-json\/wp\/v2\/media\/5232"}],"wp:attachment":[{"href":"https:\/\/www.confederaciondelcobre.cl\/index.php\/wp-json\/wp\/v2\/media?parent=5229"}],"wp:term":[{"taxonomy":"category","embeddable":true,"href":"https:\/\/www.confederaciondelcobre.cl\/index.php\/wp-json\/wp\/v2\/categories?post=5229"},{"taxonomy":"post_tag","embeddable":true,"href":"https:\/\/www.confederaciondelcobre.cl\/index.php\/wp-json\/wp\/v2\/tags?post=5229"}],"curies":[{"name":"wp","href":"https:\/\/api.w.org\/{rel}","templated":true}]}}