{"id":5234,"date":"2024-07-10T15:26:59","date_gmt":"2024-07-10T19:26:59","guid":{"rendered":"https:\/\/www.confederaciondelcobre.cl\/?p=5234"},"modified":"2024-07-10T15:27:02","modified_gmt":"2024-07-10T19:27:02","slug":"ctc-asistio-a-cuenta-publica-del-congreso-nacional-2023-2024","status":"publish","type":"post","link":"https:\/\/www.confederaciondelcobre.cl\/index.php\/2024\/07\/10\/ctc-asistio-a-cuenta-publica-del-congreso-nacional-2023-2024\/","title":{"rendered":"CTC asisti\u00f3 a Cuenta P\u00fablica del Congreso Nacional, 2023-2024."},"content":{"rendered":"\n<p>Encabezada por la Presidenta de la C\u00e1mara de Diputadas y Diputados, Karol Cariola Oliva; y el Presidente del Senado, Jos\u00e9 Garc\u00eda Ruminot; adem\u00e1s de contar con la presencia del Presidente de la Rep\u00fablica, Gabriel Boric Font; y la asistencia, entre otros,  de la Confederaci\u00f3n de Trabajadores del Cobre (CTC), representada por su Presidenta, Ana Lamas Aguirre, el d\u00eda de hoy se llev\u00f3 a cabo la Cuenta P\u00fablica del Congreso Nacional correspondiente al per\u00edodo 2023-2024.<\/p>\n\n\n\n<p>El evento, realizado en el sal\u00f3n de honor del Senado en Valpara\u00edso, tuvo por objeto dar cuenta p\u00fablica al pa\u00eds sobre el trabajo legislativo correspondiente al \u00faltimo a\u00f1o. En la oportunidad, se expusieron balances de ambas Corporaciones en donde la Presidenta de la C\u00e1mara de Diputadas y Diputados, Karol Cariola, puso acento en la tarea constante e irrenunciable en torno a &#8220;mantener una consonancia permanente entre las demandas de la sociedad y las prioridades del parlamento&#8221;. Por su parte el Presidente del Senado, Jos\u00e9 Garc\u00eda, enfatiz\u00f3 en significativos avances que &#8220;no habr\u00edan sido posibles sin la agenda priorizada de seguridad, que nos demostr\u00f3 que cuando existe voluntad pol\u00edtica es posible alcanzar consensos que beneficien a todos los chilenos&#8221;.<\/p>\n\n\n\n<p>En tanto, Ana Lamas Aguirre, Presidenta de la CTC, quien asisti\u00f3 en calidad de invitada a la Cuenta P\u00fablica del Congreso Nacional, a la salida del evento expres\u00f3 su valoraci\u00f3n particularmente respecto a los avances en materia laboral. Si bien falta a\u00fan mas por recorrer en torno a la protecci\u00f3n y fortalecimiento de los derechos de las y los trabajadores, destac\u00f3 que por fin se haya ratificado del Convenio 176 de la OIT, sobre Seguridad y Salud en las Minas; como tambi\u00e9n la puesta en marcha del Convenio 190, sobre la violencia y el acoso en el mundo laboral. De igual modo, la Presidenta de la CTC record\u00f3 el anuncio presidencial sobre avanzar hacia la Negociaci\u00f3n Ramal o Multinivel en Chile. Al respecto, insisti\u00f3 en que como organizaci\u00f3n estamos absolutamente dispuestos a iniciar, cuanto antes, el necesario trabajo entre todas las partes para dar curso real y efectivo a lo se\u00f1alado.<\/p>\n\n\n\n<p>Finalmente, Ana Lamas Aguirre, salud\u00f3 el \u00faltimo aumento del salario m\u00ednimo a $500.000 en nuestro pa\u00eds, sin embargo indic\u00f3 que ya es hora de que se converse y avance hacia un Salario Vital, que supere la l\u00ednea de la pobreza.<\/p>\n\n\n<div class=\"wp-block-image\">\n<figure class=\"aligncenter size-large\"><img loading=\"lazy\" decoding=\"async\" width=\"1024\" height=\"768\" src=\"https:\/\/www.confederaciondelcobre.cl\/wp-content\/uploads\/2024\/07\/5aa6516e-a836-4a28-bf95-42a942f89b9c-1024x768.jpeg\" alt=\"\" class=\"wp-image-5237\" srcset=\"https:\/\/www.confederaciondelcobre.cl\/wp-content\/uploads\/2024\/07\/5aa6516e-a836-4a28-bf95-42a942f89b9c-1024x768.jpeg 1024w, https:\/\/www.confederaciondelcobre.cl\/wp-content\/uploads\/2024\/07\/5aa6516e-a836-4a28-bf95-42a942f89b9c-300x225.jpeg 300w, https:\/\/www.confederaciondelcobre.cl\/wp-content\/uploads\/2024\/07\/5aa6516e-a836-4a28-bf95-42a942f89b9c-768x576.jpeg 768w, https:\/\/www.confederaciondelcobre.cl\/wp-content\/uploads\/2024\/07\/5aa6516e-a836-4a28-bf95-42a942f89b9c-1536x1152.jpeg 1536w, https:\/\/www.confederaciondelcobre.cl\/wp-content\/uploads\/2024\/07\/5aa6516e-a836-4a28-bf95-42a942f89b9c.jpeg 1600w\" sizes=\"auto, (max-width: 1024px) 100vw, 1024px\" \/><figcaption class=\"wp-element-caption\">Cuenta P\u00fablica del Congreso Nacional 2023-2024. Sal\u00f3n de honor del Congreso &#8211; Valpara\u00edso.<\/figcaption><\/figure><\/div>","protected":false},"excerpt":{"rendered":"<p>Encabezada por la Presidenta de la C\u00e1mara de Diputadas y Diputados, Karol Cariola Oliva; y el Presidente del Senado, Jos\u00e9 Garc\u00eda Ruminot; adem\u00e1s de contar con la presencia del Presidente &hellip; <\/p>\n","protected":false},"author":2,"featured_media":5236,"comment_status":"closed","ping_status":"closed","sticky":false,"template":"","format":"standard","meta":{"jetpack_post_was_ever_published":false,"_jetpack_newsletter_access":"","_jetpack_dont_email_post_to_subs":false,"_jetpack_newsletter_tier_id":0,"_jetpack_memberships_contains_paywalled_content":false,"_jetpack_memberships_contains_paid_content":false,"footnotes":"","jetpack_publicize_message":"","jetpack_publicize_feature_enabled":false,"jetpack_social_post_already_shared":true,"jetpack_social_options":{"image_generator_settings":{"template":"highway","default_image_id":0,"enabled":false},"version":2}},"categories":[9,15],"tags":[],"class_list":["post-5234","post","type-post","status-publish","format-standard","has-post-thumbnail","hentry","category-confederacion","category-nacional"],"jetpack_publicize_connections":[],"jetpack_featured_media_url":"https:\/\/www.confederaciondelcobre.cl\/wp-content\/uploads\/2024\/07\/Port-4.jpg","jetpack_sharing_enabled":true,"post_mailing_queue_ids":[],"_links":{"self":[{"href":"https:\/\/www.confederaciondelcobre.cl\/index.php\/wp-json\/wp\/v2\/posts\/5234","targetHints":{"allow":["GET"]}}],"collection":[{"href":"https:\/\/www.confederaciondelcobre.cl\/index.php\/wp-json\/wp\/v2\/posts"}],"about":[{"href":"https:\/\/www.confederaciondelcobre.cl\/index.php\/wp-json\/wp\/v2\/types\/post"}],"author":[{"embeddable":true,"href":"https:\/\/www.confederaciondelcobre.cl\/index.php\/wp-json\/wp\/v2\/users\/2"}],"replies":[{"embeddable":true,"href":"https:\/\/www.confederaciondelcobre.cl\/index.php\/wp-json\/wp\/v2\/comments?post=5234"}],"version-history":[{"count":2,"href":"https:\/\/www.confederaciondelcobre.cl\/index.php\/wp-json\/wp\/v2\/posts\/5234\/revisions"}],"predecessor-version":[{"id":5238,"href":"https:\/\/www.confederaciondelcobre.cl\/index.php\/wp-json\/wp\/v2\/posts\/5234\/revisions\/5238"}],"wp:featuredmedia":[{"embeddable":true,"href":"https:\/\/www.confederaciondelcobre.cl\/index.php\/wp-json\/wp\/v2\/media\/5236"}],"wp:attachment":[{"href":"https:\/\/www.confederaciondelcobre.cl\/index.php\/wp-json\/wp\/v2\/media?parent=5234"}],"wp:term":[{"taxonomy":"category","embeddable":true,"href":"https:\/\/www.confederaciondelcobre.cl\/index.php\/wp-json\/wp\/v2\/categories?post=5234"},{"taxonomy":"post_tag","embeddable":true,"href":"https:\/\/www.confederaciondelcobre.cl\/index.php\/wp-json\/wp\/v2\/tags?post=5234"}],"curies":[{"name":"wp","href":"https:\/\/api.w.org\/{rel}","templated":true}]}}