{"id":5245,"date":"2024-07-11T11:39:24","date_gmt":"2024-07-11T15:39:24","guid":{"rendered":"https:\/\/www.confederaciondelcobre.cl\/?p=5245"},"modified":"2024-07-11T11:39:26","modified_gmt":"2024-07-11T15:39:26","slug":"reflexiones-y-desafios-a-53-anos-de-la-nacionalizacion-del-cobre-en-chile-por-ana-lamas-aguirre-presidenta-de-la-ctc","status":"publish","type":"post","link":"https:\/\/www.confederaciondelcobre.cl\/index.php\/2024\/07\/11\/reflexiones-y-desafios-a-53-anos-de-la-nacionalizacion-del-cobre-en-chile-por-ana-lamas-aguirre-presidenta-de-la-ctc\/","title":{"rendered":"Reflexiones y desaf\u00edos a 53 a\u00f1os de la nacionalizaci\u00f3n del cobre en Chile, por Ana Lamas Aguirre, Presidenta de la CTC."},"content":{"rendered":"\n<p>Hoy, 11 de julio de 2024, se cumplen 53 a\u00f1os desde la hist\u00f3rica nacionalizaci\u00f3n del cobre en Chile, un hito que marc\u00f3 un antes y un despu\u00e9s en nuestra historia econ\u00f3mica y social. Esta fecha nos invita a reflexionar sobre el legado de aquella decisi\u00f3n llevada a cabo durante el gobierno de la Unidad Popular, encabezada por el Presidente Salvador Allende, y a analizar los desaf\u00edos que enfrentamos en la actualidad. Asimismo, recordamos con dolor y respeto a todas y todos quienes perdieron la vida en los a\u00f1os oscuros de la dictadura civil-militar que sigui\u00f3 a esta \u00e9poca de cambios y transformaciones.<\/p>\n\n\n\n<p><strong>Un Legado de Soberan\u00eda y Lucha<\/strong><\/p>\n\n\n\n<p>La nacionalizaci\u00f3n del cobre en 1971, durante el gobierno de Salvador Allende, represent\u00f3 un acto de soberan\u00eda y justicia social, devolviendo a Chile el control sobre sus recursos naturales m\u00e1s valiosos. Dicho acto fue un reconocimiento del derecho del pueblo chileno a beneficiarse directamente de su riqueza mineral, impulsando el desarrollo econ\u00f3mico y mejorando la calidad de vida de millones de chilenas y chilenos.<\/p>\n\n\n\n<p>Sin embargo, solo dos a\u00f1os despu\u00e9s, el golpe civil-militar de septiembre de 1973 trunc\u00f3 el Gobierno Popular, sumiendo a Chile en una dictadura que dej\u00f3 un legado de represi\u00f3n, tortura, asesinatos, desapariciones y exilio, entre tantas y tantas aberraciones m\u00e1s. En este contexto, es fundamental recordar y honrar a los m\u00e1rtires de esa \u00e9poca, muchas veces olvidados, y denunciar tambi\u00e9n que muchos culpables a\u00fan siguen impunes.<\/p>\n\n\n\n<p>Entre los valientes que perdieron la vida, recordamos a David Silverman, Gerente General de Chuquicamata; a Ricardo Garc\u00eda, Gerente General de El Salvador; y a Benito Tapia, obrero y dirigente sindical de El Salvador. Su sacrificio y lucha por la justicia y dignidad no deben ser olvidados jam\u00e1s.<\/p>\n\n\n\n<p><strong>El retroceso y la entrega del cobre.<\/strong><\/p>\n\n\n\n<p>Es impactante que, durante la dictadura civil-militar, el cobre permaneciera en manos del Estado, para luego ser entregado progresivamente a las grandes transnacionales durante los gobiernos democr\u00e1ticos que siguieron. Los gobiernos de Patricio Aylwin, Eduardo Frei Ruiz-Tagle y Ricardo Lagos, entre 1990 y 2005, implementaron el concepto de \u201cConcesi\u00f3n Plena\u201d, ideado en la dictadura por Jos\u00e9 Pi\u00f1era, Ministro de Miner\u00eda de Pinochet.<\/p>\n\n\n\n<p>Actualmente, solo entre el 27% y 28% de la producci\u00f3n de cobre est\u00e1 a cargo de Codelco, mientras que m\u00e1s del 70% se encuentra en manos de empresas extranjeras. Esto contrasta de manera muy triste con el esp\u00edritu de la reforma constitucional que permiti\u00f3 la nacionalizaci\u00f3n del cobre en 1971, que establec\u00eda que \u201cel Estado tiene el dominio absoluto, exclusivo, inalienable e imprescriptible de todas las minas\u201d.<\/p>\n\n\n\n<p>El cobre sigue siendo la principal riqueza b\u00e1sica de Chile, representando aproximadamente el 60% de nuestras exportaciones y el 30% de las reservas mundiales. Adem\u00e1s del cobre, otros subproductos valiosos como la plata, el oro, el molibdeno y las llamadas <em>tierras raras<\/em> (lantano, cerio, neodimio, europio, iterbio y lutecio, entre otros) son elementos imprescindibles para las tecnolog\u00edas actuales, que se venden por lejos m\u00e1s caras que el cobre y se explotan en nuestro suelo beneficiando principalmente a capitalistas extranjeros.<\/p>\n\n\n\n<p><strong>Propuestas y llamado a la acci\u00f3n.<\/strong><\/p>\n\n\n\n<p>Si bien la aprobaci\u00f3n del royalty minero en 2023 representa un avance significativo, no es suficiente. El \u201cSueldo de Chile\u201d, como lo llam\u00f3 el Presidente m\u00e1rtir, Salvador Allende, debe ser cobrado por Chile y es imperativo avanzar hacia la renacionalizaci\u00f3n del cobre, no solo por razones econ\u00f3micas, sino tambi\u00e9n por soberan\u00eda y dignidad.<\/p>\n\n\n\n<p>Como organizaci\u00f3n nacional representativa de las trabajadoras y trabajadores contratistas y subcontratistas del cobre en Chile, desde nuestra fundaci\u00f3n hemos levantado, entre otras, la bandera por la recuperaci\u00f3n de nuestros recursos naturales estrat\u00e9gicos, principalmente el cobre, pero tambi\u00e9n el litio, el agua y otros. Sobre el cobre, que es la principal riqueza de nuestro pa\u00eds, planteamos y proponemos lo siguiente:<\/p>\n\n\n\n<ol class=\"wp-block-list\" start=\"1\">\n<li><strong>Renacionalizaci\u00f3n del Cobre<\/strong>: recuperar el control estatal sobre la totalidad de la producci\u00f3n de cobre y sus subproductos, asegurando que las ganancias beneficien directamente al pueblo chileno;<\/li>\n\n\n\n<li><strong>Transparencia y Gesti\u00f3n Eficiente<\/strong>: implementar pol\u00edticas de transparencia y rendici\u00f3n de cuentas en la gesti\u00f3n de Codelco y otras entidades estatales, garantizando el uso eficiente y \u00e9tico de nuestros recursos;<\/li>\n\n\n\n<li><strong>Inversi\u00f3n en Tecnolog\u00eda y Sustentabilidad<\/strong>: fomentar la investigaci\u00f3n y desarrollo de tecnolog\u00edas que optimicen la extracci\u00f3n y procesamiento del cobre de manera sustentable, minimizando el impacto ambiental y generando valor agregado;<\/li>\n\n\n\n<li><strong>Diversificaci\u00f3n Econ\u00f3mica<\/strong>: promover la diversificaci\u00f3n de nuestra econom\u00eda, reduciendo la dependencia del cobre y desarrollando otros sectores productivos que generen empleo y bienestar;<\/li>\n\n\n\n<li><strong>Educaci\u00f3n y Capacitaci\u00f3n<\/strong>: invertir en la formaci\u00f3n de profesionales y t\u00e9cnicos especializados en miner\u00eda y gesti\u00f3n de recursos naturales, fortaleciendo la capacidad de nuestra fuerza laboral.<\/li>\n<\/ol>\n\n\n\n<p>En este aniversario, n\u00famero 53 de la gran gesta por nuestra soberan\u00eda, hacemos un llamado a todos los sectores de la sociedad chilena a unirse en un esfuerzo conjunto para preservar y potenciar el legado de la nacionalizaci\u00f3n del cobre. Es responsabilidad de todos los l\u00edderes, sean pol\u00edticos, empresarios, trabajadores y ciudadanos, asegurar que la riqueza de nuestro pa\u00eds beneficie a todos y no solo a unos pocos, donde el fortalecimiento de pol\u00edticas p\u00fablicas en torno a mejorar la salud, vivienda, educaci\u00f3n y pensiones sea realmente una prioridad. Adem\u00e1s, y para tambi\u00e9n robustecer la democracia y distribuci\u00f3n de la riqueza en nuestro pa\u00eds, se debe avanzar decididamente hacia la Negociaci\u00f3n Ramal y el establecimiento de un Salario Vital que est\u00e9 por sobre la l\u00ednea de la pobreza.<\/p>\n\n\n\n<p>El cobre es y debe seguir siendo el patrimonio de todas y todos los chilenos. Renacionalizar el cobre es una necesidad urgente y un acto de justicia hist\u00f3rica. \u00a1Que este aniversario nos inspire a luchar por un Chile m\u00e1s soberano, justo y pr\u00f3spero! \u00a1Todas y todos a renacionalizar el cobre!<\/p>\n\n\n\n<hr class=\"wp-block-separator has-alpha-channel-opacity\"\/>\n\n\n\n<p><strong>Ana Lamas Aguirre, Presidenta de la Confederaci\u00f3n de Trabajadores del Cobre (CTC-Chile).<\/strong><\/p>\n","protected":false},"excerpt":{"rendered":"<p>Hoy, 11 de julio de 2024, se cumplen 53 a\u00f1os desde la hist\u00f3rica nacionalizaci\u00f3n del cobre en Chile, un hito que marc\u00f3 un antes y un despu\u00e9s en nuestra historia &hellip; <\/p>\n","protected":false},"author":2,"featured_media":5249,"comment_status":"closed","ping_status":"closed","sticky":false,"template":"","format":"standard","meta":{"jetpack_post_was_ever_published":false,"_jetpack_newsletter_access":"","_jetpack_dont_email_post_to_subs":false,"_jetpack_newsletter_tier_id":0,"_jetpack_memberships_contains_paywalled_content":false,"_jetpack_memberships_contains_paid_content":false,"footnotes":"","jetpack_publicize_message":"","jetpack_publicize_feature_enabled":false,"jetpack_social_post_already_shared":true,"jetpack_social_options":{"image_generator_settings":{"template":"highway","default_image_id":0,"enabled":false},"version":2}},"categories":[37,7,9,36,35,21,14,15,39,19],"tags":[],"class_list":["post-5245","post","type-post","status-publish","format-standard","has-post-thumbnail","hentry","category-memoriactc","category-columa-de-opinion","category-confederacion","category-el-cobre-para-chile","category-el-litio-para-chile","category-federaciones","category-movimientos-sociales","category-nacional","category-sindicatos","category-trabajadores"],"jetpack_publicize_connections":[],"jetpack_featured_media_url":"https:\/\/www.confederaciondelcobre.cl\/wp-content\/uploads\/2024\/07\/Port-6.jpg","jetpack_sharing_enabled":true,"post_mailing_queue_ids":[],"_links":{"self":[{"href":"https:\/\/www.confederaciondelcobre.cl\/index.php\/wp-json\/wp\/v2\/posts\/5245","targetHints":{"allow":["GET"]}}],"collection":[{"href":"https:\/\/www.confederaciondelcobre.cl\/index.php\/wp-json\/wp\/v2\/posts"}],"about":[{"href":"https:\/\/www.confederaciondelcobre.cl\/index.php\/wp-json\/wp\/v2\/types\/post"}],"author":[{"embeddable":true,"href":"https:\/\/www.confederaciondelcobre.cl\/index.php\/wp-json\/wp\/v2\/users\/2"}],"replies":[{"embeddable":true,"href":"https:\/\/www.confederaciondelcobre.cl\/index.php\/wp-json\/wp\/v2\/comments?post=5245"}],"version-history":[{"count":4,"href":"https:\/\/www.confederaciondelcobre.cl\/index.php\/wp-json\/wp\/v2\/posts\/5245\/revisions"}],"predecessor-version":[{"id":5250,"href":"https:\/\/www.confederaciondelcobre.cl\/index.php\/wp-json\/wp\/v2\/posts\/5245\/revisions\/5250"}],"wp:featuredmedia":[{"embeddable":true,"href":"https:\/\/www.confederaciondelcobre.cl\/index.php\/wp-json\/wp\/v2\/media\/5249"}],"wp:attachment":[{"href":"https:\/\/www.confederaciondelcobre.cl\/index.php\/wp-json\/wp\/v2\/media?parent=5245"}],"wp:term":[{"taxonomy":"category","embeddable":true,"href":"https:\/\/www.confederaciondelcobre.cl\/index.php\/wp-json\/wp\/v2\/categories?post=5245"},{"taxonomy":"post_tag","embeddable":true,"href":"https:\/\/www.confederaciondelcobre.cl\/index.php\/wp-json\/wp\/v2\/tags?post=5245"}],"curies":[{"name":"wp","href":"https:\/\/api.w.org\/{rel}","templated":true}]}}