{"id":5251,"date":"2024-07-12T13:50:13","date_gmt":"2024-07-12T17:50:13","guid":{"rendered":"https:\/\/www.confederaciondelcobre.cl\/?p=5251"},"modified":"2024-07-12T13:51:39","modified_gmt":"2024-07-12T17:51:39","slug":"se-conmemoraron-en-iquique-53-anos-de-la-nacionalizacion-del-cobre","status":"publish","type":"post","link":"https:\/\/www.confederaciondelcobre.cl\/index.php\/2024\/07\/12\/se-conmemoraron-en-iquique-53-anos-de-la-nacionalizacion-del-cobre\/","title":{"rendered":"Se conmemoraron en Iquique 53 a\u00f1os de la Nacionalizaci\u00f3n del Cobre."},"content":{"rendered":"\n<p>El d\u00eda de ayer, mi\u00e9rcoles 11 de julio, se conmemoraron 53 a\u00f1os desde que el cobre, nuestra principal riqueza, fuera nacionalizado durante el gobierno de la Unidad Popular, encabezado por el Presidente Salvador Allende.<\/p>\n\n\n\n<p>Fue en la sede de la Central Unitaria de Trabajadores (CUT) de Iquique donde se llev\u00f3 a cabo el Conversatorio &#8220;250 a\u00f1os de movilizaci\u00f3n social en la miner\u00eda del sur andino&#8221;, que fue organizado por la CUT en conjunto con la Confederaci\u00f3n de Trabajadores del Cobre (CTC). El conversatorio cont\u00f3 con exposiciones a cargo de la Doctora en Historia, Ivanna Margarucci; y los licenciados en Historia, Karelia Cerda y Dami\u00e1n Lo.<\/p>\n\n\n\n<p>La conmemoraci\u00f3n parti\u00f3 con palabras de bienvenida de parte de la Presidenta de la CUT de Iquique, Esmeralda Contreras; y continu\u00f3 con una breve rese\u00f1a, a cargo de la Directora Nacional de la CTC, Sandra Silva Capiona, en homenaje a Nelson Quichillao L\u00f3pez: trabajador subcontratado del cobre, socio de la CTC, asesinado en 2015 por fuerzas del Estado mientras se manifestaba junto a sus compa\u00f1eras y compa\u00f1eros de trabajo por mejores condiciones laborales.<\/p>\n\n\n\n<figure class=\"wp-block-image size-large\"><img loading=\"lazy\" decoding=\"async\" width=\"1024\" height=\"768\" src=\"https:\/\/www.confederaciondelcobre.cl\/wp-content\/uploads\/2024\/07\/16d829d8-db9b-4567-a53e-d10a19a1b269-1024x768.jpeg\" alt=\"\" class=\"wp-image-5259\" srcset=\"https:\/\/www.confederaciondelcobre.cl\/wp-content\/uploads\/2024\/07\/16d829d8-db9b-4567-a53e-d10a19a1b269-1024x768.jpeg 1024w, https:\/\/www.confederaciondelcobre.cl\/wp-content\/uploads\/2024\/07\/16d829d8-db9b-4567-a53e-d10a19a1b269-300x225.jpeg 300w, https:\/\/www.confederaciondelcobre.cl\/wp-content\/uploads\/2024\/07\/16d829d8-db9b-4567-a53e-d10a19a1b269-768x576.jpeg 768w, https:\/\/www.confederaciondelcobre.cl\/wp-content\/uploads\/2024\/07\/16d829d8-db9b-4567-a53e-d10a19a1b269-1536x1152.jpeg 1536w, https:\/\/www.confederaciondelcobre.cl\/wp-content\/uploads\/2024\/07\/16d829d8-db9b-4567-a53e-d10a19a1b269.jpeg 1600w\" sizes=\"auto, (max-width: 1024px) 100vw, 1024px\" \/><\/figure>\n\n\n\n<p>Junto con hacer un repaso hist\u00f3rico del proceso de nacionalizaci\u00f3n del cobre en nuestro pa\u00eds, la exposici\u00f3n  abord\u00f3, tambi\u00e9n desde una perspectiva hist\u00f3rica, el movimiento social y sindical en el norte andino, como tambi\u00e9n el legado de Teresa Flores y la importancia de la participaci\u00f3n de la mujer en pol\u00edtica y sindicalismo.<\/p>\n\n\n\n<p>A 53 a\u00f1os de la nacionalizaci\u00f3n del cobre, llevada a cabo durante el gobierno de Salvador Allende, las y los presentes coincidieron en que ambos -el gobierno de la Unidad Popular y nacionalizaci\u00f3n del cobre- fueron fruto de a\u00f1os de trabajo y acumulaci\u00f3n de fuerzas de la clase trabajadora de nuestro pa\u00eds. En ese sentido, y para finalizar, se reivindic\u00f3 la necesidad e importancia de fortalecer a\u00fan m\u00e1s la organizaci\u00f3n de las y los trabajadores.<\/p>\n\n\n\n<figure class=\"wp-block-image size-large\"><img loading=\"lazy\" decoding=\"async\" width=\"1024\" height=\"576\" src=\"https:\/\/www.confederaciondelcobre.cl\/wp-content\/uploads\/2024\/07\/818f8122-f66f-4112-8e24-7ba89d959341-1024x576.jpeg\" alt=\"\" class=\"wp-image-5260\" srcset=\"https:\/\/www.confederaciondelcobre.cl\/wp-content\/uploads\/2024\/07\/818f8122-f66f-4112-8e24-7ba89d959341-1024x576.jpeg 1024w, https:\/\/www.confederaciondelcobre.cl\/wp-content\/uploads\/2024\/07\/818f8122-f66f-4112-8e24-7ba89d959341-300x169.jpeg 300w, https:\/\/www.confederaciondelcobre.cl\/wp-content\/uploads\/2024\/07\/818f8122-f66f-4112-8e24-7ba89d959341-768x432.jpeg 768w, https:\/\/www.confederaciondelcobre.cl\/wp-content\/uploads\/2024\/07\/818f8122-f66f-4112-8e24-7ba89d959341.jpeg 1280w\" sizes=\"auto, (max-width: 1024px) 100vw, 1024px\" \/><\/figure>\n","protected":false},"excerpt":{"rendered":"<p>El d\u00eda de ayer, mi\u00e9rcoles 11 de julio, se conmemoraron 53 a\u00f1os desde que el cobre, nuestra principal riqueza, fuera nacionalizado durante el gobierno de la Unidad Popular, encabezado por &hellip; <\/p>\n","protected":false},"author":2,"featured_media":5258,"comment_status":"closed","ping_status":"closed","sticky":false,"template":"","format":"standard","meta":{"jetpack_post_was_ever_published":false,"_jetpack_newsletter_access":"","_jetpack_dont_email_post_to_subs":false,"_jetpack_newsletter_tier_id":0,"_jetpack_memberships_contains_paywalled_content":false,"_jetpack_memberships_contains_paid_content":false,"footnotes":"","jetpack_publicize_message":"","jetpack_publicize_feature_enabled":false,"jetpack_social_post_already_shared":true,"jetpack_social_options":{"image_generator_settings":{"template":"highway","default_image_id":0,"enabled":false},"version":2}},"categories":[37,9,36,35,21,22,14,15,32,19],"tags":[],"class_list":["post-5251","post","type-post","status-publish","format-standard","has-post-thumbnail","hentry","category-memoriactc","category-confederacion","category-el-cobre-para-chile","category-el-litio-para-chile","category-federaciones","category-feminort","category-movimientos-sociales","category-nacional","category-nelson-quichillao","category-trabajadores"],"jetpack_publicize_connections":[],"jetpack_featured_media_url":"https:\/\/www.confederaciondelcobre.cl\/wp-content\/uploads\/2024\/07\/Port-8.jpg","jetpack_sharing_enabled":true,"post_mailing_queue_ids":[],"_links":{"self":[{"href":"https:\/\/www.confederaciondelcobre.cl\/index.php\/wp-json\/wp\/v2\/posts\/5251","targetHints":{"allow":["GET"]}}],"collection":[{"href":"https:\/\/www.confederaciondelcobre.cl\/index.php\/wp-json\/wp\/v2\/posts"}],"about":[{"href":"https:\/\/www.confederaciondelcobre.cl\/index.php\/wp-json\/wp\/v2\/types\/post"}],"author":[{"embeddable":true,"href":"https:\/\/www.confederaciondelcobre.cl\/index.php\/wp-json\/wp\/v2\/users\/2"}],"replies":[{"embeddable":true,"href":"https:\/\/www.confederaciondelcobre.cl\/index.php\/wp-json\/wp\/v2\/comments?post=5251"}],"version-history":[{"count":4,"href":"https:\/\/www.confederaciondelcobre.cl\/index.php\/wp-json\/wp\/v2\/posts\/5251\/revisions"}],"predecessor-version":[{"id":5262,"href":"https:\/\/www.confederaciondelcobre.cl\/index.php\/wp-json\/wp\/v2\/posts\/5251\/revisions\/5262"}],"wp:featuredmedia":[{"embeddable":true,"href":"https:\/\/www.confederaciondelcobre.cl\/index.php\/wp-json\/wp\/v2\/media\/5258"}],"wp:attachment":[{"href":"https:\/\/www.confederaciondelcobre.cl\/index.php\/wp-json\/wp\/v2\/media?parent=5251"}],"wp:term":[{"taxonomy":"category","embeddable":true,"href":"https:\/\/www.confederaciondelcobre.cl\/index.php\/wp-json\/wp\/v2\/categories?post=5251"},{"taxonomy":"post_tag","embeddable":true,"href":"https:\/\/www.confederaciondelcobre.cl\/index.php\/wp-json\/wp\/v2\/tags?post=5251"}],"curies":[{"name":"wp","href":"https:\/\/api.w.org\/{rel}","templated":true}]}}