{"id":5253,"date":"2024-07-12T12:43:02","date_gmt":"2024-07-12T16:43:02","guid":{"rendered":"https:\/\/www.confederaciondelcobre.cl\/?p=5253"},"modified":"2024-07-12T12:43:04","modified_gmt":"2024-07-12T16:43:04","slug":"comunicadoctc-ctc-saluda-huelga-de-trabajadoras-y-trabajadores-de-empresa-walmart-chile","status":"publish","type":"post","link":"https:\/\/www.confederaciondelcobre.cl\/index.php\/2024\/07\/12\/comunicadoctc-ctc-saluda-huelga-de-trabajadoras-y-trabajadores-de-empresa-walmart-chile\/","title":{"rendered":"#ComunicadoCTC | CTC saluda Huelga de trabajadoras y trabajadores de empresa Walmart Chile."},"content":{"rendered":"\n<p class=\"has-text-align-center\"><strong>A LOS TRABAJADORES Y TRABAJADORAS DE LA EMPRESA WALMART CHILE<\/strong><\/p>\n\n\n\n<p>Queridas compa\u00f1eras y compa\u00f1eros:<\/p>\n\n\n\n<p>La Confederaci\u00f3n de Trabajadores del Cobre, organizaci\u00f3n nacional de trabajadoras y trabajadores subcontratados de la miner\u00eda del cobre, en representaci\u00f3n de nuestras bases, y junto con enviar nuestro m\u00e1s sincero y fraternal saludo, manifestamos a ustedes nuestra absoluta solidaridad en esta valiente y justa huelga legal que est\u00e1n llevando a cabo a trav\u00e9s de todo el pa\u00eds.<\/p>\n\n\n\n<p>Sabemos, por experiencia propia, que no es f\u00e1cil sostener una huelga de car\u00e1cter nacional. La huelga, que para las y los trabajadores es nuestra hist\u00f3rica herramienta de lucha, es y seguir\u00e1 siendo irrenunciable; y al observar vuestra movilizaci\u00f3n reconocemos en ustedes la gran unidad, cohesi\u00f3n y fuerza que est\u00e1n demostrando ante todo el pa\u00eds. No nos cabe duda que alcanzar\u00e1n con \u00e9xito los objetivos que se han propuesto.<\/p>\n\n\n\n<p>Compa\u00f1eras y compa\u00f1eros, cuenten con nuestro apoyo y respaldo.<\/p>\n\n\n\n<p>Un fraternal abrazo.<\/p>\n\n\n\n<p class=\"has-text-align-center\"><strong>CONFEDERACI\u00d3N DE TRABAJADORES DEL COBRE<\/strong><\/p>\n\n\n\n<p class=\"has-text-align-right\">Chile, Julio de 2024.<\/p>\n\n\n\n<figure class=\"wp-block-image size-large\"><img loading=\"lazy\" decoding=\"async\" width=\"730\" height=\"1024\" src=\"https:\/\/www.confederaciondelcobre.cl\/wp-content\/uploads\/2024\/07\/Saludo-CTC_Huelga-SindWalmartChile-12.07-copia-730x1024.png\" alt=\"\" class=\"wp-image-5254\" srcset=\"https:\/\/www.confederaciondelcobre.cl\/wp-content\/uploads\/2024\/07\/Saludo-CTC_Huelga-SindWalmartChile-12.07-copia-730x1024.png 730w, https:\/\/www.confederaciondelcobre.cl\/wp-content\/uploads\/2024\/07\/Saludo-CTC_Huelga-SindWalmartChile-12.07-copia-214x300.png 214w, https:\/\/www.confederaciondelcobre.cl\/wp-content\/uploads\/2024\/07\/Saludo-CTC_Huelga-SindWalmartChile-12.07-copia-768x1077.png 768w, https:\/\/www.confederaciondelcobre.cl\/wp-content\/uploads\/2024\/07\/Saludo-CTC_Huelga-SindWalmartChile-12.07-copia.png 770w\" sizes=\"auto, (max-width: 730px) 100vw, 730px\" \/><\/figure>\n","protected":false},"excerpt":{"rendered":"<p>A LOS TRABAJADORES Y TRABAJADORAS DE LA EMPRESA WALMART CHILE Queridas compa\u00f1eras y compa\u00f1eros: La Confederaci\u00f3n de Trabajadores del Cobre, organizaci\u00f3n nacional de trabajadoras y trabajadores subcontratados de la miner\u00eda &hellip; <\/p>\n","protected":false},"author":2,"featured_media":5255,"comment_status":"closed","ping_status":"closed","sticky":false,"template":"","format":"standard","meta":{"jetpack_post_was_ever_published":false,"_jetpack_newsletter_access":"","_jetpack_dont_email_post_to_subs":false,"_jetpack_newsletter_tier_id":0,"_jetpack_memberships_contains_paywalled_content":false,"_jetpack_memberships_contains_paid_content":false,"footnotes":"","jetpack_publicize_message":"","jetpack_publicize_feature_enabled":false,"jetpack_social_post_already_shared":true,"jetpack_social_options":{"image_generator_settings":{"template":"highway","default_image_id":0,"enabled":false},"version":2}},"categories":[8,9,15,20,39,19],"tags":[],"class_list":["post-5253","post","type-post","status-publish","format-standard","has-post-thumbnail","hentry","category-comunicado","category-confederacion","category-nacional","category-negociacion-colectiva","category-sindicatos","category-trabajadores"],"jetpack_publicize_connections":[],"jetpack_featured_media_url":"https:\/\/www.confederaciondelcobre.cl\/wp-content\/uploads\/2024\/07\/Port-7.jpg","jetpack_sharing_enabled":true,"post_mailing_queue_ids":[],"_links":{"self":[{"href":"https:\/\/www.confederaciondelcobre.cl\/index.php\/wp-json\/wp\/v2\/posts\/5253","targetHints":{"allow":["GET"]}}],"collection":[{"href":"https:\/\/www.confederaciondelcobre.cl\/index.php\/wp-json\/wp\/v2\/posts"}],"about":[{"href":"https:\/\/www.confederaciondelcobre.cl\/index.php\/wp-json\/wp\/v2\/types\/post"}],"author":[{"embeddable":true,"href":"https:\/\/www.confederaciondelcobre.cl\/index.php\/wp-json\/wp\/v2\/users\/2"}],"replies":[{"embeddable":true,"href":"https:\/\/www.confederaciondelcobre.cl\/index.php\/wp-json\/wp\/v2\/comments?post=5253"}],"version-history":[{"count":1,"href":"https:\/\/www.confederaciondelcobre.cl\/index.php\/wp-json\/wp\/v2\/posts\/5253\/revisions"}],"predecessor-version":[{"id":5256,"href":"https:\/\/www.confederaciondelcobre.cl\/index.php\/wp-json\/wp\/v2\/posts\/5253\/revisions\/5256"}],"wp:featuredmedia":[{"embeddable":true,"href":"https:\/\/www.confederaciondelcobre.cl\/index.php\/wp-json\/wp\/v2\/media\/5255"}],"wp:attachment":[{"href":"https:\/\/www.confederaciondelcobre.cl\/index.php\/wp-json\/wp\/v2\/media?parent=5253"}],"wp:term":[{"taxonomy":"category","embeddable":true,"href":"https:\/\/www.confederaciondelcobre.cl\/index.php\/wp-json\/wp\/v2\/categories?post=5253"},{"taxonomy":"post_tag","embeddable":true,"href":"https:\/\/www.confederaciondelcobre.cl\/index.php\/wp-json\/wp\/v2\/tags?post=5253"}],"curies":[{"name":"wp","href":"https:\/\/api.w.org\/{rel}","templated":true}]}}