{"id":5276,"date":"2024-07-19T14:58:43","date_gmt":"2024-07-19T18:58:43","guid":{"rendered":"https:\/\/www.confederaciondelcobre.cl\/?p=5276"},"modified":"2024-07-19T14:58:46","modified_gmt":"2024-07-19T18:58:46","slug":"trabajadores-e-inteligencia-artificial-chile-valora-y-ministerios-firman-convenio-de-colaboracion-para-certificacion-de-competencias-laborales","status":"publish","type":"post","link":"https:\/\/www.confederaciondelcobre.cl\/index.php\/2024\/07\/19\/trabajadores-e-inteligencia-artificial-chile-valora-y-ministerios-firman-convenio-de-colaboracion-para-certificacion-de-competencias-laborales\/","title":{"rendered":"Trabajadores e Inteligencia Artificial: Chile Valora y Ministerios firman convenio de colaboraci\u00f3n para certificaci\u00f3n de competencias laborales."},"content":{"rendered":"\n<p>Chile Valora, en conjunto con los Ministerios del Trabajo y Previsi\u00f3n Social, y el de Ciencia, Tecnolog\u00eda Conocimiento e Innovaci\u00f3n, firmaron un convenio tripartito de colaboraci\u00f3n para la creaci\u00f3n de cinco nuevos perfiles laborales relacionados con la Inteligencia Artificial.<\/p>\n\n\n\n<p>La ceremonia, realizada ayer jueves 18 de julio en la sede central del INACAP en Stgo., cont\u00f3 con la participaci\u00f3n de las ministras Jeannette Jara Rom\u00e1n y Ais\u00e9n Etcheverry Escudero, como tambi\u00e9n de la Secretaria Ejecutiva de Chile Valora, Ximena Rivillo Or\u00f3stica, quienes firmaron el mencionado acuerdo de colaboraci\u00f3n. A ellas, cabe destacar, y entre representantes empresariales y sindicales, se sum\u00f3 la presencia de Ana Lamas Aguirre, Presidenta de la Confederaci\u00f3n de Trabajadores del Cobre (CTC), quien adem\u00e1s, y en su calidad de Consejera Nacional de la Central Unitaria de Trabajadores (CUT), es integrante del Directorio de Chile Valora.<\/p>\n\n\n\n<p>Dicho convenio representa un avance hacia la certificaci\u00f3n de trabajadoras y trabajadores, de los sectores p\u00fablico y privado, en el uso y entrenamiento de herramientas vinculadas con la Inteligencia Artificial. Asimismo, busca establecer y reconocer formalmente a trabajadoras y trabajadores en esta materia. As\u00ed lo destac\u00f3 la Presidenta de la CTC, al se\u00f1alar que siempre es positivo que las y los trabajadores tengan la posibilidad de estar en permanente formaci\u00f3n y aprendizaje, a la vez que les permitir\u00e1 fortalecer sus habilidades en el uso de nuevas tecnolog\u00edas, como es el caso de la miner\u00eda donde la evoluci\u00f3n tecnol\u00f3gica es una constante.<\/p>\n\n\n\n<p>Los cinco nuevos perfiles laborales relacionadas con la Inteligencia Artificial (IA) ser\u00e1n:<\/p>\n\n\n\n<ul class=\"wp-block-list\">\n<li>Programador \/ Dise\u00f1ador IA;<\/li>\n\n\n\n<li>Especialista en Interacci\u00f3n con IA Generativa;<\/li>\n\n\n\n<li>Especialista de Datos para IA;<\/li>\n\n\n\n<li>Consultor de Transformaci\u00f3n con IA;<\/li>\n\n\n\n<li>Auditor de \u00c9tica en IA y Ciberseguridad.<\/li>\n<\/ul>\n\n\n\n<hr class=\"wp-block-separator has-alpha-channel-opacity\"\/>\n\n\n\n<p class=\"has-text-align-right\">foto portada: Chile Valora.<\/p>\n","protected":false},"excerpt":{"rendered":"<p>Chile Valora, en conjunto con los Ministerios del Trabajo y Previsi\u00f3n Social, y el de Ciencia, Tecnolog\u00eda Conocimiento e Innovaci\u00f3n, firmaron un convenio tripartito de colaboraci\u00f3n para la creaci\u00f3n de &hellip; <\/p>\n","protected":false},"author":2,"featured_media":5285,"comment_status":"closed","ping_status":"closed","sticky":false,"template":"","format":"standard","meta":{"jetpack_post_was_ever_published":false,"_jetpack_newsletter_access":"","_jetpack_dont_email_post_to_subs":false,"_jetpack_newsletter_tier_id":0,"_jetpack_memberships_contains_paywalled_content":false,"_jetpack_memberships_contains_paid_content":false,"footnotes":"","jetpack_publicize_message":"","jetpack_publicize_feature_enabled":false,"jetpack_social_post_already_shared":true,"jetpack_social_options":{"image_generator_settings":{"template":"highway","default_image_id":0,"enabled":false},"version":2}},"categories":[9,15,19],"tags":[],"class_list":["post-5276","post","type-post","status-publish","format-standard","has-post-thumbnail","hentry","category-confederacion","category-nacional","category-trabajadores"],"jetpack_publicize_connections":[],"jetpack_featured_media_url":"https:\/\/www.confederaciondelcobre.cl\/wp-content\/uploads\/2024\/07\/Port-10.jpg","jetpack_sharing_enabled":true,"post_mailing_queue_ids":[],"_links":{"self":[{"href":"https:\/\/www.confederaciondelcobre.cl\/index.php\/wp-json\/wp\/v2\/posts\/5276","targetHints":{"allow":["GET"]}}],"collection":[{"href":"https:\/\/www.confederaciondelcobre.cl\/index.php\/wp-json\/wp\/v2\/posts"}],"about":[{"href":"https:\/\/www.confederaciondelcobre.cl\/index.php\/wp-json\/wp\/v2\/types\/post"}],"author":[{"embeddable":true,"href":"https:\/\/www.confederaciondelcobre.cl\/index.php\/wp-json\/wp\/v2\/users\/2"}],"replies":[{"embeddable":true,"href":"https:\/\/www.confederaciondelcobre.cl\/index.php\/wp-json\/wp\/v2\/comments?post=5276"}],"version-history":[{"count":4,"href":"https:\/\/www.confederaciondelcobre.cl\/index.php\/wp-json\/wp\/v2\/posts\/5276\/revisions"}],"predecessor-version":[{"id":5284,"href":"https:\/\/www.confederaciondelcobre.cl\/index.php\/wp-json\/wp\/v2\/posts\/5276\/revisions\/5284"}],"wp:featuredmedia":[{"embeddable":true,"href":"https:\/\/www.confederaciondelcobre.cl\/index.php\/wp-json\/wp\/v2\/media\/5285"}],"wp:attachment":[{"href":"https:\/\/www.confederaciondelcobre.cl\/index.php\/wp-json\/wp\/v2\/media?parent=5276"}],"wp:term":[{"taxonomy":"category","embeddable":true,"href":"https:\/\/www.confederaciondelcobre.cl\/index.php\/wp-json\/wp\/v2\/categories?post=5276"},{"taxonomy":"post_tag","embeddable":true,"href":"https:\/\/www.confederaciondelcobre.cl\/index.php\/wp-json\/wp\/v2\/tags?post=5276"}],"curies":[{"name":"wp","href":"https:\/\/api.w.org\/{rel}","templated":true}]}}