{"id":5280,"date":"2024-07-19T16:32:47","date_gmt":"2024-07-19T20:32:47","guid":{"rendered":"https:\/\/www.confederaciondelcobre.cl\/?p=5280"},"modified":"2024-07-19T16:32:49","modified_gmt":"2024-07-19T20:32:49","slug":"con-participacion-de-la-ctc-gobierno-presento-propuesta-legislativa-sobre-equidad-salarial","status":"publish","type":"post","link":"https:\/\/www.confederaciondelcobre.cl\/index.php\/2024\/07\/19\/con-participacion-de-la-ctc-gobierno-presento-propuesta-legislativa-sobre-equidad-salarial\/","title":{"rendered":"Con participaci\u00f3n de la CTC, gobierno present\u00f3 propuesta legislativa sobre Equidad Salarial."},"content":{"rendered":"\n<p>El d\u00eda de hoy, la <strong>Ministra del Trabajo y Previsi\u00f3n Social, Jeannette Jara Rom\u00e1n, junto a la Ministra de la Mujer y Equidad de Genero,  Antonia Orellana Guarello<\/strong>, presentaron la propuesta legislativa del gobierno en materia de Equidad Salarial.<\/p>\n\n\n\n<p>Comprometido su fortalecimiento en el programa de gobierno, la ley de Equidad Salarial busca resguardar el derecho a la igualdad en las remuneraciones, estableciendo que se debe pagar lo mismo por el mismo trabajo. Sin embargo, debido principalmente a interpretaciones que han desvirtuado su prop\u00f3sito, dicha ley a\u00fan no ha conseguido traer la esperada igualdad salarial al pa\u00eds.<\/p>\n\n\n\n<p>Es por ello que hoy, el gobierno ha presentado un proyecto de ley que modifica la mencionada normativa, indicando que <strong>el empleador deber\u00e1 dar cumplimiento al principio de igualdad de remuneraciones entre hombres y mujeres que presten un mismo trabajo o un trabajo al que se le atribuye un mismo valor<\/strong>. Esta modificaci\u00f3n, entre otras, y de aprobarse en el parlamento, fortalecer\u00e1 su aplicaci\u00f3n por cuanto a que se incorpora el concepto de &#8220;trabajo al que se le atribuye un mismo valor&#8221;, evitando as\u00ed que a un mismo trabajo baste solo cambiar la descripci\u00f3n de su cargo para no cumplir con el prop\u00f3sito de la ley, que es la Equidad Salarial.<\/p>\n\n\n\n<p>En la ceremonia de hoy <strong>participaron autoridades de gobierno, e incluso se cont\u00f3 con la presencia de la expresidenta Michelle Bachelet<\/strong>. Entre las y los invitados, cabe destacar, se encontr\u00f3 <strong>Ana Lamas Aguirre, Presidenta de la Confederaci\u00f3n de Trabajadores del Cobre (CTC)<\/strong>, quien, a la salida del evento que se llev\u00f3 a cabo en el Centro Cultural Palacio de La Moneda, manifest\u00f3 su valoraci\u00f3n ante la iniciativa del gobierno por seguir avanzando en materia de equidad salarial y de g\u00e9nero. No obstante, la Presidenta de la CTC se\u00f1al\u00f3 que en Chile las mujeres ganan en promedio un 25% menos que los hombres, y si a ello se suma la deuda que se mantiene con ellas en cuanto a mejorar su integraci\u00f3n laboral, por ejemplo en torno a la adecuaci\u00f3n de instalaciones en los centros de trabajo, a\u00fan queda camino por recorrer. A pesar de aquello, recalc\u00f3 Ana Lamas Aguirre, se saluda y valora enormemente la voluntad del actual gobierno para avanzar en esta y otras materias, sobre todo si es con di\u00e1logo y participaci\u00f3n de las y los trabajadores del pa\u00eds.<\/p>\n\n\n\n<div class=\"wp-block-jetpack-slideshow aligncenter\"><div data-effect=\"slide\"><div class=\"wp-block-jetpack-slideshow_container swiper-container\"><ul class=\"wp-block-jetpack-slideshow_swiper-wrapper swiper-wrapper\"><li class=\"wp-block-jetpack-slideshow_slide swiper-slide\"><figure><img loading=\"lazy\" decoding=\"async\" width=\"1024\" height=\"682\" alt=\"\" class=\"wp-block-jetpack-slideshow_image wp-image-5288\" data-id=\"5288\" src=\"https:\/\/www.confederaciondelcobre.cl\/wp-content\/uploads\/2024\/07\/GS3gxzaXwAAH0Dw-1024x682.jpeg\" srcset=\"https:\/\/www.confederaciondelcobre.cl\/wp-content\/uploads\/2024\/07\/GS3gxzaXwAAH0Dw-1024x682.jpeg 1024w, https:\/\/www.confederaciondelcobre.cl\/wp-content\/uploads\/2024\/07\/GS3gxzaXwAAH0Dw-300x200.jpeg 300w, https:\/\/www.confederaciondelcobre.cl\/wp-content\/uploads\/2024\/07\/GS3gxzaXwAAH0Dw-768x512.jpeg 768w, https:\/\/www.confederaciondelcobre.cl\/wp-content\/uploads\/2024\/07\/GS3gxzaXwAAH0Dw-1536x1024.jpeg 1536w, https:\/\/www.confederaciondelcobre.cl\/wp-content\/uploads\/2024\/07\/GS3gxzaXwAAH0Dw-2048x1365.jpeg 2048w\" sizes=\"auto, (max-width: 1024px) 100vw, 1024px\" \/><\/figure><\/li><li class=\"wp-block-jetpack-slideshow_slide swiper-slide\"><figure><img loading=\"lazy\" decoding=\"async\" width=\"1024\" height=\"682\" alt=\"\" class=\"wp-block-jetpack-slideshow_image wp-image-5289\" data-id=\"5289\" src=\"https:\/\/www.confederaciondelcobre.cl\/wp-content\/uploads\/2024\/07\/GS3gyjoWwAAXJPl-1024x682.jpeg\" srcset=\"https:\/\/www.confederaciondelcobre.cl\/wp-content\/uploads\/2024\/07\/GS3gyjoWwAAXJPl-1024x682.jpeg 1024w, https:\/\/www.confederaciondelcobre.cl\/wp-content\/uploads\/2024\/07\/GS3gyjoWwAAXJPl-300x200.jpeg 300w, https:\/\/www.confederaciondelcobre.cl\/wp-content\/uploads\/2024\/07\/GS3gyjoWwAAXJPl-768x512.jpeg 768w, https:\/\/www.confederaciondelcobre.cl\/wp-content\/uploads\/2024\/07\/GS3gyjoWwAAXJPl-1536x1024.jpeg 1536w, https:\/\/www.confederaciondelcobre.cl\/wp-content\/uploads\/2024\/07\/GS3gyjoWwAAXJPl-2048x1365.jpeg 2048w\" sizes=\"auto, (max-width: 1024px) 100vw, 1024px\" \/><\/figure><\/li><\/ul><a class=\"wp-block-jetpack-slideshow_button-prev swiper-button-prev swiper-button-white\" role=\"button\"><\/a><a class=\"wp-block-jetpack-slideshow_button-next swiper-button-next swiper-button-white\" role=\"button\"><\/a><a aria-label=\"Pause Slideshow\" class=\"wp-block-jetpack-slideshow_button-pause\" role=\"button\"><\/a><div class=\"wp-block-jetpack-slideshow_pagination swiper-pagination swiper-pagination-white\"><\/div><\/div><\/div><\/div>\n\n\n\n<hr class=\"wp-block-separator has-alpha-channel-opacity\"\/>\n\n\n\n<p class=\"has-text-align-right\">fotos: Ministerio del Trabajo y Previsi\u00f3n Social.<\/p>\n","protected":false},"excerpt":{"rendered":"<p>El d\u00eda de hoy, la Ministra del Trabajo y Previsi\u00f3n Social, Jeannette Jara Rom\u00e1n, junto a la Ministra de la Mujer y Equidad de Genero, Antonia Orellana Guarello, presentaron la &hellip; <\/p>\n","protected":false},"author":2,"featured_media":5287,"comment_status":"closed","ping_status":"closed","sticky":false,"template":"","format":"standard","meta":{"jetpack_post_was_ever_published":false,"_jetpack_newsletter_access":"","_jetpack_dont_email_post_to_subs":false,"_jetpack_newsletter_tier_id":0,"_jetpack_memberships_contains_paywalled_content":false,"_jetpack_memberships_contains_paid_content":false,"footnotes":"","jetpack_publicize_message":"","jetpack_publicize_feature_enabled":false,"jetpack_social_post_already_shared":true,"jetpack_social_options":{"image_generator_settings":{"template":"highway","default_image_id":0,"enabled":false},"version":2}},"categories":[9,15,19],"tags":[],"class_list":["post-5280","post","type-post","status-publish","format-standard","has-post-thumbnail","hentry","category-confederacion","category-nacional","category-trabajadores"],"jetpack_publicize_connections":[],"jetpack_featured_media_url":"https:\/\/www.confederaciondelcobre.cl\/wp-content\/uploads\/2024\/07\/Port-11.jpg","jetpack_sharing_enabled":true,"post_mailing_queue_ids":[],"_links":{"self":[{"href":"https:\/\/www.confederaciondelcobre.cl\/index.php\/wp-json\/wp\/v2\/posts\/5280","targetHints":{"allow":["GET"]}}],"collection":[{"href":"https:\/\/www.confederaciondelcobre.cl\/index.php\/wp-json\/wp\/v2\/posts"}],"about":[{"href":"https:\/\/www.confederaciondelcobre.cl\/index.php\/wp-json\/wp\/v2\/types\/post"}],"author":[{"embeddable":true,"href":"https:\/\/www.confederaciondelcobre.cl\/index.php\/wp-json\/wp\/v2\/users\/2"}],"replies":[{"embeddable":true,"href":"https:\/\/www.confederaciondelcobre.cl\/index.php\/wp-json\/wp\/v2\/comments?post=5280"}],"version-history":[{"count":5,"href":"https:\/\/www.confederaciondelcobre.cl\/index.php\/wp-json\/wp\/v2\/posts\/5280\/revisions"}],"predecessor-version":[{"id":5290,"href":"https:\/\/www.confederaciondelcobre.cl\/index.php\/wp-json\/wp\/v2\/posts\/5280\/revisions\/5290"}],"wp:featuredmedia":[{"embeddable":true,"href":"https:\/\/www.confederaciondelcobre.cl\/index.php\/wp-json\/wp\/v2\/media\/5287"}],"wp:attachment":[{"href":"https:\/\/www.confederaciondelcobre.cl\/index.php\/wp-json\/wp\/v2\/media?parent=5280"}],"wp:term":[{"taxonomy":"category","embeddable":true,"href":"https:\/\/www.confederaciondelcobre.cl\/index.php\/wp-json\/wp\/v2\/categories?post=5280"},{"taxonomy":"post_tag","embeddable":true,"href":"https:\/\/www.confederaciondelcobre.cl\/index.php\/wp-json\/wp\/v2\/tags?post=5280"}],"curies":[{"name":"wp","href":"https:\/\/api.w.org\/{rel}","templated":true}]}}