{"id":5291,"date":"2024-07-25T17:40:32","date_gmt":"2024-07-25T21:40:32","guid":{"rendered":"https:\/\/www.confederaciondelcobre.cl\/?p=5291"},"modified":"2024-07-25T17:40:34","modified_gmt":"2024-07-25T21:40:34","slug":"en-un-marco-de-conmemoracion-a-nelson-quichillao-despliegue-territorial-organico-de-la-ctc-tuvo-lugar-en-el-salvador","status":"publish","type":"post","link":"https:\/\/www.confederaciondelcobre.cl\/index.php\/2024\/07\/25\/en-un-marco-de-conmemoracion-a-nelson-quichillao-despliegue-territorial-organico-de-la-ctc-tuvo-lugar-en-el-salvador\/","title":{"rendered":"En un marco de conmemoraci\u00f3n a Nelson Quichillao, Despliegue Territorial Org\u00e1nico de la CTC tuvo lugar en El Salvador."},"content":{"rendered":"\n<p>Representado por <strong>Ana Lamas Aguirre, Presidenta; Stephanie Gonz\u00e1lez Ch\u00e1vez, Secretaria General; Jedry Velis Palma, Tesorero; y Patricio Roco Bucarey, Encargado Nacional de Organizaci\u00f3n<\/strong>, el Directorio Ejecutivo de la Confederaci\u00f3n de Trabajadores del Cobre (CTC) sostuvo el mi\u00e9rcoles 24 de julio un encuentro con sus federaciones (FESAL y FESAMAV) y sindicatos en la regi\u00f3n de Atacama.<\/p>\n\n\n\n<p>La instancia, a prop\u00f3sito del despliegue territorial org\u00e1nico que la organizaci\u00f3n est\u00e1 desarrollando a nivel nacional, se llev\u00f3 a cabo en el marco de una nueva conmemoraci\u00f3n del asesinato de Nelson Quichillao L\u00f3pez, trabajador subcontratado del cobre y socio de la CTC, quien, el a\u00f1o 2015, y mientras ejerc\u00eda el derecho a huelga junto a sus compa\u00f1eras y compa\u00f1eros de trabajo por la mejora de sus condiciones laborales, en un contexto de negociaci\u00f3n por el Acuerdo Marco con Codelco, recibi\u00f3 un fatal disparo por parte de fuerzas represivas del Estado de Chile.<\/p>\n\n\n\n<p>Tal y como ocurriera en las regiones de <a href=\"https:\/\/www.confederaciondelcobre.cl\/index.php\/2024\/07\/06\/despliegue-territorial-organico-de-la-ctc-comenzo-en-la-region-de-ohiggins\/\" target=\"_blank\" rel=\"noreferrer noopener\">O&#8217;Higgins<\/a> y <a href=\"https:\/\/www.confederaciondelcobre.cl\/index.php\/2024\/07\/10\/despliegue-territorial-organico-de-la-ctc-sigue-desarrollandose-esta-vez-fue-en-la-region-de-valparaiso\/\" target=\"_blank\" rel=\"noreferrer noopener\">Valpara\u00edso<\/a>, la jornada fue destinada a abordar temas que son de inter\u00e9s para las y los trabajadores en general, como tambi\u00e9n para las y los subcontratados del cobre en particular. Es de tal manera que, la ratificaci\u00f3n del <a href=\"https:\/\/normlex.ilo.org\/dyn\/normlex\/es\/f?p=NORMLEXPUB:12100:0::NO::P12100_ILO_CODE:C176\" target=\"_blank\" rel=\"noreferrer noopener\">Convenio 176 de la OIT<\/a>, sobre seguridad y salud en las minas; la puesta en marcha en nuestro pa\u00eds del <a href=\"https:\/\/normlex.ilo.org\/dyn\/normlex\/es\/f?p=NORMLEXPUB:12100:0::NO::P12100_ILO_CODE:C190\" target=\"_blank\" rel=\"noreferrer noopener\">Convenio 190 de la OIT<\/a>, sobre la violencia y el acoso en el mundo laboral; y la <a href=\"https:\/\/www.isl.gob.cl\/ley-karin\/\" target=\"_blank\" rel=\"noreferrer noopener\">Ley Karin<\/a>, que establece un marco legal para la prevenci\u00f3n y sanci\u00f3n del acoso y la violencia en el entorno laboral en nuestro pa\u00eds, fueron objeto de an\u00e1lisis entre las y los dirigentes.<\/p>\n\n\n\n<p>Del mismo modo, la jornada se aboc\u00f3 tambi\u00e9n a asuntos que son propios de la organizaci\u00f3n y de sus socias y socios. Se valor\u00f3 el trabajo que actualmente se est\u00e1 desarrollando en torno a los procesos de negociaci\u00f3n colectiva de sindicatos de la CTC en la regi\u00f3n, y, junto con ello, tanto la <strong>Federaci\u00f3n de Sindicatos El Salvador (FESAL), como la Federaci\u00f3n de Sindicatos MantoVerde (FESAMAV) manifestaron su solidaridad y estado de alerta en torno a la situaci\u00f3n que afecta en la sexta regi\u00f3n a los socios del Sindicato Nacional N\u00b03 M\u00e9trika, en que la empresa descont\u00f3 del Incentivo Trimestral por Asistencia y Condiciones de Trabajo (correspondiente al Acuerdo Marco entre la CTC, AGEMA y CODELCO) los d\u00edas de huelga<\/strong> <strong>durante su \u00faltimo proceso de negociaci\u00f3n colectiva reglada<\/strong>. Dicha situaci\u00f3n, se\u00f1alaron, debe ser vigilada atentamente por todas y todos, pues busca desconocer y atenta en contra del leg\u00edtimo e hist\u00f3rico derecho a huelga que tienen las y los trabajadores.<\/p>\n\n\n\n<p>En la tarde del mi\u00e9rcoles 24, las y los representantes del Ejecutivo Nacional de la CTC, junto a dirigentas y dirigentes de las mencionadas federaciones y sus sindicatos, <strong>se desplazaron al memorial de Nelson Quichillao<\/strong> que se encuentra emplazado en una de las v\u00edas de acceso al campamento minero de El Salvador. All\u00ed, en torno a una ceremonia y velat\u00f3n que incluy\u00f3 palabras de las y los asistentes, entre ellas el discurso a cargo de Ana Lamas Aguirre, presentaron sus respetos y reafirmaron el compromiso que tiene la CTC con la memoria, con la verdad y justicia en torno al asesinato de quien fuera un ejemplar amigo y compa\u00f1ero de trabajo, como tambi\u00e9n un activo socio de su sindicato.<\/p>\n","protected":false},"excerpt":{"rendered":"<p>Representado por Ana Lamas Aguirre, Presidenta; Stephanie Gonz\u00e1lez Ch\u00e1vez, Secretaria General; Jedry Velis Palma, Tesorero; y Patricio Roco Bucarey, Encargado Nacional de Organizaci\u00f3n, el Directorio Ejecutivo de la Confederaci\u00f3n de &hellip; <\/p>\n","protected":false},"author":2,"featured_media":5323,"comment_status":"closed","ping_status":"closed","sticky":false,"template":"","format":"standard","meta":{"jetpack_post_was_ever_published":false,"_jetpack_newsletter_access":"","_jetpack_dont_email_post_to_subs":false,"_jetpack_newsletter_tier_id":0,"_jetpack_memberships_contains_paywalled_content":false,"_jetpack_memberships_contains_paid_content":false,"footnotes":"","jetpack_publicize_message":"","jetpack_publicize_feature_enabled":false,"jetpack_social_post_already_shared":true,"jetpack_social_options":{"image_generator_settings":{"template":"highway","default_image_id":0,"enabled":false},"version":2}},"categories":[37,9,21,28,25,15,32,39,19],"tags":[],"class_list":["post-5291","post","type-post","status-publish","format-standard","has-post-thumbnail","hentry","category-memoriactc","category-confederacion","category-federaciones","category-fesal","category-fesamav","category-nacional","category-nelson-quichillao","category-sindicatos","category-trabajadores"],"jetpack_publicize_connections":[],"jetpack_featured_media_url":"https:\/\/www.confederaciondelcobre.cl\/wp-content\/uploads\/2024\/07\/Port-13.jpg","jetpack_sharing_enabled":true,"post_mailing_queue_ids":[],"_links":{"self":[{"href":"https:\/\/www.confederaciondelcobre.cl\/index.php\/wp-json\/wp\/v2\/posts\/5291","targetHints":{"allow":["GET"]}}],"collection":[{"href":"https:\/\/www.confederaciondelcobre.cl\/index.php\/wp-json\/wp\/v2\/posts"}],"about":[{"href":"https:\/\/www.confederaciondelcobre.cl\/index.php\/wp-json\/wp\/v2\/types\/post"}],"author":[{"embeddable":true,"href":"https:\/\/www.confederaciondelcobre.cl\/index.php\/wp-json\/wp\/v2\/users\/2"}],"replies":[{"embeddable":true,"href":"https:\/\/www.confederaciondelcobre.cl\/index.php\/wp-json\/wp\/v2\/comments?post=5291"}],"version-history":[{"count":8,"href":"https:\/\/www.confederaciondelcobre.cl\/index.php\/wp-json\/wp\/v2\/posts\/5291\/revisions"}],"predecessor-version":[{"id":5325,"href":"https:\/\/www.confederaciondelcobre.cl\/index.php\/wp-json\/wp\/v2\/posts\/5291\/revisions\/5325"}],"wp:featuredmedia":[{"embeddable":true,"href":"https:\/\/www.confederaciondelcobre.cl\/index.php\/wp-json\/wp\/v2\/media\/5323"}],"wp:attachment":[{"href":"https:\/\/www.confederaciondelcobre.cl\/index.php\/wp-json\/wp\/v2\/media?parent=5291"}],"wp:term":[{"taxonomy":"category","embeddable":true,"href":"https:\/\/www.confederaciondelcobre.cl\/index.php\/wp-json\/wp\/v2\/categories?post=5291"},{"taxonomy":"post_tag","embeddable":true,"href":"https:\/\/www.confederaciondelcobre.cl\/index.php\/wp-json\/wp\/v2\/tags?post=5291"}],"curies":[{"name":"wp","href":"https:\/\/api.w.org\/{rel}","templated":true}]}}