{"id":5293,"date":"2024-07-25T16:57:32","date_gmt":"2024-07-25T20:57:32","guid":{"rendered":"https:\/\/www.confederaciondelcobre.cl\/?p=5293"},"modified":"2024-07-25T16:57:35","modified_gmt":"2024-07-25T20:57:35","slug":"con-votacion-unanime-sindicato-de-trabajadores-n1-oservim-rechaza-ultima-oferta-de-la-empresa-y-se-prepara-para-la-huelga","status":"publish","type":"post","link":"https:\/\/www.confederaciondelcobre.cl\/index.php\/2024\/07\/25\/con-votacion-unanime-sindicato-de-trabajadores-n1-oservim-rechaza-ultima-oferta-de-la-empresa-y-se-prepara-para-la-huelga\/","title":{"rendered":"Con votaci\u00f3n un\u00e1nime: Sindicato de Trabajadores N\u00b01 Oservim rechaza \u00faltima oferta de la empresa, y se prepara para la huelga."},"content":{"rendered":"\n<p>Pese a la importancia de las demandas presentadas por las y los socios del Sindicato, que dicen principal relaci\u00f3n con el aumento salarial y mejoras a las condiciones de trabajo y seguridad, entre otras, la Empresa ha adoptado una postura inflexible llevando esto a las y los trabajadores a rechazar el martes 23 la \u00faltima oferta, y votar \u2014de forma un\u00e1nime\u2014 a favor de la huelga.<\/p>\n\n\n\n<p>Iniciada el 10 de junio del presente, la Negociaci\u00f3n Colectiva reglada que est\u00e1n llevando adelante las y los socios del Sindicato de Trabajadores N\u00b01 Oservim Salar de Atacama, que desempe\u00f1an sus labores en las faenas de Soquimich (SQM) en la regi\u00f3n de Antofagasta, ha llegado a un punto crucial para el desarrollo del actual proceso, en que la huelga se hace inminente. Lo anterior, se\u00f1alan los dirigentes del Sindicato, se debe a que no solo se han encontrado con una postura inflexible por parte de la empresa, sino que tambi\u00e9n con su falta de seriedad y una real disposici\u00f3n para llegar a un justo acuerdo.<\/p>\n\n\n\n<p>Junto con el aumento salarial y mejores condiciones de trabajo y seguridad, los trabajadores dedicados al lavado de bombas de extracci\u00f3n de litio, maniobras de izaje, movimiento de tierra, tratamiento de aguas servidas y limpieza de ba\u00f1os qu\u00edmicos, entre otras funciones, tambi\u00e9n demandan seguros complementarios y, especialmente, un trato justo y equitativo por parte de la Empresa Oservim. Esto, recalcan los dirigentes del Sindicato, son demandas muy sentidas entre sus socias y socios, pero tambi\u00e9n por parte de sus familias, por lo que la demanda de un justo reconocimiento al esfuerzo de su trabajo se vincula tambi\u00e9n con la merecida y elemental dignidad.<\/p>\n\n\n\n<p>David Marino, Cristian Osorio y Daniel Vera (Presidente, Tesorero y Secretario del Sindicato, respectivamente) se\u00f1alaron que como sindicato se encuentran en estado de altera, y que la huelga se har\u00eda efectiva en los primeros d\u00edas de agosto. El Sindicato de Trabajadores N\u00b01 Oservim Salar de Atacama, en tanto, se encuentra afiliado a la CTC, y cuenta con su total apoyo y respaldo en esta negociaci\u00f3n.<\/p>\n\n\n<div class=\"wp-block-image\">\n<figure class=\"aligncenter size-large\"><img loading=\"lazy\" decoding=\"async\" width=\"1024\" height=\"545\" src=\"https:\/\/www.confederaciondelcobre.cl\/wp-content\/uploads\/2024\/07\/Dirigentes-1024x545.jpg\" alt=\"\" class=\"wp-image-5296\" srcset=\"https:\/\/www.confederaciondelcobre.cl\/wp-content\/uploads\/2024\/07\/Dirigentes-1024x545.jpg 1024w, https:\/\/www.confederaciondelcobre.cl\/wp-content\/uploads\/2024\/07\/Dirigentes-300x160.jpg 300w, https:\/\/www.confederaciondelcobre.cl\/wp-content\/uploads\/2024\/07\/Dirigentes-768x408.jpg 768w, https:\/\/www.confederaciondelcobre.cl\/wp-content\/uploads\/2024\/07\/Dirigentes.jpg 1196w\" sizes=\"auto, (max-width: 1024px) 100vw, 1024px\" \/><figcaption class=\"wp-element-caption\">Dirigencia del Sindicato de Trabajadores N\u00b01 Oservim Salar de Atacama. <\/figcaption><\/figure><\/div>","protected":false},"excerpt":{"rendered":"<p>Pese a la importancia de las demandas presentadas por las y los socios del Sindicato, que dicen principal relaci\u00f3n con el aumento salarial y mejoras a las condiciones de trabajo &hellip; <\/p>\n","protected":false},"author":2,"featured_media":5295,"comment_status":"closed","ping_status":"closed","sticky":false,"template":"","format":"standard","meta":{"jetpack_post_was_ever_published":false,"_jetpack_newsletter_access":"","_jetpack_dont_email_post_to_subs":false,"_jetpack_newsletter_tier_id":0,"_jetpack_memberships_contains_paywalled_content":false,"_jetpack_memberships_contains_paid_content":false,"footnotes":"","jetpack_publicize_message":"","jetpack_publicize_feature_enabled":false,"jetpack_social_post_already_shared":true,"jetpack_social_options":{"image_generator_settings":{"template":"highway","default_image_id":0,"enabled":false},"version":2}},"categories":[9,21,22,20,39,19],"tags":[],"class_list":["post-5293","post","type-post","status-publish","format-standard","has-post-thumbnail","hentry","category-confederacion","category-federaciones","category-feminort","category-negociacion-colectiva","category-sindicatos","category-trabajadores"],"jetpack_publicize_connections":[],"jetpack_featured_media_url":"https:\/\/www.confederaciondelcobre.cl\/wp-content\/uploads\/2024\/07\/Portadas-web-CTC.jpg","jetpack_sharing_enabled":true,"post_mailing_queue_ids":[],"_links":{"self":[{"href":"https:\/\/www.confederaciondelcobre.cl\/index.php\/wp-json\/wp\/v2\/posts\/5293","targetHints":{"allow":["GET"]}}],"collection":[{"href":"https:\/\/www.confederaciondelcobre.cl\/index.php\/wp-json\/wp\/v2\/posts"}],"about":[{"href":"https:\/\/www.confederaciondelcobre.cl\/index.php\/wp-json\/wp\/v2\/types\/post"}],"author":[{"embeddable":true,"href":"https:\/\/www.confederaciondelcobre.cl\/index.php\/wp-json\/wp\/v2\/users\/2"}],"replies":[{"embeddable":true,"href":"https:\/\/www.confederaciondelcobre.cl\/index.php\/wp-json\/wp\/v2\/comments?post=5293"}],"version-history":[{"count":4,"href":"https:\/\/www.confederaciondelcobre.cl\/index.php\/wp-json\/wp\/v2\/posts\/5293\/revisions"}],"predecessor-version":[{"id":5321,"href":"https:\/\/www.confederaciondelcobre.cl\/index.php\/wp-json\/wp\/v2\/posts\/5293\/revisions\/5321"}],"wp:featuredmedia":[{"embeddable":true,"href":"https:\/\/www.confederaciondelcobre.cl\/index.php\/wp-json\/wp\/v2\/media\/5295"}],"wp:attachment":[{"href":"https:\/\/www.confederaciondelcobre.cl\/index.php\/wp-json\/wp\/v2\/media?parent=5293"}],"wp:term":[{"taxonomy":"category","embeddable":true,"href":"https:\/\/www.confederaciondelcobre.cl\/index.php\/wp-json\/wp\/v2\/categories?post=5293"},{"taxonomy":"post_tag","embeddable":true,"href":"https:\/\/www.confederaciondelcobre.cl\/index.php\/wp-json\/wp\/v2\/tags?post=5293"}],"curies":[{"name":"wp","href":"https:\/\/api.w.org\/{rel}","templated":true}]}}