{"id":5299,"date":"2024-07-25T21:23:20","date_gmt":"2024-07-26T01:23:20","guid":{"rendered":"https:\/\/www.confederaciondelcobre.cl\/?p=5299"},"modified":"2024-07-25T21:23:21","modified_gmt":"2024-07-26T01:23:21","slug":"a-nueve-anos-de-su-asesinato-la-ctc-conmemoro-a-nelson-quichillao-en-iquique-calama-el-salvador-y-rancagua","status":"publish","type":"post","link":"https:\/\/www.confederaciondelcobre.cl\/index.php\/2024\/07\/25\/a-nueve-anos-de-su-asesinato-la-ctc-conmemoro-a-nelson-quichillao-en-iquique-calama-el-salvador-y-rancagua\/","title":{"rendered":"A nueve a\u00f1os de su asesinato, la CTC conmemor\u00f3 a Nelson Quichillao en Iquique, Calama, El Salvador y Rancagua."},"content":{"rendered":"\n<p>Ayer se cumplieron nueve a\u00f1os desde que Nelson Quichillao L\u00f3pez, trabajador subcontratado de la miner\u00eda del cobre, fuera asesinado por fuerzas represivas del Estado de Chile, mientras se manifestaba junto a sus compa\u00f1eras y compa\u00f1eros de trabajo por mejores condiciones laborales.<\/p>\n\n\n\n<p>Su asesinato ocurri\u00f3 en la madrugada del 24 de julio de 2015, en el campamento minero de El Salvador, cuando a lo largo del pa\u00eds y en todas las divisiones de Codelco se llevaba a cabo una movilizaci\u00f3n de las y los trabajadores contratistas y subcontratistas del cobre, liderada por la Confederaci\u00f3n de Trabajadores del Cobre (CTC). Dicha movilizaci\u00f3n, bajo el contexto de negociaci\u00f3n del Acuerdo Marco con la mencionada minera estatal, buscaba mejorar los derechos y condiciones laborales en que se encontraban las y los trabajadores m\u00e1s precarizados de la industria minera.<\/p>\n\n\n\n<p>Aquel d\u00eda, cuando la movilizaci\u00f3n nacional se encontraba en su punto m\u00e1s \u00e1lgido, las autoridades de la \u00e9poca decidieron reprimir de manera absolutamente irracional a las y los trabajadores. No ser\u00eda la primera vez en la historia de nuestro pa\u00eds, y en esta oportunidad el campamento minero de El Salvador vivir\u00eda otra de sus noches m\u00e1s oscuras.<\/p>\n\n\n\n<p>Fuerzas Especiales de Carabineros, con carros blindados y lanza gases, reprimieron a las y los trabajadores que se manifestaban. Con gran cantidad de bombas lacrim\u00f3genas y granadas de mano, adem\u00e1s de tiros de escopeta antidisturbios, las fuerzas represivas buscaron sofocar la protesta de quienes solo demandaban mejores condiciones laborales y reclamaban sus derechos, dejando a varios heridos con balines. En la madrugada del 24, y cuando m\u00e1s arreciaba la represi\u00f3n, un carabinero, posteriormente identificado como Marco Guerrero Mart\u00ednez, se separa del piquete y utiliza un arma de pu\u00f1o con la que dispara en repetidas oportunidades contra el grupo de trabajadoras y trabajadores. Herido de muerte, cae un trabajador. Su nombre: Nelson Quichillao L\u00f3pez.<\/p>\n\n\n\n<p class=\"has-medium-font-size\"><strong>Conmemoraciones<\/strong><\/p>\n\n\n\n<p><strong>En Calama<\/strong>, en la sede de la CUT El Loa, se llev\u00f3 a cabo una ceremonia de conmemoraci\u00f3n organizada por la  Federaci\u00f3n de Sindicatos de Trabajadores de la Miner\u00eda y Organizaciones Afines de la 2\u00aa regi\u00f3n (FESITRAM), que es brazo org\u00e1nico de la CTC en la regi\u00f3n de Antofagasta. En la oportunidad, trabajadores y dirigentes encabezados por el presidente de la federaci\u00f3n, Juan Galindo Arancibia, recordaron a su compa\u00f1ero asesinado mientras luchaba por sus derechos y los de sus compa\u00f1eras y compa\u00f1eros de trabajo. En la actividad, se destacaron caracter\u00edsticas por las que Nelson Quichillao era conocido: alegre, cercano de sus amigos, solidario y muy activo en su sindicato fueron solo algunas de las cualidades mencionadas. Se recalc\u00f3 en la constante lucha de la CTC en torno a su asesinato, esto a nivel nacional como internacional. Finalmente, se reivindic\u00f3 tambi\u00e9n la ejemplar lucha de Nelson por los derechos de las y los trabajadores, se\u00f1alando que el mejor homenaje ser\u00e1 mantener siempre en alto las banderas por la causa de la clase obrera.<\/p>\n\n\n<div class=\"wp-block-image\">\n<figure class=\"aligncenter size-large\"><img loading=\"lazy\" decoding=\"async\" width=\"1024\" height=\"768\" src=\"https:\/\/www.confederaciondelcobre.cl\/wp-content\/uploads\/2024\/07\/52442a90-5df7-403c-913f-a7726e93581e-1024x768.jpeg\" alt=\"\" class=\"wp-image-5309\" srcset=\"https:\/\/www.confederaciondelcobre.cl\/wp-content\/uploads\/2024\/07\/52442a90-5df7-403c-913f-a7726e93581e-1024x768.jpeg 1024w, https:\/\/www.confederaciondelcobre.cl\/wp-content\/uploads\/2024\/07\/52442a90-5df7-403c-913f-a7726e93581e-300x225.jpeg 300w, https:\/\/www.confederaciondelcobre.cl\/wp-content\/uploads\/2024\/07\/52442a90-5df7-403c-913f-a7726e93581e-768x576.jpeg 768w, https:\/\/www.confederaciondelcobre.cl\/wp-content\/uploads\/2024\/07\/52442a90-5df7-403c-913f-a7726e93581e-1536x1152.jpeg 1536w, https:\/\/www.confederaciondelcobre.cl\/wp-content\/uploads\/2024\/07\/52442a90-5df7-403c-913f-a7726e93581e.jpeg 1600w\" sizes=\"auto, (max-width: 1024px) 100vw, 1024px\" \/><figcaption class=\"wp-element-caption\">Ceremonia de Conmemoraci\u00f3n por Nelson Quichillao en Calama.<\/figcaption><\/figure><\/div>\n\n\n<p><strong>En Iquique<\/strong>, en la sede de la CUT de la misma ciudad, pero el 11 de julio y en el marco de la <a href=\"https:\/\/www.confederaciondelcobre.cl\/index.php\/2024\/07\/12\/se-conmemoraron-en-iquique-53-anos-de-la-nacionalizacion-del-cobre\/\" target=\"_blank\" rel=\"noreferrer noopener\">conmemoraci\u00f3n de los 53 a\u00f1os de la nacionalizaci\u00f3n del cobre<\/a>, tambi\u00e9n se realiz\u00f3 un acto conmemorativo en honor a Nelson Quichillao. A cargo de la Federaci\u00f3n Minera del Norte (FEMINORT), que es federaci\u00f3n de la CTC en la regi\u00f3n de Tarapac\u00e1, en dicho acto, y junto con dar lectura a una rese\u00f1a de los hechos acontecidos el 24 de julio en el campamento minero de El Salvador,  se puso en valor la memoria de Nelson Quichillao, que siempre destac\u00f3 entre sus compa\u00f1eros por sus caracter\u00edsticas de alta solidaridad de clase. Se destac\u00f3, a prop\u00f3sito del evento convocado, que es la lucha de las y los trabajadores lo que hace que la justicia social y dignidad para las personas avance.<\/p>\n\n\n<div class=\"wp-block-image\">\n<figure class=\"aligncenter size-large\"><img loading=\"lazy\" decoding=\"async\" width=\"1024\" height=\"768\" src=\"https:\/\/www.confederaciondelcobre.cl\/wp-content\/uploads\/2024\/07\/eae1b7be-668b-42a9-9222-cf669891cc60-1024x768.jpeg\" alt=\"\" class=\"wp-image-5310\" srcset=\"https:\/\/www.confederaciondelcobre.cl\/wp-content\/uploads\/2024\/07\/eae1b7be-668b-42a9-9222-cf669891cc60-1024x768.jpeg 1024w, https:\/\/www.confederaciondelcobre.cl\/wp-content\/uploads\/2024\/07\/eae1b7be-668b-42a9-9222-cf669891cc60-300x225.jpeg 300w, https:\/\/www.confederaciondelcobre.cl\/wp-content\/uploads\/2024\/07\/eae1b7be-668b-42a9-9222-cf669891cc60-768x576.jpeg 768w, https:\/\/www.confederaciondelcobre.cl\/wp-content\/uploads\/2024\/07\/eae1b7be-668b-42a9-9222-cf669891cc60-1536x1152.jpeg 1536w, https:\/\/www.confederaciondelcobre.cl\/wp-content\/uploads\/2024\/07\/eae1b7be-668b-42a9-9222-cf669891cc60.jpeg 1600w\" sizes=\"auto, (max-width: 1024px) 100vw, 1024px\" \/><figcaption class=\"wp-element-caption\">Ceremonia de Conmemoraci\u00f3n por Nelson Quichillao en Iquique.<\/figcaption><\/figure><\/div>\n\n\n<p><strong>En Rancagua<\/strong>, de igual manera, el d\u00eda de ayer se llev\u00f3 a cabo un acto conmemorativo por Nelson Quichillao. Organizado por la Federaci\u00f3n de Trabajadores Territorial del Cobre (FETRATEC), que tambi\u00e9n es brazo org\u00e1nico de la CTC en la regi\u00f3n de O&#8217;Higgins. Se realiz\u00f3 una velat\u00f3n, donde se reafirm\u00f3 el compromiso con la memoria y el no descanso en la b\u00fasqueda de verdad y justicia para Nelson Quichillao. Dicho acto se llev\u00f3 a cabo en la Casa de los Trabajadores, que es sede de la CTC en la ciudad de Rancagua.<\/p>\n\n\n<div class=\"wp-block-image\">\n<figure class=\"aligncenter size-large\"><img loading=\"lazy\" decoding=\"async\" width=\"1024\" height=\"768\" src=\"https:\/\/www.confederaciondelcobre.cl\/wp-content\/uploads\/2024\/07\/e1e82b9f-2a80-4270-8350-cc3724ec13df-1024x768.jpeg\" alt=\"\" class=\"wp-image-5311\" srcset=\"https:\/\/www.confederaciondelcobre.cl\/wp-content\/uploads\/2024\/07\/e1e82b9f-2a80-4270-8350-cc3724ec13df-1024x768.jpeg 1024w, https:\/\/www.confederaciondelcobre.cl\/wp-content\/uploads\/2024\/07\/e1e82b9f-2a80-4270-8350-cc3724ec13df-300x225.jpeg 300w, https:\/\/www.confederaciondelcobre.cl\/wp-content\/uploads\/2024\/07\/e1e82b9f-2a80-4270-8350-cc3724ec13df-768x576.jpeg 768w, https:\/\/www.confederaciondelcobre.cl\/wp-content\/uploads\/2024\/07\/e1e82b9f-2a80-4270-8350-cc3724ec13df.jpeg 1280w\" sizes=\"auto, (max-width: 1024px) 100vw, 1024px\" \/><figcaption class=\"wp-element-caption\">Ceremonia de Conmemoraci\u00f3n por Nelson Quichillao en Rancagua.<\/figcaption><\/figure><\/div>\n\n\n<p><strong>En El Salvador,<\/strong> en tanto, y en el memorial de Nelson Quichillao, se llev\u00f3 a cabo un significativo acto. El lugar en que ocurrieron los hechos y su asesinato reuni\u00f3 en torno a una velat\u00f3n a trabajadores, pobladores, dirigentes sindicales y autoridades.<\/p>\n\n\n\n<p>Organizada  por la Confederaci\u00f3n de Trabajadores del Cobre (CTC), en conjunto con la Federaci\u00f3n de Sindicatos El Salvador (FESAL) y la Federaci\u00f3n de Sindicatos MantoVerde (FESAMAV), la instancia cont\u00f3 con la presencia de dirigentas y dirigentes de la CTC, encabezados por Ana Lamas Aguirre, Presidenta, a quienes se sumaron Jorge Fern\u00e1ndez, Delegado Presidencial de la Provincia de Cha\u00f1aral y su equipo de gabinete; Sebasti\u00e1n Gonz\u00e1lez, Concejal de la Ilustre Municipalidad de Cha\u00f1aral; y Manuel Reyes, Presidente del Colegio de Profesores Comunal Cha\u00f1aral. Acompa\u00f1aron tambi\u00e9n, como en a\u00f1os anteriores, el grupo Renacer de Tradiciones y el profesor Cristian Barahona, conocido como &#8220;El Patriota&#8221;, con presentaciones de danza y canto, respectivamente. <\/p>\n\n\n\n<p>Ana Lamas Aguirre, Presidenta de la CTC, junto con hacer una breve rese\u00f1a de las circunstancias en que ocurrieron los hechos, en que Nelson Quichillao fue abatido por una bala de la polic\u00eda durante una protesta por la mejora de derechos laborales, resalt\u00f3 que sus demandas eran razonables y justas, y son las mismas por las que como organizaci\u00f3n se sigue luchando: salarios dignos, beneficios justos, estabilidad en el empleo, seguridad en las labores, trato respetuoso y cumplimiento estricto de los acuerdos por parte del empleador. &#8220;La movilizaci\u00f3n era, por tanto, y lo sigue siendo, nuestro leg\u00edtimo recurso de lucha&#8221;, sentenci\u00f3 la Presidenta de la CTC. <\/p>\n\n\n\n<p>Por otro lado, Ana Lamas Aguirre se\u00f1al\u00f3 que, a pesar de haberse depositado grandes esperanzas en el actual gobierno, a\u00fan hay necesidades del pueblo y de la clase trabajadora que no han sido resueltas. Denunci\u00f3 tambi\u00e9n un fortalecimiento de los sectores que a trav\u00e9s de toda la historia han sido los m\u00e1s brutales enemigos, explotadores y verdugos de la clase trabajadora: los due\u00f1os del capital y sus representantes pol\u00edticos de derecha y de ultraderecha. Sin embargo, y en lo positivo, valor\u00f3 el anuncio presidencial de poner en discusi\u00f3n un proyecto de Negociaci\u00f3n Colectiva Ramal, que, aunque dif\u00edcil de lograr, es muy probable que &#8220;llegar\u00e1 el momento en que tengamos que movilizarnos en apoyo a esa iniciativa&#8221;<\/p>\n\n\n\n<p>Para finalizar, la Presidenta de la CTC hizo un llamando a &#8220;no olvidar a no olvidar a Nelson, a no olvidar a los miles de compa\u00f1eros y compa\u00f1eras que, en el salitre, en el carb\u00f3n y en el cobre han dejado su sangre y su vida luchando por dignidad y justicia social&#8221;<\/p>\n\n\n\n<div class=\"wp-block-jetpack-slideshow\"><div data-effect=\"slide\"><div class=\"wp-block-jetpack-slideshow_container swiper-container\"><ul class=\"wp-block-jetpack-slideshow_swiper-wrapper swiper-wrapper\"><li class=\"wp-block-jetpack-slideshow_slide swiper-slide\"><figure><img loading=\"lazy\" decoding=\"async\" width=\"1024\" height=\"577\" alt=\"\" class=\"wp-block-jetpack-slideshow_image wp-image-5313\" data-id=\"5313\" src=\"https:\/\/www.confederaciondelcobre.cl\/wp-content\/uploads\/2024\/07\/6c19a57d-ad30-448f-93fe-902f0572dd39-1024x577.jpeg\" srcset=\"https:\/\/www.confederaciondelcobre.cl\/wp-content\/uploads\/2024\/07\/6c19a57d-ad30-448f-93fe-902f0572dd39-1024x577.jpeg 1024w, https:\/\/www.confederaciondelcobre.cl\/wp-content\/uploads\/2024\/07\/6c19a57d-ad30-448f-93fe-902f0572dd39-300x169.jpeg 300w, https:\/\/www.confederaciondelcobre.cl\/wp-content\/uploads\/2024\/07\/6c19a57d-ad30-448f-93fe-902f0572dd39-768x432.jpeg 768w, https:\/\/www.confederaciondelcobre.cl\/wp-content\/uploads\/2024\/07\/6c19a57d-ad30-448f-93fe-902f0572dd39-1536x865.jpeg 1536w, https:\/\/www.confederaciondelcobre.cl\/wp-content\/uploads\/2024\/07\/6c19a57d-ad30-448f-93fe-902f0572dd39-2048x1153.jpeg 2048w\" sizes=\"auto, (max-width: 1024px) 100vw, 1024px\" \/><\/figure><\/li><li class=\"wp-block-jetpack-slideshow_slide swiper-slide\"><figure><img loading=\"lazy\" decoding=\"async\" width=\"1024\" height=\"768\" alt=\"\" class=\"wp-block-jetpack-slideshow_image wp-image-5314\" data-id=\"5314\" src=\"https:\/\/www.confederaciondelcobre.cl\/wp-content\/uploads\/2024\/07\/6380c6be-25ea-4684-aa3b-e9357a460892-1024x768.jpeg\" srcset=\"https:\/\/www.confederaciondelcobre.cl\/wp-content\/uploads\/2024\/07\/6380c6be-25ea-4684-aa3b-e9357a460892-1024x768.jpeg 1024w, https:\/\/www.confederaciondelcobre.cl\/wp-content\/uploads\/2024\/07\/6380c6be-25ea-4684-aa3b-e9357a460892-300x225.jpeg 300w, https:\/\/www.confederaciondelcobre.cl\/wp-content\/uploads\/2024\/07\/6380c6be-25ea-4684-aa3b-e9357a460892-768x576.jpeg 768w, https:\/\/www.confederaciondelcobre.cl\/wp-content\/uploads\/2024\/07\/6380c6be-25ea-4684-aa3b-e9357a460892.jpeg 1280w\" sizes=\"auto, (max-width: 1024px) 100vw, 1024px\" \/><\/figure><\/li><li class=\"wp-block-jetpack-slideshow_slide swiper-slide\"><figure><img loading=\"lazy\" decoding=\"async\" width=\"1024\" height=\"768\" alt=\"\" class=\"wp-block-jetpack-slideshow_image wp-image-5315\" data-id=\"5315\" src=\"https:\/\/www.confederaciondelcobre.cl\/wp-content\/uploads\/2024\/07\/7901777b-7e9d-4d6a-82c1-647ddb5df539-1024x768.jpeg\" srcset=\"https:\/\/www.confederaciondelcobre.cl\/wp-content\/uploads\/2024\/07\/7901777b-7e9d-4d6a-82c1-647ddb5df539-1024x768.jpeg 1024w, https:\/\/www.confederaciondelcobre.cl\/wp-content\/uploads\/2024\/07\/7901777b-7e9d-4d6a-82c1-647ddb5df539-300x225.jpeg 300w, https:\/\/www.confederaciondelcobre.cl\/wp-content\/uploads\/2024\/07\/7901777b-7e9d-4d6a-82c1-647ddb5df539-768x576.jpeg 768w, https:\/\/www.confederaciondelcobre.cl\/wp-content\/uploads\/2024\/07\/7901777b-7e9d-4d6a-82c1-647ddb5df539.jpeg 1280w\" sizes=\"auto, (max-width: 1024px) 100vw, 1024px\" \/><\/figure><\/li><li class=\"wp-block-jetpack-slideshow_slide swiper-slide\"><figure><img loading=\"lazy\" decoding=\"async\" width=\"1024\" height=\"577\" alt=\"\" class=\"wp-block-jetpack-slideshow_image wp-image-5316\" data-id=\"5316\" src=\"https:\/\/www.confederaciondelcobre.cl\/wp-content\/uploads\/2024\/07\/b33420a9-f774-4626-a47e-d0aca7152abe-1024x577.jpeg\" srcset=\"https:\/\/www.confederaciondelcobre.cl\/wp-content\/uploads\/2024\/07\/b33420a9-f774-4626-a47e-d0aca7152abe-1024x577.jpeg 1024w, https:\/\/www.confederaciondelcobre.cl\/wp-content\/uploads\/2024\/07\/b33420a9-f774-4626-a47e-d0aca7152abe-300x169.jpeg 300w, https:\/\/www.confederaciondelcobre.cl\/wp-content\/uploads\/2024\/07\/b33420a9-f774-4626-a47e-d0aca7152abe-768x432.jpeg 768w, https:\/\/www.confederaciondelcobre.cl\/wp-content\/uploads\/2024\/07\/b33420a9-f774-4626-a47e-d0aca7152abe-1536x865.jpeg 1536w, https:\/\/www.confederaciondelcobre.cl\/wp-content\/uploads\/2024\/07\/b33420a9-f774-4626-a47e-d0aca7152abe-2048x1153.jpeg 2048w\" sizes=\"auto, (max-width: 1024px) 100vw, 1024px\" \/><\/figure><\/li><li class=\"wp-block-jetpack-slideshow_slide swiper-slide\"><figure><img loading=\"lazy\" decoding=\"async\" width=\"879\" height=\"1024\" alt=\"\" class=\"wp-block-jetpack-slideshow_image wp-image-5317\" data-id=\"5317\" src=\"https:\/\/www.confederaciondelcobre.cl\/wp-content\/uploads\/2024\/07\/df266719-db6b-4c0b-9e1b-4814164925fc-879x1024.jpeg\" srcset=\"https:\/\/www.confederaciondelcobre.cl\/wp-content\/uploads\/2024\/07\/df266719-db6b-4c0b-9e1b-4814164925fc-879x1024.jpeg 879w, https:\/\/www.confederaciondelcobre.cl\/wp-content\/uploads\/2024\/07\/df266719-db6b-4c0b-9e1b-4814164925fc-258x300.jpeg 258w, https:\/\/www.confederaciondelcobre.cl\/wp-content\/uploads\/2024\/07\/df266719-db6b-4c0b-9e1b-4814164925fc-768x894.jpeg 768w, https:\/\/www.confederaciondelcobre.cl\/wp-content\/uploads\/2024\/07\/df266719-db6b-4c0b-9e1b-4814164925fc.jpeg 1099w\" sizes=\"auto, (max-width: 879px) 100vw, 879px\" \/><\/figure><\/li><li class=\"wp-block-jetpack-slideshow_slide swiper-slide\"><figure><img loading=\"lazy\" decoding=\"async\" width=\"1024\" height=\"640\" alt=\"\" class=\"wp-block-jetpack-slideshow_image wp-image-5318\" data-id=\"5318\" src=\"https:\/\/www.confederaciondelcobre.cl\/wp-content\/uploads\/2024\/07\/wsp-1024x640.jpg\" srcset=\"https:\/\/www.confederaciondelcobre.cl\/wp-content\/uploads\/2024\/07\/wsp-1024x640.jpg 1024w, https:\/\/www.confederaciondelcobre.cl\/wp-content\/uploads\/2024\/07\/wsp-300x187.jpg 300w, https:\/\/www.confederaciondelcobre.cl\/wp-content\/uploads\/2024\/07\/wsp-768x480.jpg 768w, https:\/\/www.confederaciondelcobre.cl\/wp-content\/uploads\/2024\/07\/wsp-1536x959.jpg 1536w, https:\/\/www.confederaciondelcobre.cl\/wp-content\/uploads\/2024\/07\/wsp-2048x1279.jpg 2048w\" sizes=\"auto, (max-width: 1024px) 100vw, 1024px\" \/><\/figure><\/li><\/ul><a class=\"wp-block-jetpack-slideshow_button-prev swiper-button-prev swiper-button-white\" role=\"button\"><\/a><a class=\"wp-block-jetpack-slideshow_button-next swiper-button-next swiper-button-white\" role=\"button\"><\/a><a aria-label=\"Pause Slideshow\" class=\"wp-block-jetpack-slideshow_button-pause\" role=\"button\"><\/a><div class=\"wp-block-jetpack-slideshow_pagination swiper-pagination swiper-pagination-white\"><\/div><\/div><\/div><\/div>\n","protected":false},"excerpt":{"rendered":"<p>Ayer se cumplieron nueve a\u00f1os desde que Nelson Quichillao L\u00f3pez, trabajador subcontratado de la miner\u00eda del cobre, fuera asesinado por fuerzas represivas del Estado de Chile, mientras se manifestaba junto &hellip; <\/p>\n","protected":false},"author":2,"featured_media":5312,"comment_status":"closed","ping_status":"closed","sticky":false,"template":"","format":"standard","meta":{"jetpack_post_was_ever_published":false,"_jetpack_newsletter_access":"","_jetpack_dont_email_post_to_subs":false,"_jetpack_newsletter_tier_id":0,"_jetpack_memberships_contains_paywalled_content":false,"_jetpack_memberships_contains_paid_content":false,"footnotes":"","jetpack_publicize_message":"","jetpack_publicize_feature_enabled":false,"jetpack_social_post_already_shared":true,"jetpack_social_options":{"image_generator_settings":{"template":"highway","default_image_id":0,"enabled":false},"version":2}},"categories":[37,9,21,15,32,17,39,19],"tags":[],"class_list":["post-5299","post","type-post","status-publish","format-standard","has-post-thumbnail","hentry","category-memoriactc","category-confederacion","category-federaciones","category-nacional","category-nelson-quichillao","category-regiones","category-sindicatos","category-trabajadores"],"jetpack_publicize_connections":[],"jetpack_featured_media_url":"https:\/\/www.confederaciondelcobre.cl\/wp-content\/uploads\/2024\/07\/Port-12.jpg","jetpack_sharing_enabled":true,"post_mailing_queue_ids":[],"_links":{"self":[{"href":"https:\/\/www.confederaciondelcobre.cl\/index.php\/wp-json\/wp\/v2\/posts\/5299","targetHints":{"allow":["GET"]}}],"collection":[{"href":"https:\/\/www.confederaciondelcobre.cl\/index.php\/wp-json\/wp\/v2\/posts"}],"about":[{"href":"https:\/\/www.confederaciondelcobre.cl\/index.php\/wp-json\/wp\/v2\/types\/post"}],"author":[{"embeddable":true,"href":"https:\/\/www.confederaciondelcobre.cl\/index.php\/wp-json\/wp\/v2\/users\/2"}],"replies":[{"embeddable":true,"href":"https:\/\/www.confederaciondelcobre.cl\/index.php\/wp-json\/wp\/v2\/comments?post=5299"}],"version-history":[{"count":8,"href":"https:\/\/www.confederaciondelcobre.cl\/index.php\/wp-json\/wp\/v2\/posts\/5299\/revisions"}],"predecessor-version":[{"id":5326,"href":"https:\/\/www.confederaciondelcobre.cl\/index.php\/wp-json\/wp\/v2\/posts\/5299\/revisions\/5326"}],"wp:featuredmedia":[{"embeddable":true,"href":"https:\/\/www.confederaciondelcobre.cl\/index.php\/wp-json\/wp\/v2\/media\/5312"}],"wp:attachment":[{"href":"https:\/\/www.confederaciondelcobre.cl\/index.php\/wp-json\/wp\/v2\/media?parent=5299"}],"wp:term":[{"taxonomy":"category","embeddable":true,"href":"https:\/\/www.confederaciondelcobre.cl\/index.php\/wp-json\/wp\/v2\/categories?post=5299"},{"taxonomy":"post_tag","embeddable":true,"href":"https:\/\/www.confederaciondelcobre.cl\/index.php\/wp-json\/wp\/v2\/tags?post=5299"}],"curies":[{"name":"wp","href":"https:\/\/api.w.org\/{rel}","templated":true}]}}