{"id":5336,"date":"2024-08-01T10:57:36","date_gmt":"2024-08-01T14:57:36","guid":{"rendered":"https:\/\/www.confederaciondelcobre.cl\/?p=5336"},"modified":"2024-08-01T10:57:38","modified_gmt":"2024-08-01T14:57:38","slug":"memoriactc-hoy-hace-17-anos-la-ctc-firmo-el-acuerdo-marco-con-agema-y-codelco","status":"publish","type":"post","link":"https:\/\/www.confederaciondelcobre.cl\/index.php\/2024\/08\/01\/memoriactc-hoy-hace-17-anos-la-ctc-firmo-el-acuerdo-marco-con-agema-y-codelco\/","title":{"rendered":"#MemoriaCTC: hoy, hace 17 a\u00f1os, la CTC firm\u00f3 el Acuerdo Marco con Agema y Codelco."},"content":{"rendered":"\n<p>Es considerada en la pr\u00e1ctica, y luego de d\u00e9cadas en nuestro pa\u00eds, como&nbsp;<strong>la primera experiencia de Negociaci\u00f3n Ramal del sector privado<\/strong>.<\/p>\n\n\n\n<p>El Acuerdo Marco entre la CTC, AGEMA y CODELCO&nbsp;<strong>establece condiciones m\u00ednimas a las que est\u00e1n sujetas las empresas contratistas y subcontratistas que prestan servicios a CODELCO<\/strong>, respecto de sus trabajadoras y trabajadores.<\/p>\n\n\n\n<p><strong>El Acuerdo Marco es altamente reconocido y valorado<\/strong>&nbsp;por trabajadoras, trabajadores y empresas, tanto contratistas como subcontratistas y la propia mandante CODELCO.&nbsp;<strong>Es, por tanto, un claro ejemplo de que la Negociaci\u00f3n Ramal o Multinivel en nuestro pa\u00eds no solo es posible, sino que tambi\u00e9n necesaria<\/strong>.<\/p>\n\n\n\n<p class=\"has-text-align-center\"><strong>\u00a1Avancemos, todas y todos, hacia la #Negociaci\u00f3nRamal en Chile!<\/strong><\/p>\n\n\n\n<p>#MemoriaCTC 01 de agosto de 2007-2024<\/p>\n\n\n<div class=\"wp-block-image\">\n<figure class=\"aligncenter size-large\"><img loading=\"lazy\" decoding=\"async\" width=\"819\" height=\"1024\" src=\"https:\/\/www.confederaciondelcobre.cl\/wp-content\/uploads\/2024\/08\/MemoriaCTC_AcuerdoMarco-819x1024.png\" alt=\"\" class=\"wp-image-5338\" srcset=\"https:\/\/www.confederaciondelcobre.cl\/wp-content\/uploads\/2024\/08\/MemoriaCTC_AcuerdoMarco-819x1024.png 819w, https:\/\/www.confederaciondelcobre.cl\/wp-content\/uploads\/2024\/08\/MemoriaCTC_AcuerdoMarco-240x300.png 240w, https:\/\/www.confederaciondelcobre.cl\/wp-content\/uploads\/2024\/08\/MemoriaCTC_AcuerdoMarco-768x960.png 768w, https:\/\/www.confederaciondelcobre.cl\/wp-content\/uploads\/2024\/08\/MemoriaCTC_AcuerdoMarco.png 1080w\" sizes=\"auto, (max-width: 819px) 100vw, 819px\" \/><\/figure><\/div>","protected":false},"excerpt":{"rendered":"<p>Es considerada en la pr\u00e1ctica, y luego de d\u00e9cadas en nuestro pa\u00eds, como&nbsp;la primera experiencia de Negociaci\u00f3n Ramal del sector privado. El Acuerdo Marco entre la CTC, AGEMA y CODELCO&nbsp;establece &hellip; <\/p>\n","protected":false},"author":2,"featured_media":5337,"comment_status":"closed","ping_status":"closed","sticky":false,"template":"","format":"standard","meta":{"jetpack_post_was_ever_published":false,"_jetpack_newsletter_access":"","_jetpack_dont_email_post_to_subs":false,"_jetpack_newsletter_tier_id":0,"_jetpack_memberships_contains_paywalled_content":false,"_jetpack_memberships_contains_paid_content":false,"footnotes":"","jetpack_publicize_message":"","jetpack_publicize_feature_enabled":false,"jetpack_social_post_already_shared":true,"jetpack_social_options":{"image_generator_settings":{"template":"highway","default_image_id":0,"enabled":false},"version":2}},"categories":[37,5,23,9,19],"tags":[],"class_list":["post-5336","post","type-post","status-publish","format-standard","has-post-thumbnail","hentry","category-memoriactc","category-acuerdo-marco","category-acuerdo-marco-codelco","category-confederacion","category-trabajadores"],"jetpack_publicize_connections":[],"jetpack_featured_media_url":"https:\/\/www.confederaciondelcobre.cl\/wp-content\/uploads\/2024\/08\/port.jpg","jetpack_sharing_enabled":true,"post_mailing_queue_ids":[],"_links":{"self":[{"href":"https:\/\/www.confederaciondelcobre.cl\/index.php\/wp-json\/wp\/v2\/posts\/5336","targetHints":{"allow":["GET"]}}],"collection":[{"href":"https:\/\/www.confederaciondelcobre.cl\/index.php\/wp-json\/wp\/v2\/posts"}],"about":[{"href":"https:\/\/www.confederaciondelcobre.cl\/index.php\/wp-json\/wp\/v2\/types\/post"}],"author":[{"embeddable":true,"href":"https:\/\/www.confederaciondelcobre.cl\/index.php\/wp-json\/wp\/v2\/users\/2"}],"replies":[{"embeddable":true,"href":"https:\/\/www.confederaciondelcobre.cl\/index.php\/wp-json\/wp\/v2\/comments?post=5336"}],"version-history":[{"count":2,"href":"https:\/\/www.confederaciondelcobre.cl\/index.php\/wp-json\/wp\/v2\/posts\/5336\/revisions"}],"predecessor-version":[{"id":5340,"href":"https:\/\/www.confederaciondelcobre.cl\/index.php\/wp-json\/wp\/v2\/posts\/5336\/revisions\/5340"}],"wp:featuredmedia":[{"embeddable":true,"href":"https:\/\/www.confederaciondelcobre.cl\/index.php\/wp-json\/wp\/v2\/media\/5337"}],"wp:attachment":[{"href":"https:\/\/www.confederaciondelcobre.cl\/index.php\/wp-json\/wp\/v2\/media?parent=5336"}],"wp:term":[{"taxonomy":"category","embeddable":true,"href":"https:\/\/www.confederaciondelcobre.cl\/index.php\/wp-json\/wp\/v2\/categories?post=5336"},{"taxonomy":"post_tag","embeddable":true,"href":"https:\/\/www.confederaciondelcobre.cl\/index.php\/wp-json\/wp\/v2\/tags?post=5336"}],"curies":[{"name":"wp","href":"https:\/\/api.w.org\/{rel}","templated":true}]}}