{"id":5342,"date":"2024-08-06T23:29:37","date_gmt":"2024-08-07T03:29:37","guid":{"rendered":"https:\/\/www.confederaciondelcobre.cl\/?p=5342"},"modified":"2024-08-06T23:29:39","modified_gmt":"2024-08-07T03:29:39","slug":"sindicato-tramsalpo-cierra-exitosa-negociacion-colectiva","status":"publish","type":"post","link":"https:\/\/www.confederaciondelcobre.cl\/index.php\/2024\/08\/06\/sindicato-tramsalpo-cierra-exitosa-negociacion-colectiva\/","title":{"rendered":"Sindicato TRAMSALPO cierra exitosa negociaci\u00f3n colectiva"},"content":{"rendered":"\n<p>El d\u00eda jueves 1 de agosto, con la firma del contrato colectivo, que es una herramienta para mejorar nuestras condiciones de vida,se da termino exitoso al proceso de negociaci\u00f3n colectiva,entre la empresa PRO limitada y el sindicato TRAMSALPO.<\/p>\n\n\n\n<p>El proceso de negociaci\u00f3n colectiva comienza el 10 de julio del presente a\u00f1o, con la presentaci\u00f3n del proyecto colectivo y finaliza el1 de agosto con la firma del instrumento. El cual ha sido altamente valorado por los socios del sindicato.<\/p>\n\n\n\n<p>El instrumento conseguido, avanza en aspectos relevantes como el incremento real de remuneraciones, clausulas sociales como aumento en los aguinaldos, asignaciones y uno de los beneficios obtenidos, mas aplaudidos,corresponde a &nbsp;la sala cuna universal. Junto a logro de la titularidad sindical.<\/p>\n\n\n\n<p>Esta exitosa negociaci\u00f3n es el resultado de la organizaci\u00f3n de &nbsp;las y los trabajadores sindicalizados, unidos, en disposici\u00f3n de lucha, con conciencia de sus derechos. Es as\u00ed como avanzamos en beneficios y dignidad. Entendiendo la negociaci\u00f3n colectiva como la herramienta para estos logros y reivindicando el legitimo derecho a la huelga.<\/p>\n\n\n\n<p>El presidentede TRAMSALPO, Daniel C\u00e1ceres: se\u00f1alo \u201cDestacamos y valoramos el rol de nuestra organizaci\u00f3n superior, la Confederaci\u00f3n de Trabajadores del Cobre, el nuestro es un trabajo colectivo que se realiza&nbsp; bajo las &nbsp;pol\u00edticas de la CTC, que las exitosas experiencias de negociaci\u00f3n realizadas han demostrado que&nbsp; son las indicadas.Agradecemos a la Confederaci\u00f3n y sus dirigentes por todas las gestiones realizadas junto a su equipo t\u00e9cnico y jur\u00eddico\u201d.<\/p>\n\n\n\n<p>Saludamos la disposici\u00f3n de organizaci\u00f3n y &nbsp;lucha, el compromiso de los trabajadores y trabajadoras del SindicatoInterempresa TRAMSALPO, quienes participaron activa y comprometidamente en cada asamblea durante el proceso.<\/p>\n\n\n\n<p>Le entregamos un profundo y afectuoso saludo a las y lo trabajadores organizados en TRAMSALPO, reiterando nuestro compromiso de continuidad en este camino de la defensa de las y los trabajadores en conjunto con la organizaci\u00f3n, Valorando y&nbsp; revindicando la Huelga con la acci\u00f3n sindical hist\u00f3rica.<\/p>\n\n\n\n<p>Arriba las y los que luchan y no se rinden jam\u00e1s \u00a1!!<\/p>\n","protected":false},"excerpt":{"rendered":"<p>El d\u00eda jueves 1 de agosto, con la firma del contrato colectivo, que es una herramienta para mejorar nuestras condiciones de vida,se da termino exitoso al proceso de negociaci\u00f3n colectiva,entre &hellip; <\/p>\n","protected":false},"author":2,"featured_media":5344,"comment_status":"closed","ping_status":"closed","sticky":false,"template":"","format":"standard","meta":{"jetpack_post_was_ever_published":false,"_jetpack_newsletter_access":"","_jetpack_dont_email_post_to_subs":false,"_jetpack_newsletter_tier_id":0,"_jetpack_memberships_contains_paywalled_content":false,"_jetpack_memberships_contains_paid_content":false,"footnotes":"","jetpack_publicize_message":"","jetpack_publicize_feature_enabled":true,"jetpack_social_post_already_shared":true,"jetpack_social_options":{"image_generator_settings":{"template":"highway","default_image_id":0,"enabled":false},"version":2}},"categories":[9,28,20,16,39,19],"tags":[],"class_list":["post-5342","post","type-post","status-publish","format-standard","has-post-thumbnail","hentry","category-confederacion","category-fesal","category-negociacion-colectiva","category-noticias","category-sindicatos","category-trabajadores"],"jetpack_publicize_connections":[],"jetpack_featured_media_url":"https:\/\/www.confederaciondelcobre.cl\/wp-content\/uploads\/2024\/08\/WhatsApp-Image-2024-08-06-at-10.27.30-PM.jpeg","jetpack_sharing_enabled":true,"post_mailing_queue_ids":[],"_links":{"self":[{"href":"https:\/\/www.confederaciondelcobre.cl\/index.php\/wp-json\/wp\/v2\/posts\/5342","targetHints":{"allow":["GET"]}}],"collection":[{"href":"https:\/\/www.confederaciondelcobre.cl\/index.php\/wp-json\/wp\/v2\/posts"}],"about":[{"href":"https:\/\/www.confederaciondelcobre.cl\/index.php\/wp-json\/wp\/v2\/types\/post"}],"author":[{"embeddable":true,"href":"https:\/\/www.confederaciondelcobre.cl\/index.php\/wp-json\/wp\/v2\/users\/2"}],"replies":[{"embeddable":true,"href":"https:\/\/www.confederaciondelcobre.cl\/index.php\/wp-json\/wp\/v2\/comments?post=5342"}],"version-history":[{"count":1,"href":"https:\/\/www.confederaciondelcobre.cl\/index.php\/wp-json\/wp\/v2\/posts\/5342\/revisions"}],"predecessor-version":[{"id":5343,"href":"https:\/\/www.confederaciondelcobre.cl\/index.php\/wp-json\/wp\/v2\/posts\/5342\/revisions\/5343"}],"wp:featuredmedia":[{"embeddable":true,"href":"https:\/\/www.confederaciondelcobre.cl\/index.php\/wp-json\/wp\/v2\/media\/5344"}],"wp:attachment":[{"href":"https:\/\/www.confederaciondelcobre.cl\/index.php\/wp-json\/wp\/v2\/media?parent=5342"}],"wp:term":[{"taxonomy":"category","embeddable":true,"href":"https:\/\/www.confederaciondelcobre.cl\/index.php\/wp-json\/wp\/v2\/categories?post=5342"},{"taxonomy":"post_tag","embeddable":true,"href":"https:\/\/www.confederaciondelcobre.cl\/index.php\/wp-json\/wp\/v2\/tags?post=5342"}],"curies":[{"name":"wp","href":"https:\/\/api.w.org\/{rel}","templated":true}]}}