{"id":5359,"date":"2024-08-16T21:48:52","date_gmt":"2024-08-17T01:48:52","guid":{"rendered":"https:\/\/www.confederaciondelcobre.cl\/?p=5359"},"modified":"2024-08-17T13:44:49","modified_gmt":"2024-08-17T17:44:49","slug":"empresa-de-transportes-de-jm-vota-la-huelga","status":"publish","type":"post","link":"https:\/\/www.confederaciondelcobre.cl\/index.php\/2024\/08\/16\/empresa-de-transportes-de-jm-vota-la-huelga\/","title":{"rendered":"Empresa de Transportes de JM vota la Huelga"},"content":{"rendered":"\n<p>Los Andes | El pasado 14 de agosto, el <strong>Sindicato N\u00b01 de la Empresa Servicios Industriales Minardi S.A. SIMSA<\/strong> culmin\u00f3 el proceso de votaci\u00f3n en torno a la \u00faltima oferta presentada por el Grupo Minardi constituido por Empresa de Buses JM Pullman S.A. y, Servicios Industriales Minardi S.A.<\/p>\n\n\n\n<p>Luego del rechazo de la oferta y los antecedentes de pr\u00e1cticas antisindicales por parte de la empresa, se vot\u00f3 la huelga por unanimidad, siendo el \u00faltimo y m\u00e1s leg\u00edtimo recurso de las y los trabajadores.<\/p>\n\n\n\n<p>A continuaci\u00f3n, dejamos el comunicado oficial del Sindicato, te invitamos a leerlo:<\/p>\n\n\n\n<p class=\"has-text-align-center\"><strong>COMUNICADO<\/strong><\/p>\n\n\n\n<p class=\"has-text-align-center\"><strong>A LAS AUTORIDADES DEL TRABAJO Y A LA OPINI\u00d3N P\u00daBLICA<\/strong><\/p>\n\n\n\n<p>Los trabajadores y trabajadoras de la empresa de transporte de personal JM, en etapa final del proceso de Negociaci\u00f3n Colectiva Reglada, comunicamos lo siguiente:<\/p>\n\n\n\n<p>El mi\u00e9rcoles 14 de agosto, el Sindicato N\u00b01 de la Empresa Servicios Industriales Minardi S.A. SIMSA culmin\u00f3 el proceso de votaci\u00f3n en torno a la \u00faltima oferta presentada por el Grupo Minardi constituido por Empresa de Buses JM Pullman S.A. y, Servicios Industriales Minardi S.A.<\/p>\n\n\n\n<p>En el Proyecto de Contrato Colectivo, los socios del sindicato hab\u00edan solicitado un aumento, mejora y ampliaci\u00f3n de sus remuneraciones y beneficios, como tambi\u00e9n avanzar en el mejoramiento de sus condiciones de salud y seguridad en el trabajo.<\/p>\n\n\n\n<p>La empresa JM se ha caracterizado durante toda su existencia por un comportamiento antisindical, desleal y de absoluta falta de empat\u00eda con sus trabajadores y trabajadoras. En una actitud cerrada e intransigente, rechaza dialogar con la organizaci\u00f3n sindical para llegar a acuerdos, y demuestra, adem\u00e1s, una total ignorancia de las obligaciones que la ley le impone como empleador. En esa ignorancia se niega a entregar la informaci\u00f3n que la organizaci\u00f3n le solicita, despide injustificadamente a trabajadores antes y durante el proceso de Negociaci\u00f3n, no respeta el piso m\u00ednimo para negociar y se limita a entregar una respuesta negativa a todos los planteamientos de la organizaci\u00f3n sindical.<\/p>\n\n\n\n<p>Puestos los antecedentes la Inspecci\u00f3n Provincial de Los Andes acogi\u00f3 la reclamaci\u00f3n del Sindicato a la objeci\u00f3n de la empresa, ratificando el piso de la Negociaci\u00f3n Colectiva y rechaz\u00f3 tambi\u00e9n la impugnaci\u00f3n de los trabajadores que participaban en la negociaci\u00f3n, los cuales deben ser objeto de reintegro, al ser despedidos en el grave contexto de Pr\u00e1cticas Antisindicales, descritos anteriormente, por la empresa.<\/p>\n\n\n\n<p>En esta circunstancia, sobre la base de la respuesta negativa de la empresa y su rechazo a entregar una \u00faltima oferta, hemos votado y acordado, <strong>por unanimidad<\/strong>, la Huelga, que es el \u00faltimo y m\u00e1s leg\u00edtimo recurso de las y los trabajadores.<\/p>\n\n\n\n<p>Esperamos, como \u00faltima posibilidad de soluci\u00f3n, que la empresa reflexione, recupere la cordura y demuestre disposici\u00f3n para una mediaci\u00f3n ante la Inspecci\u00f3n del Trabajo agotando las instancias de di\u00e1logo, de no ser as\u00ed el sindicato har\u00e1 efectiva la Huelga.<\/p>\n\n\n\n<p>El Sindicato N\u00b01 de la Empresa Servicios Industriales Minardi S.A. SIMSA se encuentra afiliado a la Federaci\u00f3n Fetramac, organizaci\u00f3n representativa de la CTC en la regi\u00f3n de Aconcagua, y es dirigido por Luis Alberto P\u00e1ez Maldonado y Miguel \u00c1ngel V\u00e1squez Rodr\u00edguez.<\/p>\n\n\n\n<div class=\"wp-block-group alignfull has-background-color\" style=\"margin-top:0;margin-bottom:0;padding-top:var(--wp--preset--spacing--40);padding-right:var(--wp--preset--spacing--30);padding-bottom:var(--wp--preset--spacing--40);padding-left:var(--wp--preset--spacing--30)\"><div class=\"wp-block-group__inner-container is-layout-constrained wp-container-core-group-is-layout-91a691eb wp-block-group-is-layout-constrained\">\n<div class=\"wp-block-group alignwide is-content-justification-space-between is-layout-flex wp-container-core-group-is-layout-256aec57 wp-block-group-is-layout-flex\">\n<div class=\"wp-block-group is-layout-flex wp-block-group-is-layout-flex\"><h1 class=\"wp-block-site-title has-small-font-size\"><a href=\"https:\/\/www.confederaciondelcobre.cl\" target=\"_self\" rel=\"home\">Confederaci\u00f3n de Trabajadores del Cobre &#8211; CTC<\/a><\/h1><\/div>\n\n\n\n<p class=\"has-small-font-size\"> Orgullosamente impulsado por <a rel=\"nofollow\" href=\"https:\/\/wordpress.org\">WordPress<\/a> <\/p>\n<\/div>\n<\/div><\/div>\n","protected":false},"excerpt":{"rendered":"<p>Los Andes | El pasado 14 de agosto, el Sindicato N\u00b01 de la Empresa Servicios Industriales Minardi S.A. SIMSA culmin\u00f3 el proceso de votaci\u00f3n en torno a la \u00faltima oferta &hellip; <\/p>\n","protected":false},"author":2,"featured_media":5362,"comment_status":"closed","ping_status":"closed","sticky":false,"template":"","format":"standard","meta":{"jetpack_post_was_ever_published":false,"_jetpack_newsletter_access":"","_jetpack_dont_email_post_to_subs":false,"_jetpack_newsletter_tier_id":0,"_jetpack_memberships_contains_paywalled_content":false,"_jetpack_memberships_contains_paid_content":false,"footnotes":"","jetpack_publicize_message":"","jetpack_publicize_feature_enabled":true,"jetpack_social_post_already_shared":true,"jetpack_social_options":{"image_generator_settings":{"template":"highway","default_image_id":0,"enabled":false},"version":2}},"categories":[8,9,36,21,40],"tags":[42,41,43,44],"class_list":["post-5359","post","type-post","status-publish","format-standard","has-post-thumbnail","hentry","category-comunicado","category-confederacion","category-el-cobre-para-chile","category-federaciones","category-fetramin","tag-fetramin","tag-huelga","tag-los-andes","tag-sindicato"],"jetpack_publicize_connections":[],"jetpack_featured_media_url":"https:\/\/www.confederaciondelcobre.cl\/wp-content\/uploads\/2024\/08\/Plantillas-CTC-8.png","jetpack_sharing_enabled":true,"post_mailing_queue_ids":[],"_links":{"self":[{"href":"https:\/\/www.confederaciondelcobre.cl\/index.php\/wp-json\/wp\/v2\/posts\/5359","targetHints":{"allow":["GET"]}}],"collection":[{"href":"https:\/\/www.confederaciondelcobre.cl\/index.php\/wp-json\/wp\/v2\/posts"}],"about":[{"href":"https:\/\/www.confederaciondelcobre.cl\/index.php\/wp-json\/wp\/v2\/types\/post"}],"author":[{"embeddable":true,"href":"https:\/\/www.confederaciondelcobre.cl\/index.php\/wp-json\/wp\/v2\/users\/2"}],"replies":[{"embeddable":true,"href":"https:\/\/www.confederaciondelcobre.cl\/index.php\/wp-json\/wp\/v2\/comments?post=5359"}],"version-history":[{"count":4,"href":"https:\/\/www.confederaciondelcobre.cl\/index.php\/wp-json\/wp\/v2\/posts\/5359\/revisions"}],"predecessor-version":[{"id":5365,"href":"https:\/\/www.confederaciondelcobre.cl\/index.php\/wp-json\/wp\/v2\/posts\/5359\/revisions\/5365"}],"wp:featuredmedia":[{"embeddable":true,"href":"https:\/\/www.confederaciondelcobre.cl\/index.php\/wp-json\/wp\/v2\/media\/5362"}],"wp:attachment":[{"href":"https:\/\/www.confederaciondelcobre.cl\/index.php\/wp-json\/wp\/v2\/media?parent=5359"}],"wp:term":[{"taxonomy":"category","embeddable":true,"href":"https:\/\/www.confederaciondelcobre.cl\/index.php\/wp-json\/wp\/v2\/categories?post=5359"},{"taxonomy":"post_tag","embeddable":true,"href":"https:\/\/www.confederaciondelcobre.cl\/index.php\/wp-json\/wp\/v2\/tags?post=5359"}],"curies":[{"name":"wp","href":"https:\/\/api.w.org\/{rel}","templated":true}]}}