{"id":5373,"date":"2024-08-21T12:57:07","date_gmt":"2024-08-21T16:57:07","guid":{"rendered":"https:\/\/www.confederaciondelcobre.cl\/?p=5373"},"modified":"2024-08-21T12:57:09","modified_gmt":"2024-08-21T16:57:09","slug":"en-calama-se-realizara-foro-sobre-negociacion-ramal","status":"publish","type":"post","link":"https:\/\/www.confederaciondelcobre.cl\/index.php\/2024\/08\/21\/en-calama-se-realizara-foro-sobre-negociacion-ramal\/","title":{"rendered":"En Calama, se realizar\u00e1 foro sobre Negociaci\u00f3n Ramal"},"content":{"rendered":"\n<p>El pr\u00f3ximo Martes 27 de agosto, invitamos a todas y todos los trabajadores al foro <em><strong>\u201cA 17 a\u00f1os del acuerdo marco: Los primeros brotes de la negociaci\u00f3n ramal y su implicancia en Chile\u201d<\/strong><\/em>.<\/p>\n\n\n\n<p>La <a><\/a>actividad organizada por la Federaci\u00f3n de Trabajadores Contratistas de Calama desarrollar\u00e1 una amplia conversaci\u00f3n sobre los alcances y beneficios de la <a href=\"https:\/\/www.facebook.com\/hashtag\/negociaci%C3%B3nramal?__eep__=6&amp;__cft__[0]=AZUV8JC5E4yNOnhOuTmTNKfYO8tZv-EJyaInFapTrR6y7rreMDLT6ZMtWG7_kEJanv8WtTDnKcdLz9GUrp66GZtFEjtfV-6jtqszPq-HVowrrdMad-73znf7WFTGiPKRE6RC0-ReosWtyyT38ndGpoulrikyz8IkG7O2rYoCCwc5WiJuJjxDUla_2k52H0rVGH8EdUmYBQqKkrU5jwR7pNZq3wfhi222m1N9dXevJefhgA&amp;__tn__=*NK-R\">#negociaci\u00f3nramal<\/a> .<\/p>\n\n\n\n<p>El tema ser\u00e1 desarrollado por la participaci\u00f3n de <strong>Ana Lamas<\/strong>, presidenta de nuestra Confederaci\u00f3n; <strong>Margarita L\u00f3pez<\/strong>, Directora Regional de la Direcci\u00f3n del Trabajo de Antofagasta; <strong>David Acu\u00f1a<\/strong>, Presidente Nacional de la Central Unitaria de Trabajadores CUT ; <strong>Patricio Tapia<\/strong>, Presidente del Sindicato N1 Escondida; y, <strong>Hern\u00e1n Guerrero<\/strong>, Vicepresidente de la Federaci\u00f3n de Trabajadores del cobre.<\/p>\n\n\n\n<p><strong>Cu\u00e1ndo<\/strong>: 27 de agosto<\/p>\n\n\n\n<p><strong>Hora<\/strong>: 11:15 hrs<\/p>\n\n\n\n<p><strong>Lugar<\/strong>: CUT El Loa, Calle Vargas 2201, Calama.<\/p>\n\n\n<div class=\"wp-block-site-logo\"><a href=\"https:\/\/www.confederaciondelcobre.cl\/\" class=\"custom-logo-link\" rel=\"home\"><img loading=\"lazy\" decoding=\"async\" width=\"674\" height=\"82\" src=\"https:\/\/www.confederaciondelcobre.cl\/wp-content\/uploads\/2023\/01\/TituloWebCTC.png\" class=\"custom-logo\" alt=\"Confederaci\u00f3n de Trabajadores del Cobre &#8211; CTC\" srcset=\"https:\/\/www.confederaciondelcobre.cl\/wp-content\/uploads\/2023\/01\/TituloWebCTC.png 606w, https:\/\/www.confederaciondelcobre.cl\/wp-content\/uploads\/2023\/01\/TituloWebCTC-300x37.png 300w\" sizes=\"auto, (max-width: 674px) 100vw, 674px\" \/><\/a><\/div>\n\n\n<p><\/p>\n","protected":false},"excerpt":{"rendered":"<p>El pr\u00f3ximo Martes 27 de agosto, invitamos a todas y todos los trabajadores al foro \u201cA 17 a\u00f1os del acuerdo marco: Los primeros brotes de la negociaci\u00f3n ramal y su &hellip; <\/p>\n","protected":false},"author":2,"featured_media":5367,"comment_status":"closed","ping_status":"closed","sticky":false,"template":"","format":"standard","meta":{"jetpack_post_was_ever_published":false,"_jetpack_newsletter_access":"","_jetpack_dont_email_post_to_subs":false,"_jetpack_newsletter_tier_id":0,"_jetpack_memberships_contains_paywalled_content":false,"_jetpack_memberships_contains_paid_content":false,"footnotes":"","jetpack_publicize_message":"","jetpack_publicize_feature_enabled":true,"jetpack_social_post_already_shared":true,"jetpack_social_options":{"image_generator_settings":{"template":"highway","default_image_id":0,"enabled":false},"version":2}},"categories":[5,27,36,20,45],"tags":[],"class_list":["post-5373","post","type-post","status-publish","format-standard","has-post-thumbnail","hentry","category-acuerdo-marco","category-cut","category-el-cobre-para-chile","category-negociacion-colectiva","category-negociacion-ramal"],"jetpack_publicize_connections":[],"jetpack_featured_media_url":"https:\/\/www.confederaciondelcobre.cl\/wp-content\/uploads\/2024\/08\/Plantillas-CTC-Post-de-Instagram-4.png","jetpack_sharing_enabled":true,"post_mailing_queue_ids":[],"_links":{"self":[{"href":"https:\/\/www.confederaciondelcobre.cl\/index.php\/wp-json\/wp\/v2\/posts\/5373","targetHints":{"allow":["GET"]}}],"collection":[{"href":"https:\/\/www.confederaciondelcobre.cl\/index.php\/wp-json\/wp\/v2\/posts"}],"about":[{"href":"https:\/\/www.confederaciondelcobre.cl\/index.php\/wp-json\/wp\/v2\/types\/post"}],"author":[{"embeddable":true,"href":"https:\/\/www.confederaciondelcobre.cl\/index.php\/wp-json\/wp\/v2\/users\/2"}],"replies":[{"embeddable":true,"href":"https:\/\/www.confederaciondelcobre.cl\/index.php\/wp-json\/wp\/v2\/comments?post=5373"}],"version-history":[{"count":1,"href":"https:\/\/www.confederaciondelcobre.cl\/index.php\/wp-json\/wp\/v2\/posts\/5373\/revisions"}],"predecessor-version":[{"id":5374,"href":"https:\/\/www.confederaciondelcobre.cl\/index.php\/wp-json\/wp\/v2\/posts\/5373\/revisions\/5374"}],"wp:featuredmedia":[{"embeddable":true,"href":"https:\/\/www.confederaciondelcobre.cl\/index.php\/wp-json\/wp\/v2\/media\/5367"}],"wp:attachment":[{"href":"https:\/\/www.confederaciondelcobre.cl\/index.php\/wp-json\/wp\/v2\/media?parent=5373"}],"wp:term":[{"taxonomy":"category","embeddable":true,"href":"https:\/\/www.confederaciondelcobre.cl\/index.php\/wp-json\/wp\/v2\/categories?post=5373"},{"taxonomy":"post_tag","embeddable":true,"href":"https:\/\/www.confederaciondelcobre.cl\/index.php\/wp-json\/wp\/v2\/tags?post=5373"}],"curies":[{"name":"wp","href":"https:\/\/api.w.org\/{rel}","templated":true}]}}