{"id":5376,"date":"2024-08-22T18:23:58","date_gmt":"2024-08-22T22:23:58","guid":{"rendered":"https:\/\/www.confederaciondelcobre.cl\/?p=5376"},"modified":"2024-08-22T18:24:03","modified_gmt":"2024-08-22T22:24:03","slug":"36-aniversario-de-la-cut-convenio-176-oit-y-negociacion-ramal","status":"publish","type":"post","link":"https:\/\/www.confederaciondelcobre.cl\/index.php\/2024\/08\/22\/36-aniversario-de-la-cut-convenio-176-oit-y-negociacion-ramal\/","title":{"rendered":"36 Aniversario de la\u00a0CUT\u00a0:Convenio 176 OIT y Negociaci\u00f3n Ramal."},"content":{"rendered":"\n<p>SANTIAGO | Hoy, en el marco del 36 aniversario de la <strong>Central Unitaria de Trabajadores<\/strong>, participamos como Confederaci\u00f3n de Trabajadores del Cobre en el cierre de su Congreso Org\u00e1nico, en donde se abordaron temas respecto de la situaci\u00f3n actual del sector destac\u00e1ndose la reciente ratificaci\u00f3n del Congreso Nacional del Convenio 176 de OIT (diciembre 2023), y los impactos que implica su aplicaci\u00f3n.<\/p>\n\n\n\n<p>Tambi\u00e9n, se puso \u00e9nfasis en los nuevos desaf\u00edos de los Trabajadores y Trabajadoras, entre ellos, en la iniciativa de la Negociaci\u00f3n Ramal, donde se denunci\u00f3 la reciente salida de la mesa tripartita por parte de la CPC, representante del empresariado.<\/p>\n\n\n\n<p><\/p>\n\n\n<div class=\"wp-block-image\">\n<figure class=\"aligncenter is-resized\"><img loading=\"lazy\" decoding=\"async\" width=\"1920\" height=\"1080\" src=\"https:\/\/www.confederaciondelcobre.cl\/wp-content\/uploads\/2024\/08\/eric-campozs.jpg\" alt=\"\" class=\"wp-image-5378\" style=\"width:363px;height:auto\" srcset=\"https:\/\/www.confederaciondelcobre.cl\/wp-content\/uploads\/2024\/08\/eric-campozs.jpg 1920w, https:\/\/www.confederaciondelcobre.cl\/wp-content\/uploads\/2024\/08\/eric-campozs-300x169.jpg 300w, https:\/\/www.confederaciondelcobre.cl\/wp-content\/uploads\/2024\/08\/eric-campozs-1024x576.jpg 1024w, https:\/\/www.confederaciondelcobre.cl\/wp-content\/uploads\/2024\/08\/eric-campozs-768x432.jpg 768w, https:\/\/www.confederaciondelcobre.cl\/wp-content\/uploads\/2024\/08\/eric-campozs-1536x864.jpg 1536w\" sizes=\"auto, (max-width: 1920px) 100vw, 1920px\" \/><\/figure><\/div>\n\n\n<p>El Secretario General de la CUT, Eric Campos, declar\u00f3: <strong><em>\u201cLlamamos al empresariado a salir de su trinchera ideol\u00f3gica. Deben integrarse al di\u00e1logo tripartito y dar certezas de que ser\u00e1n parte de los debates que Chile necesita, sin chantajear con la inversi\u00f3n y el empleo\u201d<\/em><\/strong><em>,<\/em>adem\u00e1s reforz\u00f3:<strong><em> \u201cLa negociaci\u00f3n ramal, m\u00e1s all\u00e1 del salario, es una respuesta a los desaf\u00edos del siglo XXI\u201d.<\/em><\/strong><\/p>\n\n\n\n<p>Como <strong>Confederaci\u00f3n de Trabajadores del Cobre<\/strong> reafirmamos la postura de la CUT, claramente la Negociaci\u00f3n Ramal es un mecanismo para la redistribuci\u00f3n de la riqueza y una herramienta necesaria para la lucha sindical de los trabajadores, la cual, conocemos de cerca a partir del ejemplar Acuerdo Marco que aplica los mismos principios que hace 17 a\u00f1os conquistamos, marcando un precedente en la historia sindical del pa\u00eds, significando un fundamental avance importante hacia el verdadero trabajo decente.<\/p>\n\n\n\n<figure class=\"wp-block-image\"><img loading=\"lazy\" decoding=\"async\" width=\"1400\" height=\"400\" src=\"https:\/\/www.confederaciondelcobre.cl\/wp-content\/uploads\/2024\/08\/cropped-Portada-pagina-ctc-N-RAMAL.png\" alt=\"\" class=\"wp-image-5370\" srcset=\"https:\/\/www.confederaciondelcobre.cl\/wp-content\/uploads\/2024\/08\/cropped-Portada-pagina-ctc-N-RAMAL.png 1400w, https:\/\/www.confederaciondelcobre.cl\/wp-content\/uploads\/2024\/08\/cropped-Portada-pagina-ctc-N-RAMAL-300x86.png 300w, https:\/\/www.confederaciondelcobre.cl\/wp-content\/uploads\/2024\/08\/cropped-Portada-pagina-ctc-N-RAMAL-1024x293.png 1024w, https:\/\/www.confederaciondelcobre.cl\/wp-content\/uploads\/2024\/08\/cropped-Portada-pagina-ctc-N-RAMAL-768x219.png 768w\" sizes=\"auto, (max-width: 1400px) 100vw, 1400px\" \/><\/figure>\n","protected":false},"excerpt":{"rendered":"<p>SANTIAGO | Hoy, en el marco del 36 aniversario de la Central Unitaria de Trabajadores, participamos como Confederaci\u00f3n de Trabajadores del Cobre en el cierre de su Congreso Org\u00e1nico, en &hellip; <\/p>\n","protected":false},"author":2,"featured_media":5380,"comment_status":"closed","ping_status":"closed","sticky":false,"template":"","format":"standard","meta":{"jetpack_post_was_ever_published":false,"_jetpack_newsletter_access":"","_jetpack_dont_email_post_to_subs":false,"_jetpack_newsletter_tier_id":0,"_jetpack_memberships_contains_paywalled_content":false,"_jetpack_memberships_contains_paid_content":false,"footnotes":"","jetpack_publicize_message":"","jetpack_publicize_feature_enabled":true,"jetpack_social_post_already_shared":true,"jetpack_social_options":{"image_generator_settings":{"template":"highway","default_image_id":0,"enabled":false},"version":2}},"categories":[37,5,9,27],"tags":[],"class_list":["post-5376","post","type-post","status-publish","format-standard","has-post-thumbnail","hentry","category-memoriactc","category-acuerdo-marco","category-confederacion","category-cut"],"jetpack_publicize_connections":[],"jetpack_featured_media_url":"https:\/\/www.confederaciondelcobre.cl\/wp-content\/uploads\/2024\/08\/Plantillas-CTC-Portada-para-perfil-de-Zoom.png","jetpack_sharing_enabled":true,"post_mailing_queue_ids":[],"_links":{"self":[{"href":"https:\/\/www.confederaciondelcobre.cl\/index.php\/wp-json\/wp\/v2\/posts\/5376","targetHints":{"allow":["GET"]}}],"collection":[{"href":"https:\/\/www.confederaciondelcobre.cl\/index.php\/wp-json\/wp\/v2\/posts"}],"about":[{"href":"https:\/\/www.confederaciondelcobre.cl\/index.php\/wp-json\/wp\/v2\/types\/post"}],"author":[{"embeddable":true,"href":"https:\/\/www.confederaciondelcobre.cl\/index.php\/wp-json\/wp\/v2\/users\/2"}],"replies":[{"embeddable":true,"href":"https:\/\/www.confederaciondelcobre.cl\/index.php\/wp-json\/wp\/v2\/comments?post=5376"}],"version-history":[{"count":1,"href":"https:\/\/www.confederaciondelcobre.cl\/index.php\/wp-json\/wp\/v2\/posts\/5376\/revisions"}],"predecessor-version":[{"id":5379,"href":"https:\/\/www.confederaciondelcobre.cl\/index.php\/wp-json\/wp\/v2\/posts\/5376\/revisions\/5379"}],"wp:featuredmedia":[{"embeddable":true,"href":"https:\/\/www.confederaciondelcobre.cl\/index.php\/wp-json\/wp\/v2\/media\/5380"}],"wp:attachment":[{"href":"https:\/\/www.confederaciondelcobre.cl\/index.php\/wp-json\/wp\/v2\/media?parent=5376"}],"wp:term":[{"taxonomy":"category","embeddable":true,"href":"https:\/\/www.confederaciondelcobre.cl\/index.php\/wp-json\/wp\/v2\/categories?post=5376"},{"taxonomy":"post_tag","embeddable":true,"href":"https:\/\/www.confederaciondelcobre.cl\/index.php\/wp-json\/wp\/v2\/tags?post=5376"}],"curies":[{"name":"wp","href":"https:\/\/api.w.org\/{rel}","templated":true}]}}