{"id":5390,"date":"2024-08-28T15:49:27","date_gmt":"2024-08-28T19:49:27","guid":{"rendered":"https:\/\/www.confederaciondelcobre.cl\/?p=5390"},"modified":"2024-08-29T12:17:48","modified_gmt":"2024-08-29T16:17:48","slug":"despliegue-territorial-organico-de-la-ctc-en-calama","status":"publish","type":"post","link":"https:\/\/www.confederaciondelcobre.cl\/index.php\/2024\/08\/28\/despliegue-territorial-organico-de-la-ctc-en-calama\/","title":{"rendered":"DESPLIEGUE TERRITORIAL ORGANICO DE LA CTC EN CALAMA"},"content":{"rendered":"\n<p>CALAMA | El pasado 27 de agosto, el ejecutivo de la Confederaci\u00f3n de Trabajadores del Cobre, realiz\u00f3 un nuevo Despliegue Territorial Org\u00e1nico en la ciudad de #Calama, la jornada fue destinada a abordar temas que son de inter\u00e9s para las y los trabajadores en general, como tambi\u00e9n para las y los subcontratados del cobre en particular.<\/p>\n\n\n\n<figure class=\"wp-block-video\"><video controls src=\"https:\/\/www.confederaciondelcobre.cl\/wp-content\/uploads\/2024\/08\/WhatsApp-Video-2024-08-28-at-09.42.36-1-1.mp4\"><\/video><\/figure>\n\n\n\n<p>Durante la ma\u00f1ana, las acciones se enfocaron en el foro <strong><em>\u201cA 17 a\u00f1os del Acuerdo Marco: Los primeros brotes de la negociaci\u00f3n ramal y su implicancia en Chile\u201d<\/em><\/strong>, donde particip\u00f3 la presidenta de la CTC Ana Lamas Aguirre, junto a David Acu\u00f1a, presidente de la CUT, Margarita L\u00f3pez, Directora Regional de la Direcci\u00f3n del Trabajo de Antofagasta; Patricio Tapia, Presidente del Sindicato N1 Escondida; y, Hern\u00e1n Guerrero, Vicepresidente de la Federaci\u00f3n de Trabajadores del cobre.<\/p>\n\n\n\n<figure class=\"wp-block-image size-large\"><img loading=\"lazy\" decoding=\"async\" width=\"1024\" height=\"472\" src=\"https:\/\/www.confederaciondelcobre.cl\/wp-content\/uploads\/2024\/08\/WhatsApp-Image-2024-08-27-at-12.24.54-1024x472.jpeg\" alt=\"\" class=\"wp-image-5397\" srcset=\"https:\/\/www.confederaciondelcobre.cl\/wp-content\/uploads\/2024\/08\/WhatsApp-Image-2024-08-27-at-12.24.54-1024x472.jpeg 1024w, https:\/\/www.confederaciondelcobre.cl\/wp-content\/uploads\/2024\/08\/WhatsApp-Image-2024-08-27-at-12.24.54-300x138.jpeg 300w, https:\/\/www.confederaciondelcobre.cl\/wp-content\/uploads\/2024\/08\/WhatsApp-Image-2024-08-27-at-12.24.54-768x354.jpeg 768w, https:\/\/www.confederaciondelcobre.cl\/wp-content\/uploads\/2024\/08\/WhatsApp-Image-2024-08-27-at-12.24.54-1536x708.jpeg 1536w, https:\/\/www.confederaciondelcobre.cl\/wp-content\/uploads\/2024\/08\/WhatsApp-Image-2024-08-27-at-12.24.54.jpeg 1600w\" sizes=\"auto, (max-width: 1024px) 100vw, 1024px\" \/><\/figure>\n\n\n\n<p>En el encuentro, Ana Lamas destac\u00f3 que al menos seis de los siete pa\u00edses m\u00e1s productivos de la OCDE, de la que forma parte Chile, tienen negociaciones ramales. En este sentido dijo que el Acuerdo Marco, que se actualiza cada dos o tres desde 2007, es una muestra de que la negociaci\u00f3n ramal \u201csi se puede, nosotros logramos agruparnos, unificarnos, y alcanzar este instrumento que es tan importante para los trabajadores, adem\u00e1s se\u00f1al\u00f3 que el Acuerdo Marco ha logrado extenderse m\u00e1s all\u00e1 de Codelco y llegar a la miner\u00eda privada, y que establece \u201cest\u00e1ndares m\u00ednimos de beneficios, que nos permiten tener condiciones que cortan las brechas entre los trabajadores contratistas y los trabajadores de planta\u201d.<\/p>\n\n\n\n<p>As\u00ed mismo, se compartieron miradas con el presidente de la CUT, David Acu\u00f1a, quien indic\u00f3 sobre el Acuerdo Marco que \u201cEs una historia que se ha ido planteando desde la lucha sindical\u201d y con el Vicepresidente de la Federaci\u00f3n de Trabajadores del Cobre (FTC) Hern\u00e1n Guerrero, que declar\u00f3 \u201cla negociaci\u00f3n ramal se hace necesaria por la precarizaci\u00f3n del empleo, lo que avanzado con la privatizaci\u00f3n del empleo\u201d.<\/p>\n\n\n\n<p>Acuerdo Marco desde el a\u00f1o 2007 que se ha ido renovando y que est\u00e1 plenamente vigente y que beneficios a m\u00e1s de 65.000 trabajadores y trabajadoras y sus familias y una cantidad importante en la miner\u00eda privada<\/p>\n\n\n\n<p>Este debate se da en el contexto de la propuesta legislativa de negociaci\u00f3n colectiva multinivel que fue anunciada por el presidente Gabriel Boric en junio de este a\u00f1o, y que se debe abrir a todos los trabajadores del pa\u00eds.<\/p>\n\n\n\n<p>Tambi\u00e9n dentro del despliegue, se abordaron temas que son propios de la organizaci\u00f3n a nivel nacional como a nivel territorial. Durante la tarde, nos reunimos para revisar y analizar temas internos, an\u00e1lisis pol\u00edtico sindical, el estado de cumplimiento y los mecanismos de control del Acuerdo Marco. Entre otros temas, se hizo an\u00e1lisis y evaluaci\u00f3n de procesos de negociaci\u00f3n colectiva que est\u00e1n en curso y los que est\u00e1n por venir, destac\u00e1ndose la activa participaci\u00f3n de las socias y los socios de cada sindicato en ellos.<\/p>\n\n\n\n<figure class=\"wp-block-gallery has-nested-images columns-default is-cropped wp-block-gallery-1 is-layout-flex wp-block-gallery-is-layout-flex\">\n<figure class=\"wp-block-image size-large\"><img loading=\"lazy\" decoding=\"async\" width=\"1024\" height=\"462\" data-id=\"5395\" src=\"https:\/\/www.confederaciondelcobre.cl\/wp-content\/uploads\/2024\/08\/WhatsApp-Image-2024-08-28-at-09.55.15-1024x462.jpeg\" alt=\"\" class=\"wp-image-5395\" srcset=\"https:\/\/www.confederaciondelcobre.cl\/wp-content\/uploads\/2024\/08\/WhatsApp-Image-2024-08-28-at-09.55.15-1024x462.jpeg 1024w, https:\/\/www.confederaciondelcobre.cl\/wp-content\/uploads\/2024\/08\/WhatsApp-Image-2024-08-28-at-09.55.15-300x135.jpeg 300w, https:\/\/www.confederaciondelcobre.cl\/wp-content\/uploads\/2024\/08\/WhatsApp-Image-2024-08-28-at-09.55.15-768x346.jpeg 768w, https:\/\/www.confederaciondelcobre.cl\/wp-content\/uploads\/2024\/08\/WhatsApp-Image-2024-08-28-at-09.55.15.jpeg 1280w\" sizes=\"auto, (max-width: 1024px) 100vw, 1024px\" \/><\/figure>\n\n\n\n<figure class=\"wp-block-image size-large\"><img loading=\"lazy\" decoding=\"async\" width=\"1024\" height=\"462\" data-id=\"5391\" src=\"https:\/\/www.confederaciondelcobre.cl\/wp-content\/uploads\/2024\/08\/WhatsApp-Image-2024-08-28-at-09.55.37-1024x462.jpeg\" alt=\"\" class=\"wp-image-5391\" srcset=\"https:\/\/www.confederaciondelcobre.cl\/wp-content\/uploads\/2024\/08\/WhatsApp-Image-2024-08-28-at-09.55.37-1024x462.jpeg 1024w, https:\/\/www.confederaciondelcobre.cl\/wp-content\/uploads\/2024\/08\/WhatsApp-Image-2024-08-28-at-09.55.37-300x135.jpeg 300w, https:\/\/www.confederaciondelcobre.cl\/wp-content\/uploads\/2024\/08\/WhatsApp-Image-2024-08-28-at-09.55.37-768x346.jpeg 768w, https:\/\/www.confederaciondelcobre.cl\/wp-content\/uploads\/2024\/08\/WhatsApp-Image-2024-08-28-at-09.55.37.jpeg 1280w\" sizes=\"auto, (max-width: 1024px) 100vw, 1024px\" \/><\/figure>\n\n\n\n<figure class=\"wp-block-image size-large\"><img loading=\"lazy\" decoding=\"async\" width=\"1024\" height=\"461\" data-id=\"5394\" src=\"https:\/\/www.confederaciondelcobre.cl\/wp-content\/uploads\/2024\/08\/WhatsApp-Image-2024-08-28-at-09.54.45-1024x461.jpeg\" alt=\"\" class=\"wp-image-5394\" srcset=\"https:\/\/www.confederaciondelcobre.cl\/wp-content\/uploads\/2024\/08\/WhatsApp-Image-2024-08-28-at-09.54.45-1024x461.jpeg 1024w, https:\/\/www.confederaciondelcobre.cl\/wp-content\/uploads\/2024\/08\/WhatsApp-Image-2024-08-28-at-09.54.45-300x135.jpeg 300w, https:\/\/www.confederaciondelcobre.cl\/wp-content\/uploads\/2024\/08\/WhatsApp-Image-2024-08-28-at-09.54.45-768x346.jpeg 768w, https:\/\/www.confederaciondelcobre.cl\/wp-content\/uploads\/2024\/08\/WhatsApp-Image-2024-08-28-at-09.54.45.jpeg 1280w\" sizes=\"auto, (max-width: 1024px) 100vw, 1024px\" \/><\/figure>\n\n\n\n<figure class=\"wp-block-image size-large\"><img loading=\"lazy\" decoding=\"async\" width=\"1024\" height=\"462\" data-id=\"5392\" src=\"https:\/\/www.confederaciondelcobre.cl\/wp-content\/uploads\/2024\/08\/WhatsApp-Image-2024-08-28-at-09.56.17-1024x462.jpeg\" alt=\"\" class=\"wp-image-5392\" srcset=\"https:\/\/www.confederaciondelcobre.cl\/wp-content\/uploads\/2024\/08\/WhatsApp-Image-2024-08-28-at-09.56.17-1024x462.jpeg 1024w, https:\/\/www.confederaciondelcobre.cl\/wp-content\/uploads\/2024\/08\/WhatsApp-Image-2024-08-28-at-09.56.17-300x135.jpeg 300w, https:\/\/www.confederaciondelcobre.cl\/wp-content\/uploads\/2024\/08\/WhatsApp-Image-2024-08-28-at-09.56.17-768x346.jpeg 768w, https:\/\/www.confederaciondelcobre.cl\/wp-content\/uploads\/2024\/08\/WhatsApp-Image-2024-08-28-at-09.56.17.jpeg 1280w\" sizes=\"auto, (max-width: 1024px) 100vw, 1024px\" \/><\/figure>\n\n\n\n<figure class=\"wp-block-image size-large\"><img loading=\"lazy\" decoding=\"async\" width=\"1024\" height=\"768\" data-id=\"5393\" src=\"https:\/\/www.confederaciondelcobre.cl\/wp-content\/uploads\/2024\/08\/WhatsApp-Image-2024-08-28-at-09.56.41-1024x768.jpeg\" alt=\"\" class=\"wp-image-5393\" srcset=\"https:\/\/www.confederaciondelcobre.cl\/wp-content\/uploads\/2024\/08\/WhatsApp-Image-2024-08-28-at-09.56.41-1024x768.jpeg 1024w, https:\/\/www.confederaciondelcobre.cl\/wp-content\/uploads\/2024\/08\/WhatsApp-Image-2024-08-28-at-09.56.41-300x225.jpeg 300w, https:\/\/www.confederaciondelcobre.cl\/wp-content\/uploads\/2024\/08\/WhatsApp-Image-2024-08-28-at-09.56.41-768x576.jpeg 768w, https:\/\/www.confederaciondelcobre.cl\/wp-content\/uploads\/2024\/08\/WhatsApp-Image-2024-08-28-at-09.56.41.jpeg 1280w\" sizes=\"auto, (max-width: 1024px) 100vw, 1024px\" \/><\/figure>\n\n\n\n<figure class=\"wp-block-image size-large\"><img loading=\"lazy\" decoding=\"async\" width=\"1024\" height=\"461\" data-id=\"5398\" src=\"https:\/\/www.confederaciondelcobre.cl\/wp-content\/uploads\/2024\/08\/WhatsApp-Image-2024-08-28-at-09.42.04-1-1024x461.jpeg\" alt=\"\" class=\"wp-image-5398\" srcset=\"https:\/\/www.confederaciondelcobre.cl\/wp-content\/uploads\/2024\/08\/WhatsApp-Image-2024-08-28-at-09.42.04-1-1024x461.jpeg 1024w, https:\/\/www.confederaciondelcobre.cl\/wp-content\/uploads\/2024\/08\/WhatsApp-Image-2024-08-28-at-09.42.04-1-300x135.jpeg 300w, https:\/\/www.confederaciondelcobre.cl\/wp-content\/uploads\/2024\/08\/WhatsApp-Image-2024-08-28-at-09.42.04-1-768x346.jpeg 768w, https:\/\/www.confederaciondelcobre.cl\/wp-content\/uploads\/2024\/08\/WhatsApp-Image-2024-08-28-at-09.42.04-1-1536x691.jpeg 1536w, https:\/\/www.confederaciondelcobre.cl\/wp-content\/uploads\/2024\/08\/WhatsApp-Image-2024-08-28-at-09.42.04-1.jpeg 1600w\" sizes=\"auto, (max-width: 1024px) 100vw, 1024px\" \/><\/figure>\n<\/figure>\n\n\n<div class=\"wp-block-site-logo\"><a href=\"https:\/\/www.confederaciondelcobre.cl\/\" class=\"custom-logo-link\" rel=\"home\"><img loading=\"lazy\" decoding=\"async\" width=\"645\" height=\"78\" src=\"https:\/\/www.confederaciondelcobre.cl\/wp-content\/uploads\/2023\/01\/TituloWebCTC.png\" class=\"custom-logo\" alt=\"Confederaci\u00f3n de Trabajadores del Cobre &#8211; CTC\" srcset=\"https:\/\/www.confederaciondelcobre.cl\/wp-content\/uploads\/2023\/01\/TituloWebCTC.png 606w, https:\/\/www.confederaciondelcobre.cl\/wp-content\/uploads\/2023\/01\/TituloWebCTC-300x37.png 300w\" sizes=\"auto, (max-width: 645px) 100vw, 645px\" \/><\/a><\/div>","protected":false},"excerpt":{"rendered":"<p>CALAMA | El pasado 27 de agosto, el ejecutivo de la Confederaci\u00f3n de Trabajadores del Cobre, realiz\u00f3 un nuevo Despliegue Territorial Org\u00e1nico en la ciudad de #Calama, la jornada fue &hellip; <\/p>\n","protected":false},"author":2,"featured_media":5398,"comment_status":"closed","ping_status":"closed","sticky":false,"template":"","format":"standard","meta":{"jetpack_post_was_ever_published":false,"_jetpack_newsletter_access":"","_jetpack_dont_email_post_to_subs":false,"_jetpack_newsletter_tier_id":0,"_jetpack_memberships_contains_paywalled_content":false,"_jetpack_memberships_contains_paid_content":false,"footnotes":"","jetpack_publicize_message":"","jetpack_publicize_feature_enabled":true,"jetpack_social_post_already_shared":true,"jetpack_social_options":{"image_generator_settings":{"template":"highway","default_image_id":0,"enabled":false},"version":2}},"categories":[9],"tags":[],"class_list":["post-5390","post","type-post","status-publish","format-standard","has-post-thumbnail","hentry","category-confederacion"],"jetpack_publicize_connections":[],"jetpack_featured_media_url":"https:\/\/www.confederaciondelcobre.cl\/wp-content\/uploads\/2024\/08\/WhatsApp-Image-2024-08-28-at-09.42.04-1.jpeg","jetpack_sharing_enabled":true,"post_mailing_queue_ids":[],"_links":{"self":[{"href":"https:\/\/www.confederaciondelcobre.cl\/index.php\/wp-json\/wp\/v2\/posts\/5390","targetHints":{"allow":["GET"]}}],"collection":[{"href":"https:\/\/www.confederaciondelcobre.cl\/index.php\/wp-json\/wp\/v2\/posts"}],"about":[{"href":"https:\/\/www.confederaciondelcobre.cl\/index.php\/wp-json\/wp\/v2\/types\/post"}],"author":[{"embeddable":true,"href":"https:\/\/www.confederaciondelcobre.cl\/index.php\/wp-json\/wp\/v2\/users\/2"}],"replies":[{"embeddable":true,"href":"https:\/\/www.confederaciondelcobre.cl\/index.php\/wp-json\/wp\/v2\/comments?post=5390"}],"version-history":[{"count":1,"href":"https:\/\/www.confederaciondelcobre.cl\/index.php\/wp-json\/wp\/v2\/posts\/5390\/revisions"}],"predecessor-version":[{"id":5401,"href":"https:\/\/www.confederaciondelcobre.cl\/index.php\/wp-json\/wp\/v2\/posts\/5390\/revisions\/5401"}],"wp:featuredmedia":[{"embeddable":true,"href":"https:\/\/www.confederaciondelcobre.cl\/index.php\/wp-json\/wp\/v2\/media\/5398"}],"wp:attachment":[{"href":"https:\/\/www.confederaciondelcobre.cl\/index.php\/wp-json\/wp\/v2\/media?parent=5390"}],"wp:term":[{"taxonomy":"category","embeddable":true,"href":"https:\/\/www.confederaciondelcobre.cl\/index.php\/wp-json\/wp\/v2\/categories?post=5390"},{"taxonomy":"post_tag","embeddable":true,"href":"https:\/\/www.confederaciondelcobre.cl\/index.php\/wp-json\/wp\/v2\/tags?post=5390"}],"curies":[{"name":"wp","href":"https:\/\/api.w.org\/{rel}","templated":true}]}}