{"id":5402,"date":"2024-09-07T09:57:41","date_gmt":"2024-09-07T13:57:41","guid":{"rendered":"https:\/\/www.confederaciondelcobre.cl\/?p=5402"},"modified":"2024-09-09T12:30:36","modified_gmt":"2024-09-09T16:30:36","slug":"positivo-despliegue-territorial-organico-en-iquique","status":"publish","type":"post","link":"https:\/\/www.confederaciondelcobre.cl\/index.php\/2024\/09\/07\/positivo-despliegue-territorial-organico-en-iquique\/","title":{"rendered":"POSITIVO DESPLIEGUE TERRITORIAL ORG\u00c1NICO EN IQUIQUE"},"content":{"rendered":"\n<p>El pasado 29 y 30 de agosto se realiz\u00f3 un nuevo despliegue territorial en Iquique, encabezado por el Comit\u00e9 Ejecutivo de la <strong>Confederaci\u00f3n de Trabajadores del Cobre<\/strong> y la <strong>Federaci\u00f3n Minera del Norte<\/strong>.<\/p>\n\n\n\n<p>Durante la ma\u00f1ana del jueves 29, se desarroll\u00f3 un encuentro que abord\u00f3 las capacitaciones y certificaciones de competencia con <strong>Gisel Mesa<\/strong>, encargada de Chile Valora en Tarapac\u00e1, quien profundiz\u00f3 en temas relacionados a las nuevas normativas que se est\u00e1n implantado, y sobre la necesidad de activar los comit\u00e9s bipartitos de capacitaciones. Entre otros temas, tambi\u00e9n, se acordaron compromisos de colaboraci\u00f3n mutua al respecto donde hay una gran cantidad de trabajadores que por a\u00f1os han desarrollado sus labores espec\u00edficas sin certificaci\u00f3n. En la misma instancia, se dio a conocer los resultados de la postulaci\u00f3n a becas laborales en las cuales FEMINOR se adjudic\u00f3 el curso de capacitaci\u00f3n de T\u00e9cnicas de soldadura por Oxigas, Arco Voltaico, TIG y MIG.<\/p>\n\n\n\n<p>Durante la tarde, el Comit\u00e9 ejecutivo se reuni\u00f3 con el comit\u00e9 Pro centenario de las matanzas obreras de 1925 de Coru\u00f1a y Marusia, que tiene como objetivo conducir a la conmemoraci\u00f3n del Centenario de la Huelga del Salitre de 1925 y los sucesos represivos en la Pampa, con ocasi\u00f3n de dicha movilizaci\u00f3n. Entre las acciones que se conocieron se pretende levantar un Programa Conmemorativo que rinda homenaje a los ca\u00eddos y sensibilice a la poblaci\u00f3n de Tarapac\u00e1, especialmente a las y los j\u00f3venes y nuevas generaciones, as\u00ed como tambi\u00e9n difundir en las comunas escenario de los sucesos- Huara y Pozo Almonte- y en Alto Hospicio e Iquique- donde tambi\u00e9n vive poblaci\u00f3n pampina o sus familiares, los acontecimientos hist\u00f3ricos y el valor del antiguo trabajo salitrero, en las organizaciones sindicales, laborales y comunitarias actuales y su proyecci\u00f3n futura, como parte de un trabajo de Memoria Hist\u00f3rica.<\/p>\n\n\n\n<p>El viernes 30, desde temprano, se realiz\u00f3 un encuentro de CTMIN, donde participan 7 federaciones y confederaciones sindicales del sector minero privado y estatal, cuyo objetivo es influir en el debate nacional respecto de distintos temas del mundo del trabajo y la miner\u00eda, a trav\u00e9s del di\u00e1logo y la participaci\u00f3n activa en diferentes espacios como los son los COSOC, COCHILCO, mesa de seguridad y salud en las minas, para la elaboraci\u00f3n de iniciativas de participaci\u00f3n constitucional que vayan en beneficio de la salud de las y los trabajadores del pa\u00eds. En este espacio, se abord\u00f3 la constituci\u00f3n del comit\u00e9 tripartito para la elaboraci\u00f3n de la <strong>Pol\u00edtica Nacional de Seguridad y Salud en Minas<\/strong>, un hito trascendental en la implementaci\u00f3n de la <strong>Pol\u00edtica Nacional de Seguridad y Salud en el Trabajo 2024-2028<\/strong> que impulsa el gobierno chileno, el cual, se hizo efectivo el d\u00eda 22 de agosto, en la sesi\u00f3n realizada en las dependencias del Ministerio del Trabajo, con la participaci\u00f3n de 24 miembros que representan a los sectores del Estado, empleadores y trabajadores.<\/p>\n\n\n\n<p>CTMIN, en su rol de representante de las y los trabajadores mineros, reafirm\u00f3 su compromiso con la meta de <strong>\u00abEliminar la Fatalidad, Da\u00f1o 0 en los Trabajadores de la Miner\u00eda\u00bb<\/strong>, un objetivo prioritario que busca garantizar que ninguna operaci\u00f3n minera en Chile resulte en la p\u00e9rdida de vidas humanas. Este enfoque es esencial en la creaci\u00f3n de una pol\u00edtica que proteja efectivamente a quienes trabajan en uno de los sectores m\u00e1s riesgosos del pa\u00eds.<\/p>\n\n\n\n<p><strong>Mandato del Convenio 176 de la OIT<\/strong><\/p>\n\n\n\n<p>La formaci\u00f3n de esta pol\u00edtica responde al mandato del <strong>Convenio N\u00b0 176 de la Organizaci\u00f3n Internacional del Trabajo (OIT)<\/strong>, recientemente ratificado por el gobierno chileno. Este convenio obliga al pa\u00eds a formular, aplicar y revisar peri\u00f3dicamente una pol\u00edtica nacional de seguridad y salud en las minas.<\/p>\n\n\n\n<p>Durante la primera reuni\u00f3n del Comit\u00e9, se revis\u00f3 este Convenio como el marco normativo central, y se discuti\u00f3 su aplicaci\u00f3n en Chile.<\/p>\n\n\n\n<p>Tambi\u00e9n, se desarroll\u00f3 el tema \u201cA 17 a\u00f1os del acuerdo marco: Los primeros brotes de la negociaci\u00f3n ramal y su implicancia en Chile\u201d, donde se enfoc\u00f3 la discusi\u00f3n respecto a las reales posibilidades de la alternativa de la negociaci\u00f3n ramal o multinivel teniendo como referencia, el ejemplo del Acuerdo Marco llevado a cabo el a\u00f1o 2007 entre la Confederaci\u00f3n de Trabajadores del Cobre, Codelco y AGEMA, en donde se sentaron las bases bajo las mismas perspectivas de esta pol\u00edtica sindical, lo que representa con certeza el camino m\u00e1s eficaz para obtener el trabajo decente.<\/p>\n\n\n\n<p>Para finalizar la jornada, el Comit\u00e9 Ejecutivo, particip\u00f3 en la Conmemoraci\u00f3n del D\u00eda Internacional del Detenido Desaparecido en Iquique, convocado por AFEP &#8211; Iquique \u2013 Pisagua, donde se acompa\u00f1\u00f3, en un sentido acto de memoria, a las y los familiares de v\u00edctimas de la dictadura, reafirmando nuestro compromiso pol\u00edtico con la b\u00fasqueda de la verdad y la justicia, actividad que cerr\u00f3 un enriquecedor despliegue territorial org\u00e1nico por parte de la Confederaci\u00f3n de Trabajadores del Cobre y FEMINORT.<\/p>\n\n\n\n<figure class=\"wp-block-gallery has-nested-images columns-default is-cropped wp-block-gallery-1 is-layout-flex wp-block-gallery-is-layout-flex\">\n<figure class=\"wp-block-image size-large is-style-default\"><img loading=\"lazy\" decoding=\"async\" width=\"1024\" height=\"684\" data-id=\"5412\" src=\"https:\/\/www.confederaciondelcobre.cl\/wp-content\/uploads\/2024\/09\/DSC06369-1024x684.jpg\" alt=\"\" class=\"wp-image-5412\" srcset=\"https:\/\/www.confederaciondelcobre.cl\/wp-content\/uploads\/2024\/09\/DSC06369-1024x684.jpg 1024w, https:\/\/www.confederaciondelcobre.cl\/wp-content\/uploads\/2024\/09\/DSC06369-300x200.jpg 300w, https:\/\/www.confederaciondelcobre.cl\/wp-content\/uploads\/2024\/09\/DSC06369-768x513.jpg 768w, https:\/\/www.confederaciondelcobre.cl\/wp-content\/uploads\/2024\/09\/DSC06369-1536x1026.jpg 1536w, https:\/\/www.confederaciondelcobre.cl\/wp-content\/uploads\/2024\/09\/DSC06369-2048x1368.jpg 2048w\" sizes=\"auto, (max-width: 1024px) 100vw, 1024px\" \/><\/figure>\n\n\n\n<figure class=\"wp-block-image size-large\"><img loading=\"lazy\" decoding=\"async\" width=\"1024\" height=\"616\" data-id=\"5411\" src=\"https:\/\/www.confederaciondelcobre.cl\/wp-content\/uploads\/2024\/09\/DSC06378-1024x616.jpg\" alt=\"\" class=\"wp-image-5411\" srcset=\"https:\/\/www.confederaciondelcobre.cl\/wp-content\/uploads\/2024\/09\/DSC06378-1024x616.jpg 1024w, https:\/\/www.confederaciondelcobre.cl\/wp-content\/uploads\/2024\/09\/DSC06378-300x180.jpg 300w, https:\/\/www.confederaciondelcobre.cl\/wp-content\/uploads\/2024\/09\/DSC06378-768x462.jpg 768w, https:\/\/www.confederaciondelcobre.cl\/wp-content\/uploads\/2024\/09\/DSC06378-1536x924.jpg 1536w, https:\/\/www.confederaciondelcobre.cl\/wp-content\/uploads\/2024\/09\/DSC06378-2048x1231.jpg 2048w\" sizes=\"auto, (max-width: 1024px) 100vw, 1024px\" \/><\/figure>\n\n\n\n<figure class=\"wp-block-image size-large\"><img loading=\"lazy\" decoding=\"async\" width=\"1024\" height=\"682\" data-id=\"5410\" src=\"https:\/\/www.confederaciondelcobre.cl\/wp-content\/uploads\/2024\/09\/DSC06390-1024x682.jpg\" alt=\"\" class=\"wp-image-5410\" srcset=\"https:\/\/www.confederaciondelcobre.cl\/wp-content\/uploads\/2024\/09\/DSC06390-1024x682.jpg 1024w, https:\/\/www.confederaciondelcobre.cl\/wp-content\/uploads\/2024\/09\/DSC06390-300x200.jpg 300w, https:\/\/www.confederaciondelcobre.cl\/wp-content\/uploads\/2024\/09\/DSC06390-768x511.jpg 768w, https:\/\/www.confederaciondelcobre.cl\/wp-content\/uploads\/2024\/09\/DSC06390-1536x1023.jpg 1536w, https:\/\/www.confederaciondelcobre.cl\/wp-content\/uploads\/2024\/09\/DSC06390-2048x1364.jpg 2048w\" sizes=\"auto, (max-width: 1024px) 100vw, 1024px\" \/><\/figure>\n\n\n\n<figure class=\"wp-block-image size-large\"><img loading=\"lazy\" decoding=\"async\" width=\"1024\" height=\"713\" data-id=\"5409\" src=\"https:\/\/www.confederaciondelcobre.cl\/wp-content\/uploads\/2024\/09\/DSC06426-1024x713.jpg\" alt=\"\" class=\"wp-image-5409\" srcset=\"https:\/\/www.confederaciondelcobre.cl\/wp-content\/uploads\/2024\/09\/DSC06426-1024x713.jpg 1024w, https:\/\/www.confederaciondelcobre.cl\/wp-content\/uploads\/2024\/09\/DSC06426-300x209.jpg 300w, https:\/\/www.confederaciondelcobre.cl\/wp-content\/uploads\/2024\/09\/DSC06426-768x535.jpg 768w, https:\/\/www.confederaciondelcobre.cl\/wp-content\/uploads\/2024\/09\/DSC06426-1536x1070.jpg 1536w, https:\/\/www.confederaciondelcobre.cl\/wp-content\/uploads\/2024\/09\/DSC06426-2048x1426.jpg 2048w, https:\/\/www.confederaciondelcobre.cl\/wp-content\/uploads\/2024\/09\/DSC06426-135x93.jpg 135w\" sizes=\"auto, (max-width: 1024px) 100vw, 1024px\" \/><\/figure>\n\n\n\n<figure class=\"wp-block-image size-large\"><img loading=\"lazy\" decoding=\"async\" width=\"1024\" height=\"684\" data-id=\"5408\" src=\"https:\/\/www.confederaciondelcobre.cl\/wp-content\/uploads\/2024\/09\/DSC06532-1024x684.jpg\" alt=\"\" class=\"wp-image-5408\" srcset=\"https:\/\/www.confederaciondelcobre.cl\/wp-content\/uploads\/2024\/09\/DSC06532-1024x684.jpg 1024w, https:\/\/www.confederaciondelcobre.cl\/wp-content\/uploads\/2024\/09\/DSC06532-300x200.jpg 300w, https:\/\/www.confederaciondelcobre.cl\/wp-content\/uploads\/2024\/09\/DSC06532-768x513.jpg 768w, https:\/\/www.confederaciondelcobre.cl\/wp-content\/uploads\/2024\/09\/DSC06532-1536x1026.jpg 1536w, https:\/\/www.confederaciondelcobre.cl\/wp-content\/uploads\/2024\/09\/DSC06532-2048x1368.jpg 2048w\" sizes=\"auto, (max-width: 1024px) 100vw, 1024px\" \/><\/figure>\n\n\n\n<figure class=\"wp-block-image size-large\"><img loading=\"lazy\" decoding=\"async\" width=\"1024\" height=\"684\" data-id=\"5407\" src=\"https:\/\/www.confederaciondelcobre.cl\/wp-content\/uploads\/2024\/09\/DSC06517-1024x684.jpg\" alt=\"\" class=\"wp-image-5407\" srcset=\"https:\/\/www.confederaciondelcobre.cl\/wp-content\/uploads\/2024\/09\/DSC06517-1024x684.jpg 1024w, https:\/\/www.confederaciondelcobre.cl\/wp-content\/uploads\/2024\/09\/DSC06517-300x200.jpg 300w, https:\/\/www.confederaciondelcobre.cl\/wp-content\/uploads\/2024\/09\/DSC06517-768x513.jpg 768w, https:\/\/www.confederaciondelcobre.cl\/wp-content\/uploads\/2024\/09\/DSC06517-1536x1026.jpg 1536w, https:\/\/www.confederaciondelcobre.cl\/wp-content\/uploads\/2024\/09\/DSC06517-2048x1368.jpg 2048w\" sizes=\"auto, (max-width: 1024px) 100vw, 1024px\" \/><\/figure>\n\n\n\n<figure class=\"wp-block-image size-large\"><img loading=\"lazy\" decoding=\"async\" width=\"1024\" height=\"684\" data-id=\"5406\" src=\"https:\/\/www.confederaciondelcobre.cl\/wp-content\/uploads\/2024\/09\/DSC06519-1024x684.jpg\" alt=\"\" class=\"wp-image-5406\" srcset=\"https:\/\/www.confederaciondelcobre.cl\/wp-content\/uploads\/2024\/09\/DSC06519-1024x684.jpg 1024w, https:\/\/www.confederaciondelcobre.cl\/wp-content\/uploads\/2024\/09\/DSC06519-300x200.jpg 300w, https:\/\/www.confederaciondelcobre.cl\/wp-content\/uploads\/2024\/09\/DSC06519-768x513.jpg 768w, https:\/\/www.confederaciondelcobre.cl\/wp-content\/uploads\/2024\/09\/DSC06519-1536x1026.jpg 1536w, https:\/\/www.confederaciondelcobre.cl\/wp-content\/uploads\/2024\/09\/DSC06519-2048x1368.jpg 2048w\" sizes=\"auto, (max-width: 1024px) 100vw, 1024px\" \/><\/figure>\n\n\n\n<figure class=\"wp-block-image size-large\"><img loading=\"lazy\" decoding=\"async\" width=\"1024\" height=\"684\" data-id=\"5405\" src=\"https:\/\/www.confederaciondelcobre.cl\/wp-content\/uploads\/2024\/09\/DSC06551-1024x684.jpg\" alt=\"\" class=\"wp-image-5405\" srcset=\"https:\/\/www.confederaciondelcobre.cl\/wp-content\/uploads\/2024\/09\/DSC06551-1024x684.jpg 1024w, https:\/\/www.confederaciondelcobre.cl\/wp-content\/uploads\/2024\/09\/DSC06551-300x200.jpg 300w, https:\/\/www.confederaciondelcobre.cl\/wp-content\/uploads\/2024\/09\/DSC06551-768x513.jpg 768w, https:\/\/www.confederaciondelcobre.cl\/wp-content\/uploads\/2024\/09\/DSC06551-1536x1026.jpg 1536w, https:\/\/www.confederaciondelcobre.cl\/wp-content\/uploads\/2024\/09\/DSC06551-2048x1368.jpg 2048w\" sizes=\"auto, (max-width: 1024px) 100vw, 1024px\" \/><\/figure>\n\n\n\n<figure class=\"wp-block-image size-large\"><img loading=\"lazy\" decoding=\"async\" width=\"1024\" height=\"578\" data-id=\"5404\" src=\"https:\/\/www.confederaciondelcobre.cl\/wp-content\/uploads\/2024\/09\/DSC06495-1024x578.jpg\" alt=\"\" class=\"wp-image-5404\" srcset=\"https:\/\/www.confederaciondelcobre.cl\/wp-content\/uploads\/2024\/09\/DSC06495-1024x578.jpg 1024w, https:\/\/www.confederaciondelcobre.cl\/wp-content\/uploads\/2024\/09\/DSC06495-300x169.jpg 300w, https:\/\/www.confederaciondelcobre.cl\/wp-content\/uploads\/2024\/09\/DSC06495-768x434.jpg 768w, https:\/\/www.confederaciondelcobre.cl\/wp-content\/uploads\/2024\/09\/DSC06495-1536x867.jpg 1536w, https:\/\/www.confederaciondelcobre.cl\/wp-content\/uploads\/2024\/09\/DSC06495-2048x1156.jpg 2048w\" sizes=\"auto, (max-width: 1024px) 100vw, 1024px\" \/><\/figure>\n\n\n\n<figure class=\"wp-block-image size-large\"><img loading=\"lazy\" decoding=\"async\" width=\"1024\" height=\"579\" data-id=\"5403\" src=\"https:\/\/www.confederaciondelcobre.cl\/wp-content\/uploads\/2024\/09\/DSC06478-1024x579.jpg\" alt=\"\" class=\"wp-image-5403\" srcset=\"https:\/\/www.confederaciondelcobre.cl\/wp-content\/uploads\/2024\/09\/DSC06478-1024x579.jpg 1024w, https:\/\/www.confederaciondelcobre.cl\/wp-content\/uploads\/2024\/09\/DSC06478-300x170.jpg 300w, https:\/\/www.confederaciondelcobre.cl\/wp-content\/uploads\/2024\/09\/DSC06478-768x434.jpg 768w, https:\/\/www.confederaciondelcobre.cl\/wp-content\/uploads\/2024\/09\/DSC06478-1536x869.jpg 1536w, https:\/\/www.confederaciondelcobre.cl\/wp-content\/uploads\/2024\/09\/DSC06478-2048x1158.jpg 2048w\" sizes=\"auto, (max-width: 1024px) 100vw, 1024px\" \/><\/figure>\n<\/figure>\n","protected":false},"excerpt":{"rendered":"<p>El pasado 29 y 30 de agosto se realiz\u00f3 un nuevo despliegue territorial en Iquique, encabezado por el Comit\u00e9 Ejecutivo de la Confederaci\u00f3n de Trabajadores del Cobre y la Federaci\u00f3n &hellip; <\/p>\n","protected":false},"author":2,"featured_media":5404,"comment_status":"closed","ping_status":"closed","sticky":false,"template":"","format":"standard","meta":{"jetpack_post_was_ever_published":false,"_jetpack_newsletter_access":"","_jetpack_dont_email_post_to_subs":false,"_jetpack_newsletter_tier_id":0,"_jetpack_memberships_contains_paywalled_content":false,"_jetpack_memberships_contains_paid_content":false,"footnotes":"","jetpack_publicize_message":"","jetpack_publicize_feature_enabled":true,"jetpack_social_post_already_shared":true,"jetpack_social_options":{"image_generator_settings":{"template":"highway","default_image_id":0,"enabled":false},"version":2}},"categories":[9],"tags":[],"class_list":["post-5402","post","type-post","status-publish","format-standard","has-post-thumbnail","hentry","category-confederacion"],"jetpack_publicize_connections":[],"jetpack_featured_media_url":"https:\/\/www.confederaciondelcobre.cl\/wp-content\/uploads\/2024\/09\/DSC06495-scaled.jpg","jetpack_sharing_enabled":true,"post_mailing_queue_ids":[],"_links":{"self":[{"href":"https:\/\/www.confederaciondelcobre.cl\/index.php\/wp-json\/wp\/v2\/posts\/5402","targetHints":{"allow":["GET"]}}],"collection":[{"href":"https:\/\/www.confederaciondelcobre.cl\/index.php\/wp-json\/wp\/v2\/posts"}],"about":[{"href":"https:\/\/www.confederaciondelcobre.cl\/index.php\/wp-json\/wp\/v2\/types\/post"}],"author":[{"embeddable":true,"href":"https:\/\/www.confederaciondelcobre.cl\/index.php\/wp-json\/wp\/v2\/users\/2"}],"replies":[{"embeddable":true,"href":"https:\/\/www.confederaciondelcobre.cl\/index.php\/wp-json\/wp\/v2\/comments?post=5402"}],"version-history":[{"count":1,"href":"https:\/\/www.confederaciondelcobre.cl\/index.php\/wp-json\/wp\/v2\/posts\/5402\/revisions"}],"predecessor-version":[{"id":5413,"href":"https:\/\/www.confederaciondelcobre.cl\/index.php\/wp-json\/wp\/v2\/posts\/5402\/revisions\/5413"}],"wp:featuredmedia":[{"embeddable":true,"href":"https:\/\/www.confederaciondelcobre.cl\/index.php\/wp-json\/wp\/v2\/media\/5404"}],"wp:attachment":[{"href":"https:\/\/www.confederaciondelcobre.cl\/index.php\/wp-json\/wp\/v2\/media?parent=5402"}],"wp:term":[{"taxonomy":"category","embeddable":true,"href":"https:\/\/www.confederaciondelcobre.cl\/index.php\/wp-json\/wp\/v2\/categories?post=5402"},{"taxonomy":"post_tag","embeddable":true,"href":"https:\/\/www.confederaciondelcobre.cl\/index.php\/wp-json\/wp\/v2\/tags?post=5402"}],"curies":[{"name":"wp","href":"https:\/\/api.w.org\/{rel}","templated":true}]}}