{"id":5420,"date":"2024-09-12T09:52:46","date_gmt":"2024-09-12T13:52:46","guid":{"rendered":"https:\/\/www.confederaciondelcobre.cl\/?p=5420"},"modified":"2024-09-12T10:06:59","modified_gmt":"2024-09-12T14:06:59","slug":"septiembre-siempre-en-la-memoria","status":"publish","type":"post","link":"https:\/\/www.confederaciondelcobre.cl\/index.php\/2024\/09\/12\/septiembre-siempre-en-la-memoria\/","title":{"rendered":"SEPTIEMBRE, siempre en la MEMORIA"},"content":{"rendered":"\n<figure class=\"wp-block-image size-large\"><img loading=\"lazy\" decoding=\"async\" width=\"1024\" height=\"819\" src=\"https:\/\/www.confederaciondelcobre.cl\/wp-content\/uploads\/2024\/09\/SALVADOR-ALLENDE-Cartel-254-x-203-cm-1024x819.png\" alt=\"\" class=\"wp-image-5429\" srcset=\"https:\/\/www.confederaciondelcobre.cl\/wp-content\/uploads\/2024\/09\/SALVADOR-ALLENDE-Cartel-254-x-203-cm-1024x819.png 1024w, https:\/\/www.confederaciondelcobre.cl\/wp-content\/uploads\/2024\/09\/SALVADOR-ALLENDE-Cartel-254-x-203-cm-300x240.png 300w, https:\/\/www.confederaciondelcobre.cl\/wp-content\/uploads\/2024\/09\/SALVADOR-ALLENDE-Cartel-254-x-203-cm-768x614.png 768w, https:\/\/www.confederaciondelcobre.cl\/wp-content\/uploads\/2024\/09\/SALVADOR-ALLENDE-Cartel-254-x-203-cm-1536x1229.png 1536w, https:\/\/www.confederaciondelcobre.cl\/wp-content\/uploads\/2024\/09\/SALVADOR-ALLENDE-Cartel-254-x-203-cm-2048x1638.png 2048w\" sizes=\"auto, (max-width: 1024px) 100vw, 1024px\" \/><\/figure>\n\n\n\n<p><\/p>\n\n\n\n<p>A 51 a\u00f1os del golpe Civil Militar los trabajadores y trabajadoras no olvidamos a quienes nos antecedieron en la lucha por un mundo m\u00e1s humano y justo. Como cada 11 de septiembre rendimos homenaje a los hombres y mujeres que constru\u00edan un Chile con una sociedad mejor y con la dignidad que merece su pueblo.<\/p>\n\n\n\n<p>El homenaje que hoy venimos a rendir significa renovar el compromiso con la Memoria, con la b\u00fasqueda de la Verdad y la Justicia, seguir luchando por mejores condiciones de vida y m\u00e1s dignidad para nuestra clase, y es por eso que, con firme convicci\u00f3n, debemos recuperar la negociaci\u00f3n Ramal.<\/p>\n\n\n\n<p>El llamado es a organizarse, a exigir derechos, y a hacernos cargo de nuestra propia historia con el ejemplo de nuestras compa\u00f1eras y compa\u00f1eros ca\u00eddos.<\/p>\n\n\n\n<p>Solo con Verdad y Justicia avanzaremos hacia una sociedad verdaderamente democr\u00e1tica para las y los trabajadores, y es fundamental avanzar colectivamente. El plan de b\u00fasqueda no es solo una tarea de los familiares, sino que debe ser una tarea de la sociedad en su conjunto.<\/p>\n\n\n\n<p><em>\u201cHonor y Gloria a nuestros compa\u00f1eros y compa\u00f1eras, No borrar\u00e1n la sangre de los que aqu\u00ed cayeron.\u201d<\/em><\/p>\n\n\n\n<p>Ana Lamas Aguirre, Presidenta CTC.<\/p>\n\n\n\n<figure class=\"wp-block-gallery has-nested-images columns-default is-cropped wp-block-gallery-1 is-layout-flex wp-block-gallery-is-layout-flex\">\n<figure class=\"wp-block-image size-large\"><img loading=\"lazy\" decoding=\"async\" width=\"819\" height=\"1024\" data-id=\"5422\" src=\"https:\/\/www.confederaciondelcobre.cl\/wp-content\/uploads\/2024\/09\/WhatsApp-Image-2024-09-11-at-20.39.15-1-819x1024.jpeg\" alt=\"\" class=\"wp-image-5422\" srcset=\"https:\/\/www.confederaciondelcobre.cl\/wp-content\/uploads\/2024\/09\/WhatsApp-Image-2024-09-11-at-20.39.15-1-819x1024.jpeg 819w, https:\/\/www.confederaciondelcobre.cl\/wp-content\/uploads\/2024\/09\/WhatsApp-Image-2024-09-11-at-20.39.15-1-240x300.jpeg 240w, https:\/\/www.confederaciondelcobre.cl\/wp-content\/uploads\/2024\/09\/WhatsApp-Image-2024-09-11-at-20.39.15-1-768x960.jpeg 768w, https:\/\/www.confederaciondelcobre.cl\/wp-content\/uploads\/2024\/09\/WhatsApp-Image-2024-09-11-at-20.39.15-1-1229x1536.jpeg 1229w, https:\/\/www.confederaciondelcobre.cl\/wp-content\/uploads\/2024\/09\/WhatsApp-Image-2024-09-11-at-20.39.15-1.jpeg 1280w\" sizes=\"auto, (max-width: 819px) 100vw, 819px\" \/><\/figure>\n\n\n\n<figure class=\"wp-block-image size-large\"><img loading=\"lazy\" decoding=\"async\" width=\"819\" height=\"1024\" data-id=\"5421\" src=\"https:\/\/www.confederaciondelcobre.cl\/wp-content\/uploads\/2024\/09\/SALVADOR-ALLENDE-4-819x1024.png\" alt=\"\" class=\"wp-image-5421\" srcset=\"https:\/\/www.confederaciondelcobre.cl\/wp-content\/uploads\/2024\/09\/SALVADOR-ALLENDE-4-819x1024.png 819w, https:\/\/www.confederaciondelcobre.cl\/wp-content\/uploads\/2024\/09\/SALVADOR-ALLENDE-4-240x300.png 240w, https:\/\/www.confederaciondelcobre.cl\/wp-content\/uploads\/2024\/09\/SALVADOR-ALLENDE-4-768x960.png 768w, https:\/\/www.confederaciondelcobre.cl\/wp-content\/uploads\/2024\/09\/SALVADOR-ALLENDE-4-1229x1536.png 1229w, https:\/\/www.confederaciondelcobre.cl\/wp-content\/uploads\/2024\/09\/SALVADOR-ALLENDE-4-1639x2048.png 1639w, https:\/\/www.confederaciondelcobre.cl\/wp-content\/uploads\/2024\/09\/SALVADOR-ALLENDE-4.png 2025w\" sizes=\"auto, (max-width: 819px) 100vw, 819px\" \/><\/figure>\n<\/figure>\n\n\n\n<figure class=\"wp-block-image size-large\"><img loading=\"lazy\" decoding=\"async\" width=\"819\" height=\"1024\" src=\"https:\/\/www.confederaciondelcobre.cl\/wp-content\/uploads\/2024\/09\/WhatsApp-Image-2024-09-11-at-20.39.15-819x1024.jpeg\" alt=\"\" class=\"wp-image-5423\" srcset=\"https:\/\/www.confederaciondelcobre.cl\/wp-content\/uploads\/2024\/09\/WhatsApp-Image-2024-09-11-at-20.39.15-819x1024.jpeg 819w, https:\/\/www.confederaciondelcobre.cl\/wp-content\/uploads\/2024\/09\/WhatsApp-Image-2024-09-11-at-20.39.15-240x300.jpeg 240w, https:\/\/www.confederaciondelcobre.cl\/wp-content\/uploads\/2024\/09\/WhatsApp-Image-2024-09-11-at-20.39.15-768x960.jpeg 768w, https:\/\/www.confederaciondelcobre.cl\/wp-content\/uploads\/2024\/09\/WhatsApp-Image-2024-09-11-at-20.39.15-1229x1536.jpeg 1229w, https:\/\/www.confederaciondelcobre.cl\/wp-content\/uploads\/2024\/09\/WhatsApp-Image-2024-09-11-at-20.39.15.jpeg 1280w\" sizes=\"auto, (max-width: 819px) 100vw, 819px\" \/><\/figure>\n","protected":false},"excerpt":{"rendered":"<p>A 51 a\u00f1os del golpe Civil Militar los trabajadores y trabajadoras no olvidamos a quienes nos antecedieron en la lucha por un mundo m\u00e1s humano y justo. Como cada 11 &hellip; <\/p>\n","protected":false},"author":2,"featured_media":5429,"comment_status":"closed","ping_status":"closed","sticky":false,"template":"","format":"standard","meta":{"jetpack_post_was_ever_published":false,"_jetpack_newsletter_access":"","_jetpack_dont_email_post_to_subs":false,"_jetpack_newsletter_tier_id":0,"_jetpack_memberships_contains_paywalled_content":false,"_jetpack_memberships_contains_paid_content":false,"footnotes":"","jetpack_publicize_message":"","jetpack_publicize_feature_enabled":true,"jetpack_social_post_already_shared":true,"jetpack_social_options":{"image_generator_settings":{"template":"highway","default_image_id":0,"enabled":false},"version":2}},"categories":[37,9,27,45,19],"tags":[],"class_list":["post-5420","post","type-post","status-publish","format-standard","has-post-thumbnail","hentry","category-memoriactc","category-confederacion","category-cut","category-negociacion-ramal","category-trabajadores"],"jetpack_publicize_connections":[],"jetpack_featured_media_url":"https:\/\/www.confederaciondelcobre.cl\/wp-content\/uploads\/2024\/09\/SALVADOR-ALLENDE-Cartel-254-x-203-cm.png","jetpack_sharing_enabled":true,"post_mailing_queue_ids":[],"_links":{"self":[{"href":"https:\/\/www.confederaciondelcobre.cl\/index.php\/wp-json\/wp\/v2\/posts\/5420","targetHints":{"allow":["GET"]}}],"collection":[{"href":"https:\/\/www.confederaciondelcobre.cl\/index.php\/wp-json\/wp\/v2\/posts"}],"about":[{"href":"https:\/\/www.confederaciondelcobre.cl\/index.php\/wp-json\/wp\/v2\/types\/post"}],"author":[{"embeddable":true,"href":"https:\/\/www.confederaciondelcobre.cl\/index.php\/wp-json\/wp\/v2\/users\/2"}],"replies":[{"embeddable":true,"href":"https:\/\/www.confederaciondelcobre.cl\/index.php\/wp-json\/wp\/v2\/comments?post=5420"}],"version-history":[{"count":3,"href":"https:\/\/www.confederaciondelcobre.cl\/index.php\/wp-json\/wp\/v2\/posts\/5420\/revisions"}],"predecessor-version":[{"id":5430,"href":"https:\/\/www.confederaciondelcobre.cl\/index.php\/wp-json\/wp\/v2\/posts\/5420\/revisions\/5430"}],"wp:featuredmedia":[{"embeddable":true,"href":"https:\/\/www.confederaciondelcobre.cl\/index.php\/wp-json\/wp\/v2\/media\/5429"}],"wp:attachment":[{"href":"https:\/\/www.confederaciondelcobre.cl\/index.php\/wp-json\/wp\/v2\/media?parent=5420"}],"wp:term":[{"taxonomy":"category","embeddable":true,"href":"https:\/\/www.confederaciondelcobre.cl\/index.php\/wp-json\/wp\/v2\/categories?post=5420"},{"taxonomy":"post_tag","embeddable":true,"href":"https:\/\/www.confederaciondelcobre.cl\/index.php\/wp-json\/wp\/v2\/tags?post=5420"}],"curies":[{"name":"wp","href":"https:\/\/api.w.org\/{rel}","templated":true}]}}