{"id":5432,"date":"2024-09-13T23:27:32","date_gmt":"2024-09-14T03:27:32","guid":{"rendered":"https:\/\/www.confederaciondelcobre.cl\/?p=5432"},"modified":"2024-09-13T23:27:34","modified_gmt":"2024-09-14T03:27:34","slug":"sindicato-de-trabajadores-y-trabajadoras-de-empresa-berlian-s-p-a-vota-de-manera-favorable-su-afiliacion-a-fesitram","status":"publish","type":"post","link":"https:\/\/www.confederaciondelcobre.cl\/index.php\/2024\/09\/13\/sindicato-de-trabajadores-y-trabajadoras-de-empresa-berlian-s-p-a-vota-de-manera-favorable-su-afiliacion-a-fesitram\/","title":{"rendered":"Sindicato de Trabajadores y Trabajadoras de empresa Berlian S.P.A., vota de manera favorable su afiliaci\u00f3n a FESITRAM"},"content":{"rendered":"\n<p>CALAMA | Los d\u00edas 10 y 11 de septiembre pasados, el Sindicato de Trabajadores y Trabajadoras de empresa Berlian S.P.A., vot\u00f3, con un 91% de preferencias, su afiliaci\u00f3n a la Federaci\u00f3n de Trabajadores y Trabajadoras de la miner\u00eda y organizaciones afines, brazo org\u00e1nico de la Confederaci\u00f3n de Trabajadores del Cobre.<\/p>\n\n\n\n<p>La nueva organizaci\u00f3n afiliada pertenece al servicio de mantenci\u00f3n integral de plantas de molienda AO, A1A2, A3, 5 Molino y Remolienda, del establecimiento de Chuquicamata, marcando un importante avance en la propagaci\u00f3n de fuerzas en el movimiento sindical de la segunda regi\u00f3n.<\/p>\n\n\n\n<p><strong><u>Juan Galindo<\/u><\/strong>, actual presidente de la <strong>Federaci\u00f3n de Trabajadores y Trabajadoras de la Miner\u00eda y Organizaciones Afines \u2013FESITRAM<\/strong>-, y tambi\u00e9n, director de la CTC indic\u00f3 que <strong><em>\u201ceste es un \u00e9xito que se logra gracias a la confianza de los trabajadores del Sindicato de Trabajadores y Trabajadoras de empresa Berlian, que se bas\u00f3 fundamentalmente para fortalecer el trabajo mancomunado que tenemos con los sindicatos, por lo que avisoramos un buen futuro\u201d<\/em><\/strong>.<\/p>\n\n\n\n<p>Por su parte, <strong><u>Carlos Contreras<\/u><\/strong>, presidente del <strong>Sindicato de Trabajadores y Trabajadores Berlian, de la concentradora de Chuquicamata,<\/strong> se mostr\u00f3 satisfecho: <strong><em>\u201cEstamos contentos, la votaci\u00f3n fue favorable, cumpli\u00f3 con las expectativas, y es importante para nosotros como sindicato, ya que el hecho de pertenecer a la CTC nos da un espaldarazo gigante, para todo lo que nosotros pretendemos a futuro como sindicato. Estamos en apoyo de los compa\u00f1eros, y era necesario dar este paso para cumplir objetivos m\u00e1s grandes, ojal\u00e1 en un futuro con negociaci\u00f3n ramal y este paso era muy importante para eso. Tambi\u00e9n nos entusiasma poder ser una voz dentro de las negociaciones que se vienen.\u201d<\/em><\/strong><\/p>\n\n\n\n<p>Desde la CTC, la mirada es muy estrecha con la de los dirigentes, <strong><u>Jos\u00e9 Mardones<\/u><\/strong>, director nacional de la CTC, encargado jur\u00eddico de la misma, en su funci\u00f3n de encargado de organizaci\u00f3n de la Federaci\u00f3n, nos entreg\u00f3 sus impresiones &#8211; <strong><em>\u201cpara nosotros como confederaci\u00f3n es un honor tener un sindicato de los contratistas de Chuquicamata, que se pueda incorporar a nuestra federaci\u00f3n, no solo porque es importante, sino porque lo que buscamos con nuestras federaciones en las diferentes faenas o divisiones de Codelco, es fortalecer y trabajar codo a codo y de la mano con nuestros sindicatos para poder fortalecer el trabajo sindical y sobretodo el trabajo que debe hacer la confederaci\u00f3n , y por ende la propia federaci\u00f3n en el territorio, espec\u00edficamente en Calama\u201d.<\/em><\/strong><\/p>\n\n\n\n<p>Pero, \u00bfCu\u00e1l es el mayor objetivo a alcanzar junto a los sindicatos afiliados?, <strong><u>Jos\u00e9 Mardones<\/u><\/strong>, es claro: &#8211; <strong><em>\u201cEs seguir en el proceso de fortalecimiento de nuestra federaci\u00f3n y por ende de la CTC para empezar a juntar m\u00e1s que las ideas, juntar la fuerza, sobre todo juntar la disposici\u00f3n para luchar por los derechos de los trabajadores y trabajadoras contratistas, pero por sobre todo tambi\u00e9n darnos a conocer con una voz m\u00e1s fuerte y con un proceso de participaci\u00f3n de los sindicatos que hoy dia no est\u00e1n incorporados, y puedan tener participaci\u00f3n, voz y voto, en las decisiones que la confederaci\u00f3n tenga en el futuro, por la importancia de estar unidos y cohesionados, en disposici\u00f3n de defender nuestras conquistas sindicales, por lo tanto, hacemos un llamado, y espec\u00edficamente hago un llamado a todos los trabajadores que no est\u00e1n sindicalizados\u00a0 a organizarse pero tambi\u00e9n a todos los trabajadores de las empresa contratistas que prestan servicios en Calama, en El Teniente, El Salvador, en Los Andes, entendiendo que la unidad se genera a trav\u00e9s de la incorporaci\u00f3n de los sindicatos a las federaciones, a las organizaciones madre como es la Confederaci\u00f3n de Trabajadores del Cobre\u201d.<\/em><\/strong><\/p>\n\n\n<div class=\"wp-block-site-logo\"><a href=\"https:\/\/www.confederaciondelcobre.cl\/\" class=\"custom-logo-link\" rel=\"home\"><img loading=\"lazy\" decoding=\"async\" width=\"736\" height=\"89\" src=\"https:\/\/www.confederaciondelcobre.cl\/wp-content\/uploads\/2023\/01\/TituloWebCTC.png\" class=\"custom-logo\" alt=\"Confederaci\u00f3n de Trabajadores del Cobre &#8211; CTC\" srcset=\"https:\/\/www.confederaciondelcobre.cl\/wp-content\/uploads\/2023\/01\/TituloWebCTC.png 606w, https:\/\/www.confederaciondelcobre.cl\/wp-content\/uploads\/2023\/01\/TituloWebCTC-300x37.png 300w\" sizes=\"auto, (max-width: 736px) 100vw, 736px\" \/><\/a><\/div>","protected":false},"excerpt":{"rendered":"<p>CALAMA | Los d\u00edas 10 y 11 de septiembre pasados, el Sindicato de Trabajadores y Trabajadoras de empresa Berlian S.P.A., vot\u00f3, con un 91% de preferencias, su afiliaci\u00f3n a la &hellip; <\/p>\n","protected":false},"author":2,"featured_media":5436,"comment_status":"closed","ping_status":"closed","sticky":false,"template":"","format":"standard","meta":{"jetpack_post_was_ever_published":false,"_jetpack_newsletter_access":"","_jetpack_dont_email_post_to_subs":false,"_jetpack_newsletter_tier_id":0,"_jetpack_memberships_contains_paywalled_content":false,"_jetpack_memberships_contains_paid_content":false,"footnotes":"","jetpack_publicize_message":"","jetpack_publicize_feature_enabled":true,"jetpack_social_post_already_shared":true,"jetpack_social_options":{"image_generator_settings":{"template":"highway","default_image_id":0,"enabled":false},"version":2}},"categories":[9],"tags":[],"class_list":["post-5432","post","type-post","status-publish","format-standard","has-post-thumbnail","hentry","category-confederacion"],"jetpack_publicize_connections":[],"jetpack_featured_media_url":"https:\/\/www.confederaciondelcobre.cl\/wp-content\/uploads\/2024\/09\/WhatsApp-Image-2024-09-14-at-00.25.17.jpeg","jetpack_sharing_enabled":true,"post_mailing_queue_ids":[],"_links":{"self":[{"href":"https:\/\/www.confederaciondelcobre.cl\/index.php\/wp-json\/wp\/v2\/posts\/5432","targetHints":{"allow":["GET"]}}],"collection":[{"href":"https:\/\/www.confederaciondelcobre.cl\/index.php\/wp-json\/wp\/v2\/posts"}],"about":[{"href":"https:\/\/www.confederaciondelcobre.cl\/index.php\/wp-json\/wp\/v2\/types\/post"}],"author":[{"embeddable":true,"href":"https:\/\/www.confederaciondelcobre.cl\/index.php\/wp-json\/wp\/v2\/users\/2"}],"replies":[{"embeddable":true,"href":"https:\/\/www.confederaciondelcobre.cl\/index.php\/wp-json\/wp\/v2\/comments?post=5432"}],"version-history":[{"count":2,"href":"https:\/\/www.confederaciondelcobre.cl\/index.php\/wp-json\/wp\/v2\/posts\/5432\/revisions"}],"predecessor-version":[{"id":5437,"href":"https:\/\/www.confederaciondelcobre.cl\/index.php\/wp-json\/wp\/v2\/posts\/5432\/revisions\/5437"}],"wp:featuredmedia":[{"embeddable":true,"href":"https:\/\/www.confederaciondelcobre.cl\/index.php\/wp-json\/wp\/v2\/media\/5436"}],"wp:attachment":[{"href":"https:\/\/www.confederaciondelcobre.cl\/index.php\/wp-json\/wp\/v2\/media?parent=5432"}],"wp:term":[{"taxonomy":"category","embeddable":true,"href":"https:\/\/www.confederaciondelcobre.cl\/index.php\/wp-json\/wp\/v2\/categories?post=5432"},{"taxonomy":"post_tag","embeddable":true,"href":"https:\/\/www.confederaciondelcobre.cl\/index.php\/wp-json\/wp\/v2\/tags?post=5432"}],"curies":[{"name":"wp","href":"https:\/\/api.w.org\/{rel}","templated":true}]}}