{"id":5438,"date":"2024-10-03T11:56:26","date_gmt":"2024-10-03T15:56:26","guid":{"rendered":"https:\/\/www.confederaciondelcobre.cl\/?p=5438"},"modified":"2024-10-09T09:44:52","modified_gmt":"2024-10-09T13:44:52","slug":"pisagua-se-descubren-tres-placas-en-sitio-de-memoria-de-pisagua","status":"publish","type":"post","link":"https:\/\/www.confederaciondelcobre.cl\/index.php\/2024\/10\/03\/pisagua-se-descubren-tres-placas-en-sitio-de-memoria-de-pisagua\/","title":{"rendered":"PISAGUA | Se descubren tres placas en Sitio de Memoria de Pisagua."},"content":{"rendered":"\n<p><strong>#CTCMEMORIA<\/strong><\/p>\n\n\n\n<figure class=\"wp-block-image size-large\"><img loading=\"lazy\" decoding=\"async\" width=\"1600\" height=\"900\" src=\"https:\/\/www.confederaciondelcobre.cl\/wp-content\/uploads\/2024\/10\/WhatsApp-Image-2024-10-01-at-22.18.49-edited.jpeg\" alt=\"\" class=\"wp-image-5440\" srcset=\"https:\/\/www.confederaciondelcobre.cl\/wp-content\/uploads\/2024\/10\/WhatsApp-Image-2024-10-01-at-22.18.49-edited.jpeg 1600w, https:\/\/www.confederaciondelcobre.cl\/wp-content\/uploads\/2024\/10\/WhatsApp-Image-2024-10-01-at-22.18.49-edited-300x169.jpeg 300w, https:\/\/www.confederaciondelcobre.cl\/wp-content\/uploads\/2024\/10\/WhatsApp-Image-2024-10-01-at-22.18.49-edited-1024x576.jpeg 1024w, https:\/\/www.confederaciondelcobre.cl\/wp-content\/uploads\/2024\/10\/WhatsApp-Image-2024-10-01-at-22.18.49-edited-768x432.jpeg 768w, https:\/\/www.confederaciondelcobre.cl\/wp-content\/uploads\/2024\/10\/WhatsApp-Image-2024-10-01-at-22.18.49-edited-1536x864.jpeg 1536w\" sizes=\"auto, (max-width: 1600px) 100vw, 1600px\" \/><\/figure>\n\n\n\n<p><strong>Hace algunos d\u00edas, nuestros compa\u00f1eros de FEMINORT fueron invitados, como parte tambi\u00e9n del comit\u00e9 Comit\u00e9 Pro centenario de las matanzas obreras de 1925 de Coru\u00f1a y Marusia, que tiene como objetivo conducir a la conmemoraci\u00f3n del Centenario de la Huelga del Salitre de 1925 y los sucesos represivos en la Pampa con ocasi\u00f3n de dicha movilizaci\u00f3n, <strong>al descubrimiento de tres placas conmemorativas en Pisagua, <strong><strong>Sitio Hist\u00f3rico y de Memoria<\/strong><\/strong><\/strong>, cuya actividad fue convocada por la Agrupaci\u00f3n de Familiares de Ejecutados Pol\u00edticos y Detenidos Desaparecidos de Pisagua e Iquique (AFEPI), .<\/strong><\/p>\n\n\n\n<p><strong>Las placas descubiertas corresponden a tres lugares que marcan hitos dentro del Sitio de Memoria, en la c\u00e1rcel, el teatro, y en la escuela .<\/strong><\/p>\n\n\n\n<p><strong>Luego, se realiz\u00f3 una visita al cementerio donde se dio termino a la Romer\u00eda en el memorial que contiene la fosa clandestina donde fueron encontrados los 19 cuerpos de Ejecutados Pol\u00edticos durante la dictadura. En el lugar, se dirigi\u00f3 a los concurrentes el presidente de AFEPI, relevando la importancia de la memoria de sus familiares, dando por terminada la actividad.<\/strong><\/p>\n\n\n\n<p><strong>A este encuentro, asisti\u00f3 Francisco Cabezas, dirigente nacional de la CTC y presidente de FEMINORT junto a compa\u00f1eras y compa\u00f1eros dirigentes de la zona.<\/strong><\/p>\n\n\n\n<hr class=\"wp-block-separator has-alpha-channel-opacity\"\/>\n\n\n\n<figure class=\"wp-block-pullquote has-text-align-center\"><blockquote><p><strong>Complementamos la noticia con el reportaje del portal Edicioncero.cl <br>con m\u00e1s detalles de la actividad<\/strong><br><strong>\u00a0<\/strong><br><strong>(<a href=\"https:\/\/edicioncero.cl\/2024\/09\/convocados-por-la-afepi-sobrevivientes-del-cautiverio-politico-en-pisagua-descubren-placas-en-tres-lugares-declarados-sitios-de-memoria\/\">https:\/\/edicioncero.cl\/2024\/09\/convocados-por-la-afepi-sobrevivientes-del-cautiverio-politico-en-pisagua-descubren-placas-en-tres-lugares-declarados-sitios-de-memoria\/<\/a>)<\/strong><\/p><\/blockquote><\/figure>\n\n\n\n<p>EDICIONCERO.CL | <strong><a href=\"https:\/\/edicioncero.cl\/2024\/09\/convocados-por-la-afepi-sobrevivientes-del-cautiverio-politico-en-pisagua-descubren-placas-en-tres-lugares-declarados-sitios-de-memoria\/\">Convocados por la AFEPI sobrevivientes del cautiverio pol\u00edtico en Pisagua, descubren placas en tres lugares declarados Sitios de Memoria<\/a><\/strong><\/p>\n\n\n\n<p><strong><em>Se trata de la Escuela de Pisagua, donde se realizaron los Consejos de Guerra; el teatro, ubicado al lado del Mercado, en cuyo segundo piso, estuvieron presas las mujeres y la c\u00e1rcel que fue el lugar de reclusi\u00f3n y padecimiento de unos dos mil prisioneros.<\/em><\/strong><\/p>\n\n\n<div class=\"wp-block-image\">\n<figure class=\"aligncenter size-full\"><img loading=\"lazy\" decoding=\"async\" width=\"393\" height=\"373\" src=\"https:\/\/www.confederaciondelcobre.cl\/wp-content\/uploads\/2024\/10\/PLACAS.jpg\" alt=\"\" class=\"wp-image-5441\" srcset=\"https:\/\/www.confederaciondelcobre.cl\/wp-content\/uploads\/2024\/10\/PLACAS.jpg 393w, https:\/\/www.confederaciondelcobre.cl\/wp-content\/uploads\/2024\/10\/PLACAS-300x285.jpg 300w\" sizes=\"auto, (max-width: 393px) 100vw, 393px\" \/><\/figure><\/div>\n\n\n<p><em>Anyelina Rojas Vald\u00e9s.- \u201cNo estaba de vacaciones, estaba detenida por el Estado de Chile\u201d, rememoro Anita Marambio a 51 a\u00f1os del golpe c\u00edvico militar, que la llev\u00f3 a ella y una cincuentena de sus compa\u00f1eras, militantes en distintos partidos de izquierda, a estar recluida en Pisagua.&nbsp;Cinco d\u00e9cadas despu\u00e9s, Ana, que en aquellos a\u00f1os era soltera y sin hijos, logr\u00f3 rearmar su vida, -pese al sufrimiento, los recuerdos negros del cautiverio, donde pretendieron aniquilar a las prisioneras y prisioneros, f\u00edsica y emocionalmente- y logr\u00f3 armar una familia y ser feliz.<\/em><\/p>\n\n\n\n<p>M\u00e1s a\u00fan sin una pisca de rencor en su coraz\u00f3n y con sus ideales de entonces, que mantiene hasta hoy. Por ello, al final de su intervenci\u00f3n y como acto de memoria profundo, espera que no s\u00f3lo el lugar se marque como Sitio de Memoria, sino que tambi\u00e9n se detalle el nombre de cada una de las prisioneras pol\u00edticas que pasaron por ese lugar y se cuente la historia.<\/p>\n\n\n\n<p><strong>UN POCO DE HISTORIA<\/strong><\/p>\n\n\n\n<p>Ana Marambio, quien fuera secretaria de la CUT durante el gobierno de la Unidad Popular, fue quien, junto a las exprisioneras pol\u00edticas, Odesa Flores y Sandra Garc\u00eda, descubrieron la placa, que marca el viejo teatro de Pisagua, hoy con serios da\u00f1os estructurales, como Sitio de Memoria. La segunda placa descubierta este domingo 29 de septiembre.<\/p>\n\n\n\n<p>La exprisionera pronunci\u00f3 emotivas palabras, que la trasladaron al pasado, en el frontis de la vieja casona donde pas\u00f3 tantos d\u00edas. Relat\u00f3 c\u00f3mo fue trasladada hasta Pisagua, \u201cjunto a otras compa\u00f1eras, que ven\u00edamos de Iquique, de la C\u00e1rcel del Buen Pastor\u201d.<\/p>\n\n\n\n<p>El viaje dur\u00f3 varias horas, pero ninguna baj\u00f3 a orinar, pese a que sus custodios le ofrecieron eso&nbsp; varias veces. \u201cNo \u00e9ramos tontas\u201d, dijo, y ah\u00ed se quedaron, hasta llegar a Pisagua. \u201cYa la entrada era terror\u00edfica. Hab\u00eda un cartel grande que dec\u00eda Campamento Militar, Prisioneros de Guerra\u201d.&nbsp; Peor a\u00fan recuerda \u201chab\u00eda ametralladoras por todos lados; no quer\u00eda ni respirar\u201d.<\/p>\n\n\n\n<p>Formadas \u201ccomo milicos\u201d, escuchan al Comandante Larra\u00edn, que oficiaba de jefe del campamento. Y luego son llevadas a los altos del Mercado, que se ubicaba al lado del Teatro, donde ya hab\u00eda muchas mujeres detenidas.<\/p>\n\n\n\n<p>Anita recuerda la solidaridad de las compa\u00f1eras que las recibieron y que le cedieron frazadas y ropa de abrigo. \u201cLa solidaridad, el compa\u00f1erismo y cari\u00f1o de esas mujeres, es algo que guardo calientito en mi coraz\u00f3n\u201d \u2026&nbsp; Recuerda.&nbsp; \u201cMuchas noches cuando se pon\u00edan a disparar sobre los techos, me acurrucaba en los brazos de Nadia Garc\u00eda o Isabel Perffort\u201d, a quienes recuerda como \u201cmis mam\u00e1s pisag\u00fcinas\u201d.<\/p>\n\n\n\n<p>\u201cY empec\u00e9 a escuchar historias, a conocer realidades. C\u00f3mo se vieron obligadas a dejar a sus hijos solos, con los vecinos, porque sus maridos tambi\u00e9n estaban detenidos aqu\u00ed. Conoc\u00ed de torturas, vejaciones; escuch\u00e9 sus llantos por las noches\u2026 S\u00f3lo les tomaba sus mano, pero asum\u00eda toda su pena\u201d.<\/p>\n\n\n\n<p>Y contin\u00faa su relato, bajo el abrasado sol de Pisagua. \u201cTambi\u00e9n aprend\u00ed a ser fuerte, a dejar las penas para ma\u00f1ana (\u2026) Yo era una ni\u00f1a soltera y sin hijos, c\u00f3mo iba a darle m\u00e1s problemas a mis compa\u00f1eras\u201d.<\/p>\n\n\n\n<p>Dice Ana Marambio que \u201clas mujeres que fueros prisioneras pol\u00edtica en Pisagua, \u201csufrimos mucho, pasamos hambre, incertidumbres, dolor; impotencia de sentir los veh\u00edculos que&nbsp;llevaban a nuestros compa\u00f1eros para ser fusilados\u201d. Y remarca que cada una tiene su propia historia: \u201cVinimos a sufrir y a dejar nuestras vidas marcadas para siempre\u201d.<\/p>\n\n\n\n<p>Desde el punto de vista de la memoria y del no olvido, se\u00f1ala finalmente Ana, que del alrededor de 50 mujeres recluidas en Pisagua, a\u00fan quedan algunas vivas, por lo que \u201ctenemos el deber de contar lo que vivimos, porque nadie conoce la historia mejor que las protagonistas; es nuestra obligaci\u00f3n hablar por las que ya no est\u00e1n, pero que nos acompa\u00f1an siempre\u201d, concluy\u00f3 remarcando con la frase: \u201cSomos la historia viva, presentes aqu\u00ed y ahora\u201d.<\/p>\n\n\n\n<p>Enseguida, en otro momento de m\u00e1xima emotividad, Sandra Garc\u00eda, una de las prisioneras m\u00e1s j\u00f3venes, ley\u00f3 a viva voz el nombre de cada una de las mujeres que pasaron por el horror de Pisagua.<\/p>\n\n\n\n<p>Sandra, como Ana, form\u00f3 su familia, tuvo hijos y sigue con la misma fuerza de ayer, sin claudicar en sus ideales, ni en su sue\u00f1o de un Chile m\u00e1s justo, donde nunca vuelva a ocurrir el horror de la dictadura.<\/p>\n\n\n\n<p><strong>LA AFEPI Y LA MEMORIA<\/strong><\/p>\n\n\n\n<p>La jornada de memoria, en Pisagua, fue convocada por la Agrupaci\u00f3n de Familiares de Detenidos Desaparecidos y Ejecutados Pol\u00edticos de Iquique y Pisagua\u201d, AFEPI, que preside H\u00e9ctor Mar\u00edn, codo a codo con otras dos grandes mujeres, Engracia Palominos y Lisabeth Millar.<\/p>\n\n\n\n<p>H\u00e9ctor Mar\u00edn se\u00f1al\u00f3 que los tres Sitios Hist\u00f3ricos y de Memoria, fueron declarados por el Consejo de Monumentos Nacionales en el contexto de los 50 a\u00f1os del golpe y que ahora se materializ\u00f3 su descubrimiento.<\/p>\n\n\n\n<p>Cont\u00f3 que la AFEPI, como organizadora de estos actos de memoria, quiso dar protagonismo a los sobrevivientes que son quienes vivieron en carne propia el cautiverio pol\u00edtico y la tortura.<\/p>\n\n\n\n<p>La primera parada fue la Escuela de Pisagua, hoy remozada y que en la \u00e9poca, fue el lugar donde se desarrollaron los falsos Consejos de Guerra, con los cuales la dictadura pretendi\u00f3 dar legitimidad a sus actos criminales, siendo lo m\u00e1s grave, los fusilamientos. All\u00ed tambi\u00e9n se dictaron condenas y se determinaron relegaciones.<\/p>\n\n\n\n<p>En ese establecimiento se realiz\u00f3 el \u00fanico Consejo de Guerra orientado exclusivamente a mujeres.<\/p>\n\n\n\n<p>Descubrieron la placa los exprisioneros Pedro Aguilera y Romeraldo Espinoza, acompa\u00f1ados de las dirigentes de la AFEPI, Lisabeth Millar y Engracia palominos.<\/p>\n\n\n\n<p>La segunda placa se descubri\u00f3 en el Teatro de Pisagua que formaba un conjunto con el mercado y en cuyos altos se mantuvo prisionera a unas 50 mujeres.&nbsp; Es all\u00ed donde en este acto de memoria, el cautiverio pol\u00edtico de las mujeres, tom\u00f3 protagonismo, porque han podido ir visibilizando su propia historia.<\/p>\n\n\n\n<p>Importante es destacar que s\u00f3lo hace algunos a\u00f1os, las mujeres se han ido construyendo y percibiendo como sujeto social y pol\u00edtico, distinto a la figura masculina. Ya han dejado de ser subsumidas por el gen\u00e9rico colectivo de \u201cpresos pol\u00edticos de Pisagua\u201d logrando la construcci\u00f3n de una identidad femenina propia.<\/p>\n\n\n\n<p>Ac\u00e1, como ya se dijo, descubrieron la placa Ana Marambio, Odesa Flores y Sandra Garc\u00eda.<\/p>\n\n\n\n<p>El \u00faltimo sitio fue el frontis de la C\u00e1rcel de Pisagua, por donde pasaron unos dos mil prisioneros, algunos de ellos ejecutados en ilegales Consejos de Guerra y otros asesinados en falsa ley de fuga.<\/p>\n\n\n\n<p>Descubrieron la placa Romeraldo Espinoza -apenas de 16 a\u00f1os al momento de su detenci\u00f3n-, H\u00e9ctor Pavelic, Oscar Varela y Pedro Aguilera.<\/p>\n\n\n\n<p>Explic\u00f3 Mar\u00edn, que este d\u00eda 29 de septiembre, marca mucho dolor por hechos horribles ocurridos como la aplicaci\u00f3n de la falsa ley de fuga en Pisagua y el montaje en el que fueron asesinados Jorge Mar\u00edn Rossel -su hermano-, y William Millar.<\/p>\n\n\n\n<p><strong>&nbsp;MASIVA PARTICIPACI\u00d3N<\/strong><\/p>\n\n\n\n<p>H\u00e9ctor Mar\u00edn, junto con reiterar que en estas ceremonias, los protagonistas fueron sobrevivientes hombres y mujeres, se\u00f1al\u00f3 que todo se dio en un ambiente de recogimiento, pero tambi\u00e9n de esperanzas por recordar a los que ya no est\u00e1n.<\/p>\n\n\n\n<p>Destac\u00f3 la presencia de autoridades, que se sumaron al acto memorial como uno m\u00e1s. Entre los que apreciamos, est\u00e1 la Delegada Camila Castillo; los Seremis de Justicia y Derechos Humanos, Pablo Valenzuela; de Vivienda, Diego Rebolledo; de las Culturas, las Artes y el Patrimonio, Rose Marie Acu\u00f1a; &nbsp;de la Mujer y Equidad de G\u00e9nero, Noem\u00ed Salinas; la Directora del INDH, Lorena de Ferrari; representante de la Gobernaci\u00f3n Regional, Alejandra Ceballos;&nbsp; representante de la Municipalidad de Iquique, Astrid Abarca; la Consejera Regional Camila Navarro y los concejales Rodrigo Oliva y Sebasti\u00e1n Vergara;&nbsp;entre otras personalidades.<\/p>\n\n\n\n<p>IM\u00c1GENES FEMINOR:<\/p>\n\n\n\n<figure class=\"wp-block-gallery has-nested-images columns-default is-cropped wp-block-gallery-1 is-layout-flex wp-block-gallery-is-layout-flex\">\n<figure class=\"wp-block-image size-large\"><img loading=\"lazy\" decoding=\"async\" width=\"1024\" height=\"680\" data-id=\"5444\" src=\"https:\/\/www.confederaciondelcobre.cl\/wp-content\/uploads\/2024\/10\/WhatsApp-Image-2024-10-01-at-22.18.46-1024x680.jpeg\" alt=\"\" class=\"wp-image-5444\" srcset=\"https:\/\/www.confederaciondelcobre.cl\/wp-content\/uploads\/2024\/10\/WhatsApp-Image-2024-10-01-at-22.18.46-1024x680.jpeg 1024w, https:\/\/www.confederaciondelcobre.cl\/wp-content\/uploads\/2024\/10\/WhatsApp-Image-2024-10-01-at-22.18.46-300x199.jpeg 300w, https:\/\/www.confederaciondelcobre.cl\/wp-content\/uploads\/2024\/10\/WhatsApp-Image-2024-10-01-at-22.18.46-768x510.jpeg 768w, https:\/\/www.confederaciondelcobre.cl\/wp-content\/uploads\/2024\/10\/WhatsApp-Image-2024-10-01-at-22.18.46-1536x1020.jpeg 1536w, https:\/\/www.confederaciondelcobre.cl\/wp-content\/uploads\/2024\/10\/WhatsApp-Image-2024-10-01-at-22.18.46.jpeg 1600w\" sizes=\"auto, (max-width: 1024px) 100vw, 1024px\" \/><\/figure>\n\n\n\n<figure class=\"wp-block-image size-large\"><img loading=\"lazy\" decoding=\"async\" width=\"1024\" height=\"680\" data-id=\"5445\" src=\"https:\/\/www.confederaciondelcobre.cl\/wp-content\/uploads\/2024\/10\/WhatsApp-Image-2024-10-01-at-22.18.47-2-1024x680.jpeg\" alt=\"\" class=\"wp-image-5445\" srcset=\"https:\/\/www.confederaciondelcobre.cl\/wp-content\/uploads\/2024\/10\/WhatsApp-Image-2024-10-01-at-22.18.47-2-1024x680.jpeg 1024w, https:\/\/www.confederaciondelcobre.cl\/wp-content\/uploads\/2024\/10\/WhatsApp-Image-2024-10-01-at-22.18.47-2-300x199.jpeg 300w, https:\/\/www.confederaciondelcobre.cl\/wp-content\/uploads\/2024\/10\/WhatsApp-Image-2024-10-01-at-22.18.47-2-768x510.jpeg 768w, https:\/\/www.confederaciondelcobre.cl\/wp-content\/uploads\/2024\/10\/WhatsApp-Image-2024-10-01-at-22.18.47-2-1536x1020.jpeg 1536w, https:\/\/www.confederaciondelcobre.cl\/wp-content\/uploads\/2024\/10\/WhatsApp-Image-2024-10-01-at-22.18.47-2.jpeg 1600w\" sizes=\"auto, (max-width: 1024px) 100vw, 1024px\" \/><\/figure>\n\n\n\n<figure class=\"wp-block-image size-large\"><img loading=\"lazy\" decoding=\"async\" width=\"1024\" height=\"680\" data-id=\"5446\" src=\"https:\/\/www.confederaciondelcobre.cl\/wp-content\/uploads\/2024\/10\/WhatsApp-Image-2024-10-01-at-22.18.47-1-1024x680.jpeg\" alt=\"\" class=\"wp-image-5446\" srcset=\"https:\/\/www.confederaciondelcobre.cl\/wp-content\/uploads\/2024\/10\/WhatsApp-Image-2024-10-01-at-22.18.47-1-1024x680.jpeg 1024w, https:\/\/www.confederaciondelcobre.cl\/wp-content\/uploads\/2024\/10\/WhatsApp-Image-2024-10-01-at-22.18.47-1-300x199.jpeg 300w, https:\/\/www.confederaciondelcobre.cl\/wp-content\/uploads\/2024\/10\/WhatsApp-Image-2024-10-01-at-22.18.47-1-768x510.jpeg 768w, https:\/\/www.confederaciondelcobre.cl\/wp-content\/uploads\/2024\/10\/WhatsApp-Image-2024-10-01-at-22.18.47-1-1536x1020.jpeg 1536w, https:\/\/www.confederaciondelcobre.cl\/wp-content\/uploads\/2024\/10\/WhatsApp-Image-2024-10-01-at-22.18.47-1.jpeg 1600w\" sizes=\"auto, (max-width: 1024px) 100vw, 1024px\" \/><\/figure>\n\n\n\n<figure class=\"wp-block-image size-large\"><img loading=\"lazy\" decoding=\"async\" width=\"1024\" height=\"680\" data-id=\"5442\" src=\"https:\/\/www.confederaciondelcobre.cl\/wp-content\/uploads\/2024\/10\/WhatsApp-Image-2024-10-01-at-22.18.47-1024x680.jpeg\" alt=\"\" class=\"wp-image-5442\" srcset=\"https:\/\/www.confederaciondelcobre.cl\/wp-content\/uploads\/2024\/10\/WhatsApp-Image-2024-10-01-at-22.18.47-1024x680.jpeg 1024w, https:\/\/www.confederaciondelcobre.cl\/wp-content\/uploads\/2024\/10\/WhatsApp-Image-2024-10-01-at-22.18.47-300x199.jpeg 300w, https:\/\/www.confederaciondelcobre.cl\/wp-content\/uploads\/2024\/10\/WhatsApp-Image-2024-10-01-at-22.18.47-768x510.jpeg 768w, https:\/\/www.confederaciondelcobre.cl\/wp-content\/uploads\/2024\/10\/WhatsApp-Image-2024-10-01-at-22.18.47-1536x1020.jpeg 1536w, https:\/\/www.confederaciondelcobre.cl\/wp-content\/uploads\/2024\/10\/WhatsApp-Image-2024-10-01-at-22.18.47.jpeg 1600w\" sizes=\"auto, (max-width: 1024px) 100vw, 1024px\" \/><\/figure>\n\n\n\n<figure class=\"wp-block-image size-large\"><img loading=\"lazy\" decoding=\"async\" width=\"1024\" height=\"680\" data-id=\"5443\" src=\"https:\/\/www.confederaciondelcobre.cl\/wp-content\/uploads\/2024\/10\/WhatsApp-Image-2024-10-01-at-22.18.48-2-1024x680.jpeg\" alt=\"\" class=\"wp-image-5443\" srcset=\"https:\/\/www.confederaciondelcobre.cl\/wp-content\/uploads\/2024\/10\/WhatsApp-Image-2024-10-01-at-22.18.48-2-1024x680.jpeg 1024w, https:\/\/www.confederaciondelcobre.cl\/wp-content\/uploads\/2024\/10\/WhatsApp-Image-2024-10-01-at-22.18.48-2-300x199.jpeg 300w, https:\/\/www.confederaciondelcobre.cl\/wp-content\/uploads\/2024\/10\/WhatsApp-Image-2024-10-01-at-22.18.48-2-768x510.jpeg 768w, https:\/\/www.confederaciondelcobre.cl\/wp-content\/uploads\/2024\/10\/WhatsApp-Image-2024-10-01-at-22.18.48-2-1536x1020.jpeg 1536w, https:\/\/www.confederaciondelcobre.cl\/wp-content\/uploads\/2024\/10\/WhatsApp-Image-2024-10-01-at-22.18.48-2.jpeg 1600w\" sizes=\"auto, (max-width: 1024px) 100vw, 1024px\" \/><\/figure>\n\n\n\n<figure class=\"wp-block-image size-large\"><img loading=\"lazy\" decoding=\"async\" width=\"1024\" height=\"680\" data-id=\"5447\" src=\"https:\/\/www.confederaciondelcobre.cl\/wp-content\/uploads\/2024\/10\/WhatsApp-Image-2024-10-01-at-22.18.48-1-1024x680.jpeg\" alt=\"\" class=\"wp-image-5447\" srcset=\"https:\/\/www.confederaciondelcobre.cl\/wp-content\/uploads\/2024\/10\/WhatsApp-Image-2024-10-01-at-22.18.48-1-1024x680.jpeg 1024w, https:\/\/www.confederaciondelcobre.cl\/wp-content\/uploads\/2024\/10\/WhatsApp-Image-2024-10-01-at-22.18.48-1-300x199.jpeg 300w, https:\/\/www.confederaciondelcobre.cl\/wp-content\/uploads\/2024\/10\/WhatsApp-Image-2024-10-01-at-22.18.48-1-768x510.jpeg 768w, https:\/\/www.confederaciondelcobre.cl\/wp-content\/uploads\/2024\/10\/WhatsApp-Image-2024-10-01-at-22.18.48-1-1536x1020.jpeg 1536w, https:\/\/www.confederaciondelcobre.cl\/wp-content\/uploads\/2024\/10\/WhatsApp-Image-2024-10-01-at-22.18.48-1.jpeg 1600w\" sizes=\"auto, (max-width: 1024px) 100vw, 1024px\" \/><\/figure>\n\n\n\n<figure class=\"wp-block-image size-large\"><img loading=\"lazy\" decoding=\"async\" width=\"1024\" height=\"680\" data-id=\"5448\" src=\"https:\/\/www.confederaciondelcobre.cl\/wp-content\/uploads\/2024\/10\/WhatsApp-Image-2024-10-01-at-22.18.48-1024x680.jpeg\" alt=\"\" class=\"wp-image-5448\" srcset=\"https:\/\/www.confederaciondelcobre.cl\/wp-content\/uploads\/2024\/10\/WhatsApp-Image-2024-10-01-at-22.18.48-1024x680.jpeg 1024w, https:\/\/www.confederaciondelcobre.cl\/wp-content\/uploads\/2024\/10\/WhatsApp-Image-2024-10-01-at-22.18.48-300x199.jpeg 300w, https:\/\/www.confederaciondelcobre.cl\/wp-content\/uploads\/2024\/10\/WhatsApp-Image-2024-10-01-at-22.18.48-768x510.jpeg 768w, https:\/\/www.confederaciondelcobre.cl\/wp-content\/uploads\/2024\/10\/WhatsApp-Image-2024-10-01-at-22.18.48-1536x1020.jpeg 1536w, https:\/\/www.confederaciondelcobre.cl\/wp-content\/uploads\/2024\/10\/WhatsApp-Image-2024-10-01-at-22.18.48.jpeg 1600w\" sizes=\"auto, (max-width: 1024px) 100vw, 1024px\" \/><\/figure>\n\n\n\n<figure class=\"wp-block-image size-large\"><img loading=\"lazy\" decoding=\"async\" width=\"1024\" height=\"473\" data-id=\"5449\" src=\"https:\/\/www.confederaciondelcobre.cl\/wp-content\/uploads\/2024\/10\/WhatsApp-Image-2024-10-01-at-22.18.53-1024x473.jpeg\" alt=\"\" class=\"wp-image-5449\" srcset=\"https:\/\/www.confederaciondelcobre.cl\/wp-content\/uploads\/2024\/10\/WhatsApp-Image-2024-10-01-at-22.18.53-1024x473.jpeg 1024w, https:\/\/www.confederaciondelcobre.cl\/wp-content\/uploads\/2024\/10\/WhatsApp-Image-2024-10-01-at-22.18.53-300x139.jpeg 300w, https:\/\/www.confederaciondelcobre.cl\/wp-content\/uploads\/2024\/10\/WhatsApp-Image-2024-10-01-at-22.18.53-768x355.jpeg 768w, https:\/\/www.confederaciondelcobre.cl\/wp-content\/uploads\/2024\/10\/WhatsApp-Image-2024-10-01-at-22.18.53-1536x709.jpeg 1536w, https:\/\/www.confederaciondelcobre.cl\/wp-content\/uploads\/2024\/10\/WhatsApp-Image-2024-10-01-at-22.18.53.jpeg 1600w\" sizes=\"auto, (max-width: 1024px) 100vw, 1024px\" \/><\/figure>\n\n\n\n<figure class=\"wp-block-image size-large\"><img loading=\"lazy\" decoding=\"async\" width=\"1024\" height=\"473\" data-id=\"5450\" src=\"https:\/\/www.confederaciondelcobre.cl\/wp-content\/uploads\/2024\/10\/WhatsApp-Image-2024-10-01-at-22.18.52-1024x473.jpeg\" alt=\"\" class=\"wp-image-5450\" srcset=\"https:\/\/www.confederaciondelcobre.cl\/wp-content\/uploads\/2024\/10\/WhatsApp-Image-2024-10-01-at-22.18.52-1024x473.jpeg 1024w, https:\/\/www.confederaciondelcobre.cl\/wp-content\/uploads\/2024\/10\/WhatsApp-Image-2024-10-01-at-22.18.52-300x139.jpeg 300w, https:\/\/www.confederaciondelcobre.cl\/wp-content\/uploads\/2024\/10\/WhatsApp-Image-2024-10-01-at-22.18.52-768x355.jpeg 768w, https:\/\/www.confederaciondelcobre.cl\/wp-content\/uploads\/2024\/10\/WhatsApp-Image-2024-10-01-at-22.18.52-1536x709.jpeg 1536w, https:\/\/www.confederaciondelcobre.cl\/wp-content\/uploads\/2024\/10\/WhatsApp-Image-2024-10-01-at-22.18.52.jpeg 1600w\" sizes=\"auto, (max-width: 1024px) 100vw, 1024px\" \/><\/figure>\n\n\n\n<figure class=\"wp-block-image size-large\"><img loading=\"lazy\" decoding=\"async\" width=\"1024\" height=\"473\" data-id=\"5452\" src=\"https:\/\/www.confederaciondelcobre.cl\/wp-content\/uploads\/2024\/10\/WhatsApp-Image-2024-10-01-at-22.18.51-1024x473.jpeg\" alt=\"\" class=\"wp-image-5452\" srcset=\"https:\/\/www.confederaciondelcobre.cl\/wp-content\/uploads\/2024\/10\/WhatsApp-Image-2024-10-01-at-22.18.51-1024x473.jpeg 1024w, https:\/\/www.confederaciondelcobre.cl\/wp-content\/uploads\/2024\/10\/WhatsApp-Image-2024-10-01-at-22.18.51-300x139.jpeg 300w, https:\/\/www.confederaciondelcobre.cl\/wp-content\/uploads\/2024\/10\/WhatsApp-Image-2024-10-01-at-22.18.51-768x355.jpeg 768w, https:\/\/www.confederaciondelcobre.cl\/wp-content\/uploads\/2024\/10\/WhatsApp-Image-2024-10-01-at-22.18.51-1536x709.jpeg 1536w, https:\/\/www.confederaciondelcobre.cl\/wp-content\/uploads\/2024\/10\/WhatsApp-Image-2024-10-01-at-22.18.51.jpeg 1600w\" sizes=\"auto, (max-width: 1024px) 100vw, 1024px\" \/><\/figure>\n\n\n\n<figure class=\"wp-block-image size-large\"><img loading=\"lazy\" decoding=\"async\" width=\"1024\" height=\"473\" data-id=\"5451\" src=\"https:\/\/www.confederaciondelcobre.cl\/wp-content\/uploads\/2024\/10\/WhatsApp-Image-2024-10-01-at-22.18.50-1024x473.jpeg\" alt=\"\" class=\"wp-image-5451\" srcset=\"https:\/\/www.confederaciondelcobre.cl\/wp-content\/uploads\/2024\/10\/WhatsApp-Image-2024-10-01-at-22.18.50-1024x473.jpeg 1024w, https:\/\/www.confederaciondelcobre.cl\/wp-content\/uploads\/2024\/10\/WhatsApp-Image-2024-10-01-at-22.18.50-300x139.jpeg 300w, https:\/\/www.confederaciondelcobre.cl\/wp-content\/uploads\/2024\/10\/WhatsApp-Image-2024-10-01-at-22.18.50-768x355.jpeg 768w, https:\/\/www.confederaciondelcobre.cl\/wp-content\/uploads\/2024\/10\/WhatsApp-Image-2024-10-01-at-22.18.50-1536x709.jpeg 1536w, https:\/\/www.confederaciondelcobre.cl\/wp-content\/uploads\/2024\/10\/WhatsApp-Image-2024-10-01-at-22.18.50.jpeg 1600w\" sizes=\"auto, (max-width: 1024px) 100vw, 1024px\" \/><\/figure>\n\n\n\n<figure class=\"wp-block-image size-large\"><img loading=\"lazy\" decoding=\"async\" width=\"1024\" height=\"680\" data-id=\"5453\" src=\"https:\/\/www.confederaciondelcobre.cl\/wp-content\/uploads\/2024\/10\/WhatsApp-Image-2024-10-01-at-22.18.49-1-1024x680.jpeg\" alt=\"\" class=\"wp-image-5453\" srcset=\"https:\/\/www.confederaciondelcobre.cl\/wp-content\/uploads\/2024\/10\/WhatsApp-Image-2024-10-01-at-22.18.49-1-1024x680.jpeg 1024w, https:\/\/www.confederaciondelcobre.cl\/wp-content\/uploads\/2024\/10\/WhatsApp-Image-2024-10-01-at-22.18.49-1-300x199.jpeg 300w, https:\/\/www.confederaciondelcobre.cl\/wp-content\/uploads\/2024\/10\/WhatsApp-Image-2024-10-01-at-22.18.49-1-768x510.jpeg 768w, https:\/\/www.confederaciondelcobre.cl\/wp-content\/uploads\/2024\/10\/WhatsApp-Image-2024-10-01-at-22.18.49-1-1536x1020.jpeg 1536w, https:\/\/www.confederaciondelcobre.cl\/wp-content\/uploads\/2024\/10\/WhatsApp-Image-2024-10-01-at-22.18.49-1.jpeg 1600w\" sizes=\"auto, (max-width: 1024px) 100vw, 1024px\" \/><\/figure>\n<\/figure>\n\n\n<div class=\"wp-block-site-logo\"><a href=\"https:\/\/www.confederaciondelcobre.cl\/\" class=\"custom-logo-link\" rel=\"home\"><img loading=\"lazy\" decoding=\"async\" width=\"692\" height=\"84\" src=\"https:\/\/www.confederaciondelcobre.cl\/wp-content\/uploads\/2023\/01\/TituloWebCTC.png\" class=\"custom-logo\" alt=\"Confederaci\u00f3n de Trabajadores del Cobre &#8211; CTC\" srcset=\"https:\/\/www.confederaciondelcobre.cl\/wp-content\/uploads\/2023\/01\/TituloWebCTC.png 606w, https:\/\/www.confederaciondelcobre.cl\/wp-content\/uploads\/2023\/01\/TituloWebCTC-300x37.png 300w\" sizes=\"auto, (max-width: 692px) 100vw, 692px\" \/><\/a><\/div>","protected":false},"excerpt":{"rendered":"<p>#CTCMEMORIA Hace algunos d\u00edas, nuestros compa\u00f1eros de FEMINORT fueron invitados, como parte tambi\u00e9n del comit\u00e9 Comit\u00e9 Pro centenario de las matanzas obreras de 1925 de Coru\u00f1a y Marusia, que tiene &hellip; <\/p>\n","protected":false},"author":2,"featured_media":5440,"comment_status":"closed","ping_status":"closed","sticky":false,"template":"","format":"standard","meta":{"jetpack_post_was_ever_published":false,"_jetpack_newsletter_access":"","_jetpack_dont_email_post_to_subs":false,"_jetpack_newsletter_tier_id":0,"_jetpack_memberships_contains_paywalled_content":false,"_jetpack_memberships_contains_paid_content":false,"footnotes":"","jetpack_publicize_message":"","jetpack_publicize_feature_enabled":true,"jetpack_social_post_already_shared":true,"jetpack_social_options":{"image_generator_settings":{"template":"highway","default_image_id":0,"enabled":false},"version":2}},"categories":[9],"tags":[],"class_list":["post-5438","post","type-post","status-publish","format-standard","has-post-thumbnail","hentry","category-confederacion"],"jetpack_publicize_connections":[],"jetpack_featured_media_url":"https:\/\/www.confederaciondelcobre.cl\/wp-content\/uploads\/2024\/10\/WhatsApp-Image-2024-10-01-at-22.18.49-edited.jpeg","jetpack_sharing_enabled":true,"post_mailing_queue_ids":[],"_links":{"self":[{"href":"https:\/\/www.confederaciondelcobre.cl\/index.php\/wp-json\/wp\/v2\/posts\/5438","targetHints":{"allow":["GET"]}}],"collection":[{"href":"https:\/\/www.confederaciondelcobre.cl\/index.php\/wp-json\/wp\/v2\/posts"}],"about":[{"href":"https:\/\/www.confederaciondelcobre.cl\/index.php\/wp-json\/wp\/v2\/types\/post"}],"author":[{"embeddable":true,"href":"https:\/\/www.confederaciondelcobre.cl\/index.php\/wp-json\/wp\/v2\/users\/2"}],"replies":[{"embeddable":true,"href":"https:\/\/www.confederaciondelcobre.cl\/index.php\/wp-json\/wp\/v2\/comments?post=5438"}],"version-history":[{"count":2,"href":"https:\/\/www.confederaciondelcobre.cl\/index.php\/wp-json\/wp\/v2\/posts\/5438\/revisions"}],"predecessor-version":[{"id":5460,"href":"https:\/\/www.confederaciondelcobre.cl\/index.php\/wp-json\/wp\/v2\/posts\/5438\/revisions\/5460"}],"wp:featuredmedia":[{"embeddable":true,"href":"https:\/\/www.confederaciondelcobre.cl\/index.php\/wp-json\/wp\/v2\/media\/5440"}],"wp:attachment":[{"href":"https:\/\/www.confederaciondelcobre.cl\/index.php\/wp-json\/wp\/v2\/media?parent=5438"}],"wp:term":[{"taxonomy":"category","embeddable":true,"href":"https:\/\/www.confederaciondelcobre.cl\/index.php\/wp-json\/wp\/v2\/categories?post=5438"},{"taxonomy":"post_tag","embeddable":true,"href":"https:\/\/www.confederaciondelcobre.cl\/index.php\/wp-json\/wp\/v2\/tags?post=5438"}],"curies":[{"name":"wp","href":"https:\/\/api.w.org\/{rel}","templated":true}]}}