{"id":5461,"date":"2024-10-06T11:14:08","date_gmt":"2024-10-06T15:14:08","guid":{"rendered":"https:\/\/www.confederaciondelcobre.cl\/?p=5461"},"modified":"2024-10-09T09:42:45","modified_gmt":"2024-10-09T13:42:45","slug":"sindicato-saser-de-caserones-por-la-dignidad-de-sus-trabajadores","status":"publish","type":"post","link":"https:\/\/www.confederaciondelcobre.cl\/index.php\/2024\/10\/06\/sindicato-saser-de-caserones-por-la-dignidad-de-sus-trabajadores\/","title":{"rendered":"Sindicato SASER de Caserones: Por la dignidad de sus trabajadores"},"content":{"rendered":"\n<p><strong>Despu\u00e9s de su reciente afiliaci\u00f3n a FESAMAV, ya votaron la huelga en su proceso de negociaci\u00f3n.<\/strong><\/p>\n\n\n\n<figure class=\"wp-block-image size-large\"><img loading=\"lazy\" decoding=\"async\" width=\"1280\" height=\"720\" src=\"https:\/\/www.confederaciondelcobre.cl\/wp-content\/uploads\/2024\/10\/WhatsApp-Image-2024-10-03-at-21.57.22-edited.jpeg\" alt=\"\" class=\"wp-image-5463\" srcset=\"https:\/\/www.confederaciondelcobre.cl\/wp-content\/uploads\/2024\/10\/WhatsApp-Image-2024-10-03-at-21.57.22-edited.jpeg 1280w, https:\/\/www.confederaciondelcobre.cl\/wp-content\/uploads\/2024\/10\/WhatsApp-Image-2024-10-03-at-21.57.22-edited-300x169.jpeg 300w, https:\/\/www.confederaciondelcobre.cl\/wp-content\/uploads\/2024\/10\/WhatsApp-Image-2024-10-03-at-21.57.22-edited-1024x576.jpeg 1024w, https:\/\/www.confederaciondelcobre.cl\/wp-content\/uploads\/2024\/10\/WhatsApp-Image-2024-10-03-at-21.57.22-edited-768x432.jpeg 768w\" sizes=\"auto, (max-width: 1280px) 100vw, 1280px\" \/><\/figure>\n\n\n\n<p>El 25 de septiembre del presente a\u00f1o, los trabajadores y trabajadoras del Sindicato SASER de Caserones, decidieron mediante votaci\u00f3n, aprobar su afiliaci\u00f3n a la Federaci\u00f3n de Trabajadores de Mantoverde FESAMAV, brazo org\u00e1nico de la CTC. Este importante paso, surge de la constante necesidad de conquistar y proteger los derechos de los trabajadores, as\u00ed lo plantea <strong>Stephanie Gonz\u00e1lez Ch\u00e1vez<\/strong>, presidenta de <strong>FESAMAV<\/strong>, y Secretaria General de la <strong>CTC<\/strong>: <strong><em>&#8220;Es importante la organizaci\u00f3n de los trabajadores y trabajadoras del pa\u00eds, es que la \u00fanica manera que podamos conquistar derechos y beneficios para ellos y sus familias, con este sindicato se viene trabajando hace meses y hoy estamos en medio del proceso de negociaci\u00f3n colectiva, por lo tanto la uni\u00f3n, cohesi\u00f3n, disciplina y disposici\u00f3n de lucha en torno a la organizaci\u00f3n demuestra hoy m\u00e1s q nunca que es el camino para seguir avanzando&#8221;.<\/em><\/strong><\/p>\n\n\n\n<p>En el movimiento sindical, la afiliaci\u00f3n a las federaciones y sindicatos siempre traen beneficios al colectivo, esto es importante para la clase trabajadora. <strong>Cristhian Seguel G\u00f3mez<\/strong>, presidente del Sindicato Safety Services Ltda. Establecimiento Caserones (SASER) lo reafirma: \u201cQuiero expresar nuestro m\u00e1s sincero agradecimiento por la reciente afiliaci\u00f3n a la Confederaci\u00f3n. Este paso nos fortalece como colectivo y reafirma nuestro compromiso con la defensa de los derechos de los trabajadores del sector. Valoramos profundamente la oportunidad de unir fuerzas y compartir una visi\u00f3n com\u00fan de protecci\u00f3n y progreso. Confiamos en que esta alianza nos permitir\u00e1 avanzar juntos en la lucha por mejores condiciones de trabajo, seguridad y bienestar para todos los trabajadores, especialmente en estos tiempos de desaf\u00edos. Nos enorgullece ser parte de una organizaci\u00f3n que ha demostrado ser un pilar fundamental en la historia del sindicalismo en nuestro pa\u00eds\u201d.<\/p>\n\n\n\n<p><strong>Los avances de la organizaci\u00f3n: Caserones vota huelga con 100% de aprobaci\u00f3n<\/strong><\/p>\n\n\n\n<p>Luego de su afiliaci\u00f3n a FESAMAV, los resultados de la organizaci\u00f3n muestran algunos avances en su proceso, es por eso que en una contundente muestra de unidad y determinaci\u00f3n, el reci\u00e9n pasado 03 de octubre, el Sindicato de Trabajadores de la Empresa Safety Services (SASER) en Caserones vot\u00f3 a favor de la huelga con un 100% de aprobaci\u00f3n. Esta decisi\u00f3n se produce tras un proceso de negociaci\u00f3n colectiva en el que la empresa se ha mostrado renuente a acceder a las demandas de los trabajadores, quienes realizan sus labores en condiciones extremas a 4600 metros sobre el nivel del mar.<\/p>\n\n\n\n<p>Entre los puntos clave que han llevado a los trabajadores a tomar esta medida se encuentran:<\/p>\n\n\n\n<p><strong><em>&#8211; Salarios: La falta de un aumento real en las remuneraciones y la negativa de la empresa a establecer un piso de reajuste futuro han generado un profundo descontento entre los trabajadores.<\/em><\/strong><\/p>\n\n\n\n<p><strong><em>&#8211; Beneficios sociales: La empresa se ha negado a implementar medidas sociales importantes, como la contrataci\u00f3n de un seguro complementario de salud que mejore las condiciones de atenci\u00f3n m\u00e9dica de los trabajadores y sus familias.<\/em><\/strong><\/p>\n\n\n\n<p><strong><em>&#8211; D\u00edas de permiso:&nbsp; Los trabajadores demandan d\u00edas de permiso adicionales a los establecidos por la ley, considerando las condiciones espec\u00edficas de su labor a gran altitud, lo que implica un mayor desgaste f\u00edsico y mental.<\/em><\/strong><\/p>\n\n\n\n<p>La votaci\u00f3n un\u00e1nime a favor de la huelga refleja la frustraci\u00f3n y la firmeza de los trabajadores de SASER en Caserones, quienes buscan un acuerdo justo que reconozca su labor y les garantice condiciones laborales dignas, especialmente considerando el entorno desafiante en el que se desempe\u00f1an.&nbsp; Esta decisi\u00f3n env\u00eda un mensaje claro a la empresa sobre la importancia de negociar de buena fe y atender las demandas de sus trabajadores.<\/p>\n\n\n\n<p>Se espera que la huelga inicie en los pr\u00f3ximos d\u00edas, y que la empresa reconsidere su postura para llegar a un acuerdo que satisfaga a ambas partes y evite un conflicto prolongado que pueda afectar las operaciones en Caserones.<\/p>\n\n\n<div class=\"wp-block-site-logo\"><a href=\"https:\/\/www.confederaciondelcobre.cl\/\" class=\"custom-logo-link\" rel=\"home\"><img loading=\"lazy\" decoding=\"async\" width=\"692\" height=\"84\" src=\"https:\/\/www.confederaciondelcobre.cl\/wp-content\/uploads\/2023\/01\/TituloWebCTC.png\" class=\"custom-logo\" alt=\"Confederaci\u00f3n de Trabajadores del Cobre &#8211; CTC\" srcset=\"https:\/\/www.confederaciondelcobre.cl\/wp-content\/uploads\/2023\/01\/TituloWebCTC.png 606w, https:\/\/www.confederaciondelcobre.cl\/wp-content\/uploads\/2023\/01\/TituloWebCTC-300x37.png 300w\" sizes=\"auto, (max-width: 692px) 100vw, 692px\" \/><\/a><\/div>","protected":false},"excerpt":{"rendered":"<p>Despu\u00e9s de su reciente afiliaci\u00f3n a FESAMAV, ya votaron la huelga en su proceso de negociaci\u00f3n. El 25 de septiembre del presente a\u00f1o, los trabajadores y trabajadoras del Sindicato SASER &hellip; <\/p>\n","protected":false},"author":2,"featured_media":5463,"comment_status":"closed","ping_status":"closed","sticky":false,"template":"","format":"standard","meta":{"jetpack_post_was_ever_published":false,"_jetpack_newsletter_access":"","_jetpack_dont_email_post_to_subs":false,"_jetpack_newsletter_tier_id":0,"_jetpack_memberships_contains_paywalled_content":false,"_jetpack_memberships_contains_paid_content":false,"footnotes":"","jetpack_publicize_message":"","jetpack_publicize_feature_enabled":true,"jetpack_social_post_already_shared":true,"jetpack_social_options":{"image_generator_settings":{"template":"highway","default_image_id":0,"enabled":false},"version":2}},"categories":[9],"tags":[],"class_list":["post-5461","post","type-post","status-publish","format-standard","has-post-thumbnail","hentry","category-confederacion"],"jetpack_publicize_connections":[],"jetpack_featured_media_url":"https:\/\/www.confederaciondelcobre.cl\/wp-content\/uploads\/2024\/10\/WhatsApp-Image-2024-10-03-at-21.57.22-edited.jpeg","jetpack_sharing_enabled":true,"post_mailing_queue_ids":[],"_links":{"self":[{"href":"https:\/\/www.confederaciondelcobre.cl\/index.php\/wp-json\/wp\/v2\/posts\/5461","targetHints":{"allow":["GET"]}}],"collection":[{"href":"https:\/\/www.confederaciondelcobre.cl\/index.php\/wp-json\/wp\/v2\/posts"}],"about":[{"href":"https:\/\/www.confederaciondelcobre.cl\/index.php\/wp-json\/wp\/v2\/types\/post"}],"author":[{"embeddable":true,"href":"https:\/\/www.confederaciondelcobre.cl\/index.php\/wp-json\/wp\/v2\/users\/2"}],"replies":[{"embeddable":true,"href":"https:\/\/www.confederaciondelcobre.cl\/index.php\/wp-json\/wp\/v2\/comments?post=5461"}],"version-history":[{"count":1,"href":"https:\/\/www.confederaciondelcobre.cl\/index.php\/wp-json\/wp\/v2\/posts\/5461\/revisions"}],"predecessor-version":[{"id":5464,"href":"https:\/\/www.confederaciondelcobre.cl\/index.php\/wp-json\/wp\/v2\/posts\/5461\/revisions\/5464"}],"wp:featuredmedia":[{"embeddable":true,"href":"https:\/\/www.confederaciondelcobre.cl\/index.php\/wp-json\/wp\/v2\/media\/5463"}],"wp:attachment":[{"href":"https:\/\/www.confederaciondelcobre.cl\/index.php\/wp-json\/wp\/v2\/media?parent=5461"}],"wp:term":[{"taxonomy":"category","embeddable":true,"href":"https:\/\/www.confederaciondelcobre.cl\/index.php\/wp-json\/wp\/v2\/categories?post=5461"},{"taxonomy":"post_tag","embeddable":true,"href":"https:\/\/www.confederaciondelcobre.cl\/index.php\/wp-json\/wp\/v2\/tags?post=5461"}],"curies":[{"name":"wp","href":"https:\/\/api.w.org\/{rel}","templated":true}]}}