{"id":5466,"date":"2024-10-08T20:54:29","date_gmt":"2024-10-09T00:54:29","guid":{"rendered":"https:\/\/www.confederaciondelcobre.cl\/?p=5466"},"modified":"2024-10-09T09:39:57","modified_gmt":"2024-10-09T13:39:57","slug":"notables-avances-muestra-el-proyecto-de-recuperacion-de-historia-sindical-2024-sobre-la-ctc","status":"publish","type":"post","link":"https:\/\/www.confederaciondelcobre.cl\/index.php\/2024\/10\/08\/notables-avances-muestra-el-proyecto-de-recuperacion-de-historia-sindical-2024-sobre-la-ctc\/","title":{"rendered":"Notables avances muestra el proyecto de Recuperaci\u00f3n de Historia Sindical 2024 sobre la CTC."},"content":{"rendered":"\n<figure class=\"wp-block-image size-full\"><img loading=\"lazy\" decoding=\"async\" width=\"828\" height=\"464\" src=\"https:\/\/www.confederaciondelcobre.cl\/wp-content\/uploads\/2024\/10\/WhatsApp-Image-2024-10-08-at-21.53.11.jpeg\" alt=\"\" class=\"wp-image-5467\" srcset=\"https:\/\/www.confederaciondelcobre.cl\/wp-content\/uploads\/2024\/10\/WhatsApp-Image-2024-10-08-at-21.53.11.jpeg 828w, https:\/\/www.confederaciondelcobre.cl\/wp-content\/uploads\/2024\/10\/WhatsApp-Image-2024-10-08-at-21.53.11-300x168.jpeg 300w, https:\/\/www.confederaciondelcobre.cl\/wp-content\/uploads\/2024\/10\/WhatsApp-Image-2024-10-08-at-21.53.11-768x430.jpeg 768w\" sizes=\"auto, (max-width: 828px) 100vw, 828px\" \/><\/figure>\n\n\n\n<p><br>El proyecto de Recuperaci\u00f3n de Historia Sindical sobre la Confederaci\u00f3n de<br>Trabajadores del Cobre (CTC), desarrollado desde el Programa de Di\u00e1logo Social<br>perteneciente la Subsecretar\u00eda del Trabajo del Ministerio del Trabajo y Previsi\u00f3n Social, en<br>las \u00faltimas semanas ha avanzado con \u00e9xito en sus diferentes actividades. Terminado el<br>trabajo de campo gracias al cual se han recuperado al menos doce testimonios de<br>representantes de la Confederaci\u00f3n, el equipo t\u00e9cnico ha tenido la oportunidad de<br>concretar el dise\u00f1o de los productos principales del proyecto, tanto la elaboraci\u00f3n de un<br>micro documental como de un libro de memoria hist\u00f3rica, adem\u00e1s de un archivo hist\u00f3rico<br>digital, los que ser\u00e1n presentados en el mes de diciembre oficialmente para su circulaci\u00f3n<br>entre las organizaciones afiliadas a la CTC en los diferentes territorios de sus<br>federaciones.<br>En ese marco, la presidenta de la CTC, Ana Lamas Aguirre, ha destacado el enorme valor<br>de la iniciativa y el compromiso de nuestros dirigentes en participar activamente en el<br>proceso de recuperaci\u00f3n de los testimonios, todos de ineludible importancia para<br>reconstruir nuestra propia trayectoria como organizaci\u00f3n de clase. Uno de los<br>participantes en la ronda de entrevistas, el vicepresidente de la CTC y principal<br>representante de la Federaci\u00f3n Minera del Norte (FEMINORT), Francisco Cabezas,<br>despu\u00e9s de m\u00e1s de una hora de conversaci\u00f3n sobre sus or\u00edgenes dirigenciales en la<br>localidad de Pica y el trabajo sociopol\u00edtico desplegado principalmente desde la ciudad de<br>Iquique, destaca el proyecto agradeciendo \u201clo que est\u00e1n haciendo para la Confederaci\u00f3n<br>porque entendemos que es fundamental para los territorios, tanto el registro audiovisual<br>como el libro que va a salir\u201d, sobre todo porque desde la constituci\u00f3n de nuestra<br>organizaci\u00f3n la memoria hist\u00f3rica ha constituido uno de los ejes centrales para promover<br>la lucha sindical de los trabajadores y trabajadoras subcontratistas.<br>Con palabras similares tambi\u00e9n ha concluido su participaci\u00f3n en el proyecto, Jos\u00e9<br>Mardones, activo dirigente de la CUT y de la CTC de la ciudad de Calama, adem\u00e1s de ex<br>concejal de la ciudad. En el cierre de su participaci\u00f3n despu\u00e9s de casi dos horas de<br>conversaci\u00f3n, Jos\u00e9, repara en la utilidad del proyecto porque \u201cen pocas oportunidades<br>uno puede dar a conocer y recordar\u201d destacando que este tipo conversaciones \u201ca m\u00ed<br>personalmente me emociona mucho hablar de lo que significa el movimiento social de<br>Calama y de los contratistas\u201d, en circunstancias que es vital reconocer todo lo avanzando<br>en reivindicaciones gracias a la promoci\u00f3n y defensa de los Acuerdos Marco con Codelco.<br>Los diferentes testimonios, es bueno recalcar, deber\u00edan contribuir a uno de los desaf\u00edos<br>que tiene la Confederaci\u00f3n: construir su propio archivo de registro para sistematizar su<br>enorme trabajo sociopol\u00edtico en relaci\u00f3n al movimiento obrero sindical del pa\u00eds. Esta fue<br>una de las conclusiones a las que se arrib\u00f3 en otra de las actividades realizadas en el<br>proyecto de Recuperaci\u00f3n de Historia Sindical de la Confederaci\u00f3n, ocasi\u00f3n en que m\u00e1s<br>de una veintena de dirigentes de Iquique, Calama, El Salvador, Los Andes y Rancagua,<\/p>\n\n\n\n<p>participaron de una jornada de reflexi\u00f3n sobre la importancia y acciones requeridas para<br>la construcci\u00f3n de un Archivo Hist\u00f3rico Sindical.<br>A la espera de poder dar un buen cierre al proyecto, el equipo t\u00e9cnico proyecta la entrega<br>del micro documental y del libro para los primeros d\u00edas de diciembre del presente a\u00f1o, los<br>cuales ser\u00e1n presentados en la Ceremonia de Cierre para compartir y comentar los<br>resultados del proyecto.<\/p>\n\n\n<div class=\"wp-block-site-logo\"><a href=\"https:\/\/www.confederaciondelcobre.cl\/\" class=\"custom-logo-link\" rel=\"home\"><img loading=\"lazy\" decoding=\"async\" width=\"692\" height=\"84\" src=\"https:\/\/www.confederaciondelcobre.cl\/wp-content\/uploads\/2023\/01\/TituloWebCTC.png\" class=\"custom-logo\" alt=\"Confederaci\u00f3n de Trabajadores del Cobre &#8211; CTC\" srcset=\"https:\/\/www.confederaciondelcobre.cl\/wp-content\/uploads\/2023\/01\/TituloWebCTC.png 606w, https:\/\/www.confederaciondelcobre.cl\/wp-content\/uploads\/2023\/01\/TituloWebCTC-300x37.png 300w\" sizes=\"auto, (max-width: 692px) 100vw, 692px\" \/><\/a><\/div>","protected":false},"excerpt":{"rendered":"<p>El proyecto de Recuperaci\u00f3n de Historia Sindical sobre la Confederaci\u00f3n deTrabajadores del Cobre (CTC), desarrollado desde el Programa de Di\u00e1logo Socialperteneciente la Subsecretar\u00eda del Trabajo del Ministerio del Trabajo y &hellip; <\/p>\n","protected":false},"author":2,"featured_media":5467,"comment_status":"closed","ping_status":"closed","sticky":false,"template":"","format":"standard","meta":{"jetpack_post_was_ever_published":false,"_jetpack_newsletter_access":"","_jetpack_dont_email_post_to_subs":false,"_jetpack_newsletter_tier_id":0,"_jetpack_memberships_contains_paywalled_content":false,"_jetpack_memberships_contains_paid_content":false,"footnotes":"","jetpack_publicize_message":"","jetpack_publicize_feature_enabled":true,"jetpack_social_post_already_shared":true,"jetpack_social_options":{"image_generator_settings":{"template":"highway","default_image_id":0,"enabled":false},"version":2}},"categories":[9],"tags":[],"class_list":["post-5466","post","type-post","status-publish","format-standard","has-post-thumbnail","hentry","category-confederacion"],"jetpack_publicize_connections":[],"jetpack_featured_media_url":"https:\/\/www.confederaciondelcobre.cl\/wp-content\/uploads\/2024\/10\/WhatsApp-Image-2024-10-08-at-21.53.11.jpeg","jetpack_sharing_enabled":true,"post_mailing_queue_ids":[],"_links":{"self":[{"href":"https:\/\/www.confederaciondelcobre.cl\/index.php\/wp-json\/wp\/v2\/posts\/5466","targetHints":{"allow":["GET"]}}],"collection":[{"href":"https:\/\/www.confederaciondelcobre.cl\/index.php\/wp-json\/wp\/v2\/posts"}],"about":[{"href":"https:\/\/www.confederaciondelcobre.cl\/index.php\/wp-json\/wp\/v2\/types\/post"}],"author":[{"embeddable":true,"href":"https:\/\/www.confederaciondelcobre.cl\/index.php\/wp-json\/wp\/v2\/users\/2"}],"replies":[{"embeddable":true,"href":"https:\/\/www.confederaciondelcobre.cl\/index.php\/wp-json\/wp\/v2\/comments?post=5466"}],"version-history":[{"count":1,"href":"https:\/\/www.confederaciondelcobre.cl\/index.php\/wp-json\/wp\/v2\/posts\/5466\/revisions"}],"predecessor-version":[{"id":5468,"href":"https:\/\/www.confederaciondelcobre.cl\/index.php\/wp-json\/wp\/v2\/posts\/5466\/revisions\/5468"}],"wp:featuredmedia":[{"embeddable":true,"href":"https:\/\/www.confederaciondelcobre.cl\/index.php\/wp-json\/wp\/v2\/media\/5467"}],"wp:attachment":[{"href":"https:\/\/www.confederaciondelcobre.cl\/index.php\/wp-json\/wp\/v2\/media?parent=5466"}],"wp:term":[{"taxonomy":"category","embeddable":true,"href":"https:\/\/www.confederaciondelcobre.cl\/index.php\/wp-json\/wp\/v2\/categories?post=5466"},{"taxonomy":"post_tag","embeddable":true,"href":"https:\/\/www.confederaciondelcobre.cl\/index.php\/wp-json\/wp\/v2\/tags?post=5466"}],"curies":[{"name":"wp","href":"https:\/\/api.w.org\/{rel}","templated":true}]}}