{"id":5472,"date":"2024-10-21T16:35:56","date_gmt":"2024-10-21T20:35:56","guid":{"rendered":"https:\/\/www.confederaciondelcobre.cl\/?p=5472"},"modified":"2024-10-21T16:35:58","modified_gmt":"2024-10-21T20:35:58","slug":"a-5-anos-de-la-revuelta-popular","status":"publish","type":"post","link":"https:\/\/www.confederaciondelcobre.cl\/index.php\/2024\/10\/21\/a-5-anos-de-la-revuelta-popular\/","title":{"rendered":"A 5 A\u00d1OS DE LA REVUELTA POPULAR"},"content":{"rendered":"\n<p>El 18 de octubre de 2019, el pa\u00eds no aguant\u00f3 m\u00e1s y se volc\u00f3 a las calles, el detonante de esta fue el alza en la tarifa del sistema de transporte p\u00fablico de Santiago, que entr\u00f3 en vigencia el 6 de octubre de 2019. Tras ello, miles de estudiantes secundarios se organizaron para realizar actos de evasi\u00f3n masiva en el Metro de Santiago, de alguna forma, representando y logrando la identificaci\u00f3n del pa\u00eds, un pa\u00eds agobiado por el endeudamiento, la corrupci\u00f3n pol\u00edtica y el abuso del empresariado, llevando a que se sumaran espont\u00e1neamente trabajadores y familias enteras. As\u00ed, se levantaron las demandas que, en nuestra sociedad, desde la dictadura hasta estos d\u00edas, han generado profundas injusticias sociales.<\/p>\n\n\n\n<p>Las masivas manifestaciones recibieron una contundente y violenta respuesta de parte del gobierno del ex Presidente Pi\u00f1era, que no escatim\u00f3 en usar la represi\u00f3n policial y la acci\u00f3n desmedida de las fuerzas armadas para acallar los gritos de la poblaci\u00f3n, volviendo a ver fusiles y militares en las calles dispuestos a matar, y a carabineros sin ning\u00fan control disparando bombas lacrim\u00f3genas y perdigones a quemarropa, dejando muertos, heridos y a 450 personas civiles con trauma ocular y p\u00e9rdida de visi\u00f3n, violando gravemente los Derechos Humanos.<\/p>\n\n\n\n<p>La poblaci\u00f3n hacia presi\u00f3n, en todas las manifestaciones los carteles ped\u00edan una nueva constituci\u00f3n mediante asamblea constituyente y los actores del movimiento obrero se unieron a esto en el paro del 12 de noviembre de 2019, logrando as\u00ed, que la clase pol\u00edtica pactara a puertas cerradas las condiciones para iniciar una discusi\u00f3n sobre la constituci\u00f3n, la que semanas antes, la poblaci\u00f3n ya hab\u00eda asumido con una fundamental acci\u00f3n popular de participaci\u00f3n ciudadana en cada barrio, reuni\u00e9ndose en cabildos y ollas comunes.<\/p>\n\n\n\n<p>Nosotros comprendimos que la discusi\u00f3n que desde siempre hemos planteado, est\u00e1 dentro de los cambios estructurales que exig\u00edan las manifestaciones, en donde se garantizara la recuperaci\u00f3n de nuestros recursos naturales y se defendiera el rol del Estado, participando en propuestas concretas durante los procesos constitucionales llevados a cabo durante 2021 y 2022.<\/p>\n\n\n\n<p>A pesar de que la historia dio lamentables vuelcos, nosotros seguimos vigilantes y denunciando, seguimos buscando una mejor calidad de vida con un sistema de pensiones digno y que proteja nuestro futuro, seguimos buscando mejores condiciones laborales, seguimos exigiendo los derechos de igualdad de g\u00e9nero, cambios que garanticen la dignidad para una sociedad que vive a duras penas en el neoliberalismo, por eso, nos mueve esta lucha, y con unidad y conciencia de clase, seguiremos en ella.<\/p>\n\n\n\n<p>Hoy, Rechazamos la caricaturizaci\u00f3n de parte de algunos sectores pol\u00edticos sobre el movimiento, el cual, s\u00f3lo busca minimizar la acci\u00f3n popular y de la clase obrera, que tiene ribetes hist\u00f3ricos, en un pa\u00eds que de pronto al fin despert\u00f3, pero que sigue inserto en el flagelo del modelo.<\/p>\n\n\n\n<p>Que la memoria haga justicia hacia todas y todos los que sufrieron la represi\u00f3n y las violaciones de sus derechos humanos.<\/p>\n\n\n\n<p>\u00a1A 5 a\u00f1os, seguimos en pie, y no nos rendiremos jam\u00e1s!<\/p>\n\n\n\n<figure class=\"wp-block-gallery has-nested-images columns-default is-cropped wp-block-gallery-1 is-layout-flex wp-block-gallery-is-layout-flex\">\n<figure class=\"wp-block-image size-large\"><img loading=\"lazy\" decoding=\"async\" width=\"819\" height=\"1024\" data-id=\"5473\" src=\"https:\/\/www.confederaciondelcobre.cl\/wp-content\/uploads\/2024\/10\/1-819x1024.png\" alt=\"\" class=\"wp-image-5473\" srcset=\"https:\/\/www.confederaciondelcobre.cl\/wp-content\/uploads\/2024\/10\/1-819x1024.png 819w, https:\/\/www.confederaciondelcobre.cl\/wp-content\/uploads\/2024\/10\/1-240x300.png 240w, https:\/\/www.confederaciondelcobre.cl\/wp-content\/uploads\/2024\/10\/1-768x960.png 768w, https:\/\/www.confederaciondelcobre.cl\/wp-content\/uploads\/2024\/10\/1-1229x1536.png 1229w, https:\/\/www.confederaciondelcobre.cl\/wp-content\/uploads\/2024\/10\/1-1638x2048.png 1638w, https:\/\/www.confederaciondelcobre.cl\/wp-content\/uploads\/2024\/10\/1.png 1890w\" sizes=\"auto, (max-width: 819px) 100vw, 819px\" \/><\/figure>\n\n\n\n<figure class=\"wp-block-image size-large\"><img loading=\"lazy\" decoding=\"async\" width=\"819\" height=\"1024\" data-id=\"5478\" src=\"https:\/\/www.confederaciondelcobre.cl\/wp-content\/uploads\/2024\/10\/2-819x1024.png\" alt=\"\" class=\"wp-image-5478\" srcset=\"https:\/\/www.confederaciondelcobre.cl\/wp-content\/uploads\/2024\/10\/2-819x1024.png 819w, https:\/\/www.confederaciondelcobre.cl\/wp-content\/uploads\/2024\/10\/2-240x300.png 240w, https:\/\/www.confederaciondelcobre.cl\/wp-content\/uploads\/2024\/10\/2-768x960.png 768w, https:\/\/www.confederaciondelcobre.cl\/wp-content\/uploads\/2024\/10\/2-1229x1536.png 1229w, https:\/\/www.confederaciondelcobre.cl\/wp-content\/uploads\/2024\/10\/2-1638x2048.png 1638w, https:\/\/www.confederaciondelcobre.cl\/wp-content\/uploads\/2024\/10\/2.png 1890w\" sizes=\"auto, (max-width: 819px) 100vw, 819px\" \/><\/figure>\n\n\n\n<figure class=\"wp-block-image size-large\"><img loading=\"lazy\" decoding=\"async\" width=\"819\" height=\"1024\" data-id=\"5476\" src=\"https:\/\/www.confederaciondelcobre.cl\/wp-content\/uploads\/2024\/10\/3-819x1024.png\" alt=\"\" class=\"wp-image-5476\" srcset=\"https:\/\/www.confederaciondelcobre.cl\/wp-content\/uploads\/2024\/10\/3-819x1024.png 819w, https:\/\/www.confederaciondelcobre.cl\/wp-content\/uploads\/2024\/10\/3-240x300.png 240w, https:\/\/www.confederaciondelcobre.cl\/wp-content\/uploads\/2024\/10\/3-768x960.png 768w, https:\/\/www.confederaciondelcobre.cl\/wp-content\/uploads\/2024\/10\/3-1229x1536.png 1229w, https:\/\/www.confederaciondelcobre.cl\/wp-content\/uploads\/2024\/10\/3-1638x2048.png 1638w, https:\/\/www.confederaciondelcobre.cl\/wp-content\/uploads\/2024\/10\/3.png 1890w\" sizes=\"auto, (max-width: 819px) 100vw, 819px\" \/><\/figure>\n\n\n\n<figure class=\"wp-block-image size-large\"><img loading=\"lazy\" decoding=\"async\" width=\"1890\" height=\"2363\" data-id=\"5477\" src=\"https:\/\/www.confederaciondelcobre.cl\/wp-content\/uploads\/2024\/10\/4-819x1024.png\" alt=\"\" class=\"wp-image-5477\" srcset=\"https:\/\/www.confederaciondelcobre.cl\/wp-content\/uploads\/2024\/10\/4-819x1024.png 819w, https:\/\/www.confederaciondelcobre.cl\/wp-content\/uploads\/2024\/10\/4-240x300.png 240w, https:\/\/www.confederaciondelcobre.cl\/wp-content\/uploads\/2024\/10\/4-768x960.png 768w, https:\/\/www.confederaciondelcobre.cl\/wp-content\/uploads\/2024\/10\/4-1229x1536.png 1229w, https:\/\/www.confederaciondelcobre.cl\/wp-content\/uploads\/2024\/10\/4-1638x2048.png 1638w, https:\/\/www.confederaciondelcobre.cl\/wp-content\/uploads\/2024\/10\/4.png 1890w\" sizes=\"auto, (max-width: 1890px) 100vw, 1890px\" \/><\/figure>\n\n\n\n<figure class=\"wp-block-image size-large\"><img loading=\"lazy\" decoding=\"async\" width=\"819\" height=\"1024\" data-id=\"5474\" src=\"https:\/\/www.confederaciondelcobre.cl\/wp-content\/uploads\/2024\/10\/5-819x1024.png\" alt=\"\" class=\"wp-image-5474\" srcset=\"https:\/\/www.confederaciondelcobre.cl\/wp-content\/uploads\/2024\/10\/5-819x1024.png 819w, https:\/\/www.confederaciondelcobre.cl\/wp-content\/uploads\/2024\/10\/5-240x300.png 240w, https:\/\/www.confederaciondelcobre.cl\/wp-content\/uploads\/2024\/10\/5-768x960.png 768w, https:\/\/www.confederaciondelcobre.cl\/wp-content\/uploads\/2024\/10\/5-1229x1536.png 1229w, https:\/\/www.confederaciondelcobre.cl\/wp-content\/uploads\/2024\/10\/5-1638x2048.png 1638w, https:\/\/www.confederaciondelcobre.cl\/wp-content\/uploads\/2024\/10\/5.png 1890w\" sizes=\"auto, (max-width: 819px) 100vw, 819px\" \/><\/figure>\n\n\n\n<figure class=\"wp-block-image size-large\"><img loading=\"lazy\" decoding=\"async\" width=\"819\" height=\"1024\" data-id=\"5475\" src=\"https:\/\/www.confederaciondelcobre.cl\/wp-content\/uploads\/2024\/10\/6-819x1024.png\" alt=\"\" class=\"wp-image-5475\" srcset=\"https:\/\/www.confederaciondelcobre.cl\/wp-content\/uploads\/2024\/10\/6-819x1024.png 819w, https:\/\/www.confederaciondelcobre.cl\/wp-content\/uploads\/2024\/10\/6-240x300.png 240w, https:\/\/www.confederaciondelcobre.cl\/wp-content\/uploads\/2024\/10\/6-768x960.png 768w, https:\/\/www.confederaciondelcobre.cl\/wp-content\/uploads\/2024\/10\/6-1229x1536.png 1229w, https:\/\/www.confederaciondelcobre.cl\/wp-content\/uploads\/2024\/10\/6-1638x2048.png 1638w, https:\/\/www.confederaciondelcobre.cl\/wp-content\/uploads\/2024\/10\/6.png 1890w\" sizes=\"auto, (max-width: 819px) 100vw, 819px\" \/><\/figure>\n<\/figure>\n","protected":false},"excerpt":{"rendered":"<p>El 18 de octubre de 2019, el pa\u00eds no aguant\u00f3 m\u00e1s y se volc\u00f3 a las calles, el detonante de esta fue el alza en la tarifa del sistema de &hellip; <\/p>\n","protected":false},"author":2,"featured_media":5481,"comment_status":"closed","ping_status":"closed","sticky":false,"template":"","format":"standard","meta":{"jetpack_post_was_ever_published":false,"_jetpack_newsletter_access":"","_jetpack_dont_email_post_to_subs":false,"_jetpack_newsletter_tier_id":0,"_jetpack_memberships_contains_paywalled_content":false,"_jetpack_memberships_contains_paid_content":false,"footnotes":"","jetpack_publicize_message":"","jetpack_publicize_feature_enabled":true,"jetpack_social_post_already_shared":true,"jetpack_social_options":{"image_generator_settings":{"template":"highway","default_image_id":0,"enabled":false},"version":2}},"categories":[30,9,36,35,21,14,15],"tags":[],"class_list":["post-5472","post","type-post","status-publish","format-standard","has-post-thumbnail","hentry","category-columna-de-opinion","category-confederacion","category-el-cobre-para-chile","category-el-litio-para-chile","category-federaciones","category-movimientos-sociales","category-nacional"],"jetpack_publicize_connections":[],"jetpack_featured_media_url":"https:\/\/www.confederaciondelcobre.cl\/wp-content\/uploads\/2024\/10\/WhatsApp-Image-2024-10-21-at-17.34.23.jpeg","jetpack_sharing_enabled":true,"post_mailing_queue_ids":[],"_links":{"self":[{"href":"https:\/\/www.confederaciondelcobre.cl\/index.php\/wp-json\/wp\/v2\/posts\/5472","targetHints":{"allow":["GET"]}}],"collection":[{"href":"https:\/\/www.confederaciondelcobre.cl\/index.php\/wp-json\/wp\/v2\/posts"}],"about":[{"href":"https:\/\/www.confederaciondelcobre.cl\/index.php\/wp-json\/wp\/v2\/types\/post"}],"author":[{"embeddable":true,"href":"https:\/\/www.confederaciondelcobre.cl\/index.php\/wp-json\/wp\/v2\/users\/2"}],"replies":[{"embeddable":true,"href":"https:\/\/www.confederaciondelcobre.cl\/index.php\/wp-json\/wp\/v2\/comments?post=5472"}],"version-history":[{"count":1,"href":"https:\/\/www.confederaciondelcobre.cl\/index.php\/wp-json\/wp\/v2\/posts\/5472\/revisions"}],"predecessor-version":[{"id":5480,"href":"https:\/\/www.confederaciondelcobre.cl\/index.php\/wp-json\/wp\/v2\/posts\/5472\/revisions\/5480"}],"wp:featuredmedia":[{"embeddable":true,"href":"https:\/\/www.confederaciondelcobre.cl\/index.php\/wp-json\/wp\/v2\/media\/5481"}],"wp:attachment":[{"href":"https:\/\/www.confederaciondelcobre.cl\/index.php\/wp-json\/wp\/v2\/media?parent=5472"}],"wp:term":[{"taxonomy":"category","embeddable":true,"href":"https:\/\/www.confederaciondelcobre.cl\/index.php\/wp-json\/wp\/v2\/categories?post=5472"},{"taxonomy":"post_tag","embeddable":true,"href":"https:\/\/www.confederaciondelcobre.cl\/index.php\/wp-json\/wp\/v2\/tags?post=5472"}],"curies":[{"name":"wp","href":"https:\/\/api.w.org\/{rel}","templated":true}]}}