{"id":5482,"date":"2024-10-27T15:34:55","date_gmt":"2024-10-27T19:34:55","guid":{"rendered":"https:\/\/www.confederaciondelcobre.cl\/?p=5482"},"modified":"2024-10-27T15:36:04","modified_gmt":"2024-10-27T19:36:04","slug":"un-fallecido-dejo-jornada-de-viernes-en-codelco-ventanas","status":"publish","type":"post","link":"https:\/\/www.confederaciondelcobre.cl\/index.php\/2024\/10\/27\/un-fallecido-dejo-jornada-de-viernes-en-codelco-ventanas\/","title":{"rendered":"Un fallecido dej\u00f3 jornada de viernes en Codelco-Ventanas"},"content":{"rendered":"\n<p>VENTANAS| Seg\u00fan antecedentes recibidos y comunicado emitido por Codelco, el hecho ocurri\u00f3 durante el mediod\u00eda del viernes 25 de octubre en donde se constat\u00f3 el fallecimiento del compa\u00f1ero <strong>JORGE ANDR\u00c9S BRAVO ASTUDILLO<\/strong>, mientras trabajaba en reparaciones del techo de un galp\u00f3n para almacenar concentrado de cobre.<\/p>\n\n\n\n<p>Con profunda consternaci\u00f3n manifestamos nuestras condolencias a la familia de Jorge, y al mismo tiempo, mantenemos la preocupaci\u00f3n, y exigimos la investigaci\u00f3n de las causas del accidente, y nos ponemos a disposici\u00f3n para colaborar permanentemente con acciones preventivas que permitan evitar accidentes, y proteger, a todas y todos los trabajadores.<\/p>\n\n\n\n<p>Este hecho se suma a una ya larga lista de accidentes fatales en distintas Divisiones de Codelco, y creemos que no hay producci\u00f3n de mineral, ni maximizaci\u00f3n de utilidades, ni reducci\u00f3n de costos operacionales, que justifique o pague la muerte de un trabajador o trabajadora. Por eso, es importante la implementaci\u00f3n del convenio 176 de la OIT y de la pol\u00edtica nacional minera, con las cuales, la lucha organizada sigue demandando, y resulta de una necesidad m\u00e1s que urgente revisar y mejorar las condiciones laborales que rodean al trabajador o trabajadora, y al mismo tiempo revisar todos los procedimientos, protocolos y pol\u00edticas de seguridad en las labores, identificar sus flancos o puntos d\u00e9biles y aplicar de inmediato los cambios y medidas de correcci\u00f3n que sean pertinentes. Por otra parte, las autoridades y jefaturas, en toda la l\u00ednea administrativa, tendr\u00e1n que asumir sus respectivas responsabilidades, recordemos que el subcontrato es una forma de precarizaci\u00f3n del trabajo.<\/p>\n\n\n\n<p>Por Jorge, y todas y todos los trabajadores, como Confederaci\u00f3n de Trabajadores del Cobre, seguiremos luchando por el trabajo decente y la defensa de los derechos por los que hemos luchado por nuestra clase, y por eso, exigimos JUSTICIA.<\/p>\n\n\n\n<figure class=\"wp-block-image size-large\"><img loading=\"lazy\" decoding=\"async\" width=\"1024\" height=\"1024\" src=\"https:\/\/www.confederaciondelcobre.cl\/wp-content\/uploads\/2024\/10\/11-1024x1024.png\" alt=\"\" class=\"wp-image-5487\" srcset=\"https:\/\/www.confederaciondelcobre.cl\/wp-content\/uploads\/2024\/10\/11-1024x1024.png 1024w, https:\/\/www.confederaciondelcobre.cl\/wp-content\/uploads\/2024\/10\/11-300x300.png 300w, https:\/\/www.confederaciondelcobre.cl\/wp-content\/uploads\/2024\/10\/11-150x150.png 150w, https:\/\/www.confederaciondelcobre.cl\/wp-content\/uploads\/2024\/10\/11-768x768.png 768w, https:\/\/www.confederaciondelcobre.cl\/wp-content\/uploads\/2024\/10\/11-1536x1536.png 1536w, https:\/\/www.confederaciondelcobre.cl\/wp-content\/uploads\/2024\/10\/11.png 1755w\" sizes=\"auto, (max-width: 1024px) 100vw, 1024px\" \/><\/figure>\n\n\n<div class=\"wp-block-site-logo\"><a href=\"https:\/\/www.confederaciondelcobre.cl\/\" class=\"custom-logo-link\" rel=\"home\"><img loading=\"lazy\" decoding=\"async\" width=\"689\" height=\"84\" src=\"https:\/\/www.confederaciondelcobre.cl\/wp-content\/uploads\/2023\/01\/TituloWebCTC.png\" class=\"custom-logo\" alt=\"Confederaci\u00f3n de Trabajadores del Cobre &#8211; CTC\" srcset=\"https:\/\/www.confederaciondelcobre.cl\/wp-content\/uploads\/2023\/01\/TituloWebCTC.png 606w, https:\/\/www.confederaciondelcobre.cl\/wp-content\/uploads\/2023\/01\/TituloWebCTC-300x37.png 300w\" sizes=\"auto, (max-width: 689px) 100vw, 689px\" \/><\/a><\/div>","protected":false},"excerpt":{"rendered":"<p>VENTANAS| Seg\u00fan antecedentes recibidos y comunicado emitido por Codelco, el hecho ocurri\u00f3 durante el mediod\u00eda del viernes 25 de octubre en donde se constat\u00f3 el fallecimiento del compa\u00f1ero JORGE ANDR\u00c9S &hellip; <\/p>\n","protected":false},"author":2,"featured_media":5483,"comment_status":"closed","ping_status":"closed","sticky":false,"template":"","format":"standard","meta":{"jetpack_post_was_ever_published":false,"_jetpack_newsletter_access":"","_jetpack_dont_email_post_to_subs":false,"_jetpack_newsletter_tier_id":0,"_jetpack_memberships_contains_paywalled_content":false,"_jetpack_memberships_contains_paid_content":false,"footnotes":"","jetpack_publicize_message":"","jetpack_publicize_feature_enabled":true,"jetpack_social_post_already_shared":true,"jetpack_social_options":{"image_generator_settings":{"template":"highway","default_image_id":0,"enabled":false},"version":2}},"categories":[9],"tags":[],"class_list":["post-5482","post","type-post","status-publish","format-standard","has-post-thumbnail","hentry","category-confederacion"],"jetpack_publicize_connections":[],"jetpack_featured_media_url":"https:\/\/www.confederaciondelcobre.cl\/wp-content\/uploads\/2024\/10\/Plantillas-CTC-Post-de-Instagram-11.png","jetpack_sharing_enabled":true,"post_mailing_queue_ids":[],"_links":{"self":[{"href":"https:\/\/www.confederaciondelcobre.cl\/index.php\/wp-json\/wp\/v2\/posts\/5482","targetHints":{"allow":["GET"]}}],"collection":[{"href":"https:\/\/www.confederaciondelcobre.cl\/index.php\/wp-json\/wp\/v2\/posts"}],"about":[{"href":"https:\/\/www.confederaciondelcobre.cl\/index.php\/wp-json\/wp\/v2\/types\/post"}],"author":[{"embeddable":true,"href":"https:\/\/www.confederaciondelcobre.cl\/index.php\/wp-json\/wp\/v2\/users\/2"}],"replies":[{"embeddable":true,"href":"https:\/\/www.confederaciondelcobre.cl\/index.php\/wp-json\/wp\/v2\/comments?post=5482"}],"version-history":[{"count":3,"href":"https:\/\/www.confederaciondelcobre.cl\/index.php\/wp-json\/wp\/v2\/posts\/5482\/revisions"}],"predecessor-version":[{"id":5488,"href":"https:\/\/www.confederaciondelcobre.cl\/index.php\/wp-json\/wp\/v2\/posts\/5482\/revisions\/5488"}],"wp:featuredmedia":[{"embeddable":true,"href":"https:\/\/www.confederaciondelcobre.cl\/index.php\/wp-json\/wp\/v2\/media\/5483"}],"wp:attachment":[{"href":"https:\/\/www.confederaciondelcobre.cl\/index.php\/wp-json\/wp\/v2\/media?parent=5482"}],"wp:term":[{"taxonomy":"category","embeddable":true,"href":"https:\/\/www.confederaciondelcobre.cl\/index.php\/wp-json\/wp\/v2\/categories?post=5482"},{"taxonomy":"post_tag","embeddable":true,"href":"https:\/\/www.confederaciondelcobre.cl\/index.php\/wp-json\/wp\/v2\/tags?post=5482"}],"curies":[{"name":"wp","href":"https:\/\/api.w.org\/{rel}","templated":true}]}}