{"id":5489,"date":"2024-11-13T14:18:31","date_gmt":"2024-11-13T18:18:31","guid":{"rendered":"https:\/\/www.confederaciondelcobre.cl\/?p=5489"},"modified":"2024-11-13T14:18:33","modified_gmt":"2024-11-13T18:18:33","slug":"ctmin-fortalece-su-compromiso-con-la-defensa-integral-de-los-trabajadores-de-la-mineria","status":"publish","type":"post","link":"https:\/\/www.confederaciondelcobre.cl\/index.php\/2024\/11\/13\/ctmin-fortalece-su-compromiso-con-la-defensa-integral-de-los-trabajadores-de-la-mineria\/","title":{"rendered":"CTMIN FORTALECE SU COMPROMISO CON LA DEFENSA INTEGRAL DE LOS TRABAJADORES DE LA MINER\u00cdA"},"content":{"rendered":"\n<p>FUENTE: <a href=\"https:\/\/ctmin.cl\/author\/comunicaciones\/\">Comunicaciones CTMIN<\/a>\u00a0|\u00a0Nov 13, 2024<\/p>\n\n\n\n<p>Este martes 12 de noviembre, en el contexto de una jornada de alta relevancia para el sector, se reunieron en las oficinas de la CCAF Los Andes en Santiago los representantes nacionales de las principales organizaciones que componen la Coordinadora de Trabajadores de la Miner\u00eda (CTMIN). Durante el encuentro, se abordaron los avances en las&nbsp;<em>mesas de trabajo estrat\u00e9gicas<\/em>&nbsp;en las que participa la coordinadora, reafirmando su compromiso con la protecci\u00f3n de los derechos y la seguridad de las y los trabajadores del sector.<\/p>\n\n\n\n<p>En el \u00e1mbito de la&nbsp;<em>Comisi\u00f3n Tripartita de Pol\u00edtica Nacional de Seguridad y Miner\u00eda<\/em>, Guillermo Santander, dirigente de la FMC y vocero de dicha comisi\u00f3n, present\u00f3 un informe detallado sobre el progreso de los lineamientos de seguridad laboral impulsados por CTMIN. Adem\u00e1s, destac\u00f3 la reciente citaci\u00f3n del Consejo Superior Laboral, que otorgar\u00e1 mayor visibilidad al trabajo de la comisi\u00f3n en torno a pol\u00edticas de seguridad minera, un aspecto esencial para el bienestar de la fuerza laboral de esta industria.<\/p>\n\n\n\n<p>Respecto a la mesa de trabajo de&nbsp;<em>Negociaci\u00f3n Multinivel<\/em>, el asesor Juan Pablo C\u00e1rdenas dio cuenta de los avances en la formulaci\u00f3n de una propuesta que articule los intereses de los tres estamentos representados en CTMIN: supervisores, empleados y contratistas. La iniciativa pone especial \u00e9nfasis en conservar la autonom\u00eda de las organizaciones sindicales de base, al tiempo que prioriza el desarrollo de&nbsp;<em>condiciones laborales<\/em>&nbsp;que permitan una mejora sostenible en la calidad de vida de las y los trabajadores, uno de los pilares de la visi\u00f3n CTMIN.<\/p>\n\n\n\n<p>Otro aspecto crucial tratado fue la planificaci\u00f3n de la&nbsp;<em>gesti\u00f3n de comunicaciones<\/em>&nbsp;de CTMIN, coordinada por el asesor Christian Vega, acordando la creaci\u00f3n de un equipo comunicacional compuesto por representantes de cada organizaci\u00f3n miembro. Este equipo tendr\u00e1 el rol de actuar como comit\u00e9 editorial para asegurar la precisi\u00f3n y consistencia en la difusi\u00f3n de los temas que ata\u00f1en a la miner\u00eda, optimizando la transmisi\u00f3n de informaci\u00f3n a trav\u00e9s de las plataformas digitales de CTMIN. Se estableci\u00f3 adem\u00e1s que la informaci\u00f3n de cada mesa de trabajo se desplegar\u00e1 peri\u00f3dicamente en estos canales, con el fin de mantener a las y los trabajadores informados y promover el involucramiento activo en las iniciativas de la coordinadora.<\/p>\n\n\n\n<p>Para cerrar, se acordaron las pr\u00f3ximas fechas de reuni\u00f3n y trabajo con el objetivo de fortalecer la continuidad del quehacer sindical, pol\u00edtico y social de CTMIN. As\u00ed, la coordinadora reafirma su compromiso con la dignidad y justicia laboral en el sector minero, consolid\u00e1ndose como un actor clave en la protecci\u00f3n y representaci\u00f3n de las y los trabajadores.<\/p>\n\n\n\n<figure class=\"wp-block-gallery has-nested-images columns-default is-cropped wp-block-gallery-1 is-layout-flex wp-block-gallery-is-layout-flex\">\n<figure class=\"wp-block-image size-large\"><img loading=\"lazy\" decoding=\"async\" width=\"1024\" height=\"768\" data-id=\"5491\" src=\"https:\/\/www.confederaciondelcobre.cl\/wp-content\/uploads\/2024\/11\/1000139497-scaled-1-1024x768.jpg\" alt=\"\" class=\"wp-image-5491\" srcset=\"https:\/\/www.confederaciondelcobre.cl\/wp-content\/uploads\/2024\/11\/1000139497-scaled-1-1024x768.jpg 1024w, https:\/\/www.confederaciondelcobre.cl\/wp-content\/uploads\/2024\/11\/1000139497-scaled-1-300x225.jpg 300w, https:\/\/www.confederaciondelcobre.cl\/wp-content\/uploads\/2024\/11\/1000139497-scaled-1-768x576.jpg 768w, https:\/\/www.confederaciondelcobre.cl\/wp-content\/uploads\/2024\/11\/1000139497-scaled-1-1536x1152.jpg 1536w, https:\/\/www.confederaciondelcobre.cl\/wp-content\/uploads\/2024\/11\/1000139497-scaled-1-2048x1536.jpg 2048w\" sizes=\"auto, (max-width: 1024px) 100vw, 1024px\" \/><\/figure>\n\n\n\n<figure class=\"wp-block-image size-large\"><img loading=\"lazy\" decoding=\"async\" width=\"980\" height=\"350\" data-id=\"5492\" src=\"https:\/\/www.confederaciondelcobre.cl\/wp-content\/uploads\/2024\/11\/FOTO-1-980x350-1.jpg\" alt=\"\" class=\"wp-image-5492\" srcset=\"https:\/\/www.confederaciondelcobre.cl\/wp-content\/uploads\/2024\/11\/FOTO-1-980x350-1.jpg 980w, https:\/\/www.confederaciondelcobre.cl\/wp-content\/uploads\/2024\/11\/FOTO-1-980x350-1-300x107.jpg 300w, https:\/\/www.confederaciondelcobre.cl\/wp-content\/uploads\/2024\/11\/FOTO-1-980x350-1-768x274.jpg 768w\" sizes=\"auto, (max-width: 980px) 100vw, 980px\" \/><\/figure>\n\n\n\n<figure class=\"wp-block-image size-large\"><img loading=\"lazy\" decoding=\"async\" width=\"1024\" height=\"683\" data-id=\"5493\" src=\"https:\/\/www.confederaciondelcobre.cl\/wp-content\/uploads\/2024\/11\/IMG_7612-scaled-1-1024x683.jpg\" alt=\"\" class=\"wp-image-5493\" srcset=\"https:\/\/www.confederaciondelcobre.cl\/wp-content\/uploads\/2024\/11\/IMG_7612-scaled-1-1024x683.jpg 1024w, https:\/\/www.confederaciondelcobre.cl\/wp-content\/uploads\/2024\/11\/IMG_7612-scaled-1-300x200.jpg 300w, https:\/\/www.confederaciondelcobre.cl\/wp-content\/uploads\/2024\/11\/IMG_7612-scaled-1-768x512.jpg 768w, https:\/\/www.confederaciondelcobre.cl\/wp-content\/uploads\/2024\/11\/IMG_7612-scaled-1-1536x1024.jpg 1536w, https:\/\/www.confederaciondelcobre.cl\/wp-content\/uploads\/2024\/11\/IMG_7612-scaled-1-2048x1366.jpg 2048w\" sizes=\"auto, (max-width: 1024px) 100vw, 1024px\" \/><\/figure>\n\n\n\n<figure class=\"wp-block-image size-large\"><img loading=\"lazy\" decoding=\"async\" width=\"1024\" height=\"683\" data-id=\"5494\" src=\"https:\/\/www.confederaciondelcobre.cl\/wp-content\/uploads\/2024\/11\/IMG_7615-scaled-1-1024x683.jpg\" alt=\"\" class=\"wp-image-5494\" srcset=\"https:\/\/www.confederaciondelcobre.cl\/wp-content\/uploads\/2024\/11\/IMG_7615-scaled-1-1024x683.jpg 1024w, https:\/\/www.confederaciondelcobre.cl\/wp-content\/uploads\/2024\/11\/IMG_7615-scaled-1-300x200.jpg 300w, https:\/\/www.confederaciondelcobre.cl\/wp-content\/uploads\/2024\/11\/IMG_7615-scaled-1-768x512.jpg 768w, https:\/\/www.confederaciondelcobre.cl\/wp-content\/uploads\/2024\/11\/IMG_7615-scaled-1-1536x1024.jpg 1536w, https:\/\/www.confederaciondelcobre.cl\/wp-content\/uploads\/2024\/11\/IMG_7615-scaled-1-2048x1366.jpg 2048w\" sizes=\"auto, (max-width: 1024px) 100vw, 1024px\" \/><\/figure>\n\n\n\n<figure class=\"wp-block-image size-large\"><img loading=\"lazy\" decoding=\"async\" width=\"1024\" height=\"683\" data-id=\"5495\" src=\"https:\/\/www.confederaciondelcobre.cl\/wp-content\/uploads\/2024\/11\/IMG_7617-scaled-1-1024x683.jpg\" alt=\"\" class=\"wp-image-5495\" srcset=\"https:\/\/www.confederaciondelcobre.cl\/wp-content\/uploads\/2024\/11\/IMG_7617-scaled-1-1024x683.jpg 1024w, https:\/\/www.confederaciondelcobre.cl\/wp-content\/uploads\/2024\/11\/IMG_7617-scaled-1-300x200.jpg 300w, https:\/\/www.confederaciondelcobre.cl\/wp-content\/uploads\/2024\/11\/IMG_7617-scaled-1-768x512.jpg 768w, https:\/\/www.confederaciondelcobre.cl\/wp-content\/uploads\/2024\/11\/IMG_7617-scaled-1-1536x1024.jpg 1536w, https:\/\/www.confederaciondelcobre.cl\/wp-content\/uploads\/2024\/11\/IMG_7617-scaled-1-2048x1366.jpg 2048w\" sizes=\"auto, (max-width: 1024px) 100vw, 1024px\" \/><\/figure>\n\n\n\n<figure class=\"wp-block-image size-large\"><img loading=\"lazy\" decoding=\"async\" width=\"1024\" height=\"683\" data-id=\"5496\" src=\"https:\/\/www.confederaciondelcobre.cl\/wp-content\/uploads\/2024\/11\/IMG_7619-scaled-1-1024x683.jpg\" alt=\"\" class=\"wp-image-5496\" srcset=\"https:\/\/www.confederaciondelcobre.cl\/wp-content\/uploads\/2024\/11\/IMG_7619-scaled-1-1024x683.jpg 1024w, https:\/\/www.confederaciondelcobre.cl\/wp-content\/uploads\/2024\/11\/IMG_7619-scaled-1-300x200.jpg 300w, https:\/\/www.confederaciondelcobre.cl\/wp-content\/uploads\/2024\/11\/IMG_7619-scaled-1-768x512.jpg 768w, https:\/\/www.confederaciondelcobre.cl\/wp-content\/uploads\/2024\/11\/IMG_7619-scaled-1-1536x1024.jpg 1536w, https:\/\/www.confederaciondelcobre.cl\/wp-content\/uploads\/2024\/11\/IMG_7619-scaled-1-2048x1366.jpg 2048w\" sizes=\"auto, (max-width: 1024px) 100vw, 1024px\" \/><\/figure>\n\n\n\n<figure class=\"wp-block-image size-large\"><img loading=\"lazy\" decoding=\"async\" width=\"1024\" height=\"768\" data-id=\"5497\" src=\"https:\/\/www.confederaciondelcobre.cl\/wp-content\/uploads\/2024\/11\/portada-1-1024x768.jpg\" alt=\"\" class=\"wp-image-5497\" srcset=\"https:\/\/www.confederaciondelcobre.cl\/wp-content\/uploads\/2024\/11\/portada-1-1024x768.jpg 1024w, https:\/\/www.confederaciondelcobre.cl\/wp-content\/uploads\/2024\/11\/portada-1-300x225.jpg 300w, https:\/\/www.confederaciondelcobre.cl\/wp-content\/uploads\/2024\/11\/portada-1-768x576.jpg 768w, https:\/\/www.confederaciondelcobre.cl\/wp-content\/uploads\/2024\/11\/portada-1-1536x1152.jpg 1536w, https:\/\/www.confederaciondelcobre.cl\/wp-content\/uploads\/2024\/11\/portada-1-2048x1536.jpg 2048w\" sizes=\"auto, (max-width: 1024px) 100vw, 1024px\" \/><\/figure>\n\n\n\n<figure class=\"wp-block-image size-large\"><img loading=\"lazy\" decoding=\"async\" width=\"1018\" height=\"703\" data-id=\"5498\" src=\"https:\/\/www.confederaciondelcobre.cl\/wp-content\/uploads\/2024\/11\/Recorte-CTMIN.png\" alt=\"\" class=\"wp-image-5498\" srcset=\"https:\/\/www.confederaciondelcobre.cl\/wp-content\/uploads\/2024\/11\/Recorte-CTMIN.png 1018w, https:\/\/www.confederaciondelcobre.cl\/wp-content\/uploads\/2024\/11\/Recorte-CTMIN-300x207.png 300w, https:\/\/www.confederaciondelcobre.cl\/wp-content\/uploads\/2024\/11\/Recorte-CTMIN-768x530.png 768w, https:\/\/www.confederaciondelcobre.cl\/wp-content\/uploads\/2024\/11\/Recorte-CTMIN-135x93.png 135w\" sizes=\"auto, (max-width: 1018px) 100vw, 1018px\" \/><\/figure>\n<\/figure>\n","protected":false},"excerpt":{"rendered":"<p>FUENTE: Comunicaciones CTMIN\u00a0|\u00a0Nov 13, 2024 Este martes 12 de noviembre, en el contexto de una jornada de alta relevancia para el sector, se reunieron en las oficinas de la CCAF &hellip; <\/p>\n","protected":false},"author":2,"featured_media":5492,"comment_status":"closed","ping_status":"closed","sticky":false,"template":"","format":"standard","meta":{"jetpack_post_was_ever_published":false,"_jetpack_newsletter_access":"","_jetpack_dont_email_post_to_subs":false,"_jetpack_newsletter_tier_id":0,"_jetpack_memberships_contains_paywalled_content":false,"_jetpack_memberships_contains_paid_content":false,"footnotes":"","jetpack_publicize_message":"","jetpack_publicize_feature_enabled":true,"jetpack_social_post_already_shared":true,"jetpack_social_options":{"image_generator_settings":{"template":"highway","default_image_id":0,"enabled":false},"version":2}},"categories":[9],"tags":[46,44],"class_list":["post-5489","post","type-post","status-publish","format-standard","has-post-thumbnail","hentry","category-confederacion","tag-ctmin","tag-sindicato"],"jetpack_publicize_connections":[],"jetpack_featured_media_url":"https:\/\/www.confederaciondelcobre.cl\/wp-content\/uploads\/2024\/11\/FOTO-1-980x350-1.jpg","jetpack_sharing_enabled":true,"post_mailing_queue_ids":[],"_links":{"self":[{"href":"https:\/\/www.confederaciondelcobre.cl\/index.php\/wp-json\/wp\/v2\/posts\/5489","targetHints":{"allow":["GET"]}}],"collection":[{"href":"https:\/\/www.confederaciondelcobre.cl\/index.php\/wp-json\/wp\/v2\/posts"}],"about":[{"href":"https:\/\/www.confederaciondelcobre.cl\/index.php\/wp-json\/wp\/v2\/types\/post"}],"author":[{"embeddable":true,"href":"https:\/\/www.confederaciondelcobre.cl\/index.php\/wp-json\/wp\/v2\/users\/2"}],"replies":[{"embeddable":true,"href":"https:\/\/www.confederaciondelcobre.cl\/index.php\/wp-json\/wp\/v2\/comments?post=5489"}],"version-history":[{"count":1,"href":"https:\/\/www.confederaciondelcobre.cl\/index.php\/wp-json\/wp\/v2\/posts\/5489\/revisions"}],"predecessor-version":[{"id":5499,"href":"https:\/\/www.confederaciondelcobre.cl\/index.php\/wp-json\/wp\/v2\/posts\/5489\/revisions\/5499"}],"wp:featuredmedia":[{"embeddable":true,"href":"https:\/\/www.confederaciondelcobre.cl\/index.php\/wp-json\/wp\/v2\/media\/5492"}],"wp:attachment":[{"href":"https:\/\/www.confederaciondelcobre.cl\/index.php\/wp-json\/wp\/v2\/media?parent=5489"}],"wp:term":[{"taxonomy":"category","embeddable":true,"href":"https:\/\/www.confederaciondelcobre.cl\/index.php\/wp-json\/wp\/v2\/categories?post=5489"},{"taxonomy":"post_tag","embeddable":true,"href":"https:\/\/www.confederaciondelcobre.cl\/index.php\/wp-json\/wp\/v2\/tags?post=5489"}],"curies":[{"name":"wp","href":"https:\/\/api.w.org\/{rel}","templated":true}]}}