{"id":5502,"date":"2024-11-26T12:51:20","date_gmt":"2024-11-26T16:51:20","guid":{"rendered":"https:\/\/www.confederaciondelcobre.cl\/?p=5502"},"modified":"2024-11-26T12:52:49","modified_gmt":"2024-11-26T16:52:49","slug":"transicion-justa-un-desafio-del-trabajo-moderno","status":"publish","type":"post","link":"https:\/\/www.confederaciondelcobre.cl\/index.php\/2024\/11\/26\/transicion-justa-un-desafio-del-trabajo-moderno\/","title":{"rendered":"Transici\u00f3n Justa, un desaf\u00edo del trabajo moderno."},"content":{"rendered":"\n<h1 class=\"wp-block-heading has-small-font-size\" style=\"font-style:normal;font-weight:100\">Santiago | El pasado martes 19 de noviembre, en el marco del proyecto <strong>\u201cTransici\u00f3n Justa: Modelo de intervenci\u00f3n para mejorar la empleabilidad de trabajadores, basado en el di\u00e1logo social durante procesos de Transici\u00f3n Justa\u201d<\/strong> se desarroll\u00f3 un conversatorio que fue ejecutado por ABBANZ Consultores, financiado por el OTIC Asimet, y patrocinado por SENCE.<\/h1>\n\n\n\n<h1 class=\"wp-block-heading has-small-font-size\" style=\"font-style:normal;font-weight:100\">El objetivo del encuentro fue presentar los resultados del diagn\u00f3stico realizado sobre la situaci\u00f3n actual de la transici\u00f3n justa en el sector de miner\u00eda, identificar buenas pr\u00e1cticas, y promover un di\u00e1logo social efectivo entre actores clave como lo son los trabajadores, el gobierno y el sector privado.<\/h1>\n\n\n\n<h1 class=\"wp-block-heading has-small-font-size\" style=\"font-style:normal;font-weight:100\">Este di\u00e1logo, se sostuvo con la presencia de gran parte de nuestros dirigentes, encabezados por la presidenta de la <strong><em>Confederaci\u00f3n de Trabajadores del Cobre, Ana Lamas<\/em> Aguirre,<\/strong> quienes, durante el desarrollo de la actividad, participaron en rondas de conversaci\u00f3n y de intercambios de opini\u00f3n donde evaluaron positivamente esta oportunidad, que busca abordar los desaf\u00edos y oportunidades espec\u00edficos de la transici\u00f3n justa en la miner\u00eda, fomentando la cooperaci\u00f3n y la construcci\u00f3n de consensos que permitan desarrollar estrategias inclusivas, equitativas y sostenibles, donde el objetivo principal es maximizar las oportunidades de trabajo decente y mitigar los impactos negativos, garantizando una transici\u00f3n justa para todos los involucrados en el sector.<\/h1>\n\n\n\n<p class=\"has-small-font-size\"><strong>Pero, \u00bfQu\u00e9 es la Transici\u00f3n Justa?<\/strong>.<\/p>\n\n\n\n<p class=\"has-small-font-size\">La Transici\u00f3n Justa es el proceso que busca acompa\u00f1ar los cambios necesarios para adaptar la econom\u00eda y las industrias, como la de la miner\u00eda, frente a los desaf\u00edos que plantean no solo las normativas medioambientales, sino tambi\u00e9n, la incorporaci\u00f3n de nuevas tecnolog\u00edas y cambios en las ocupaciones.<\/p>\n\n\n\n<p class=\"has-small-font-size\">Su objetivo central es garantizar que los trabajadores, empleadores y comunidades no sean perjudicados durante estos procesos, buscando minimizar el impacto social y laboral.<\/p>\n\n\n\n<p class=\"has-small-font-size\">La Transici\u00f3n Justa es aplicable en todos los contextos de cambio, como los impulsados por la sostenibilidad ambiental, pero tambi\u00e9n, en aquellos relacionados con la transformaci\u00f3n tecnol\u00f3gica, donde las empresas deben adaptarse a nuevas formas de producci\u00f3n.<\/p>\n\n\n\n<p class=\"has-small-font-size\">Es por eso que, el di\u00e1logo social es fundamental, para asegurar que estos cambios se implementen de manera justa y equitativa, con la participaci\u00f3n de todos los actores.<\/p>\n\n\n\n<p class=\"has-small-font-size\">La CTC est\u00e1 siempre vigilante, activa y disponible ante los procesos laborales que se van presentando, es por eso que creemos que la Transici\u00f3n Justa es un camino que va en directo beneficio de las y los trabajadores.<\/p>\n\n\n\n<p><\/p>\n\n\n\n<figure class=\"wp-block-gallery has-nested-images columns-default is-cropped wp-block-gallery-1 is-layout-flex wp-block-gallery-is-layout-flex\">\n<figure class=\"wp-block-image size-large\"><img loading=\"lazy\" decoding=\"async\" width=\"1024\" height=\"584\" data-id=\"5503\" src=\"https:\/\/www.confederaciondelcobre.cl\/wp-content\/uploads\/2024\/11\/IMG_3648-1024x584.jpg\" alt=\"\" class=\"wp-image-5503\" srcset=\"https:\/\/www.confederaciondelcobre.cl\/wp-content\/uploads\/2024\/11\/IMG_3648-1024x584.jpg 1024w, https:\/\/www.confederaciondelcobre.cl\/wp-content\/uploads\/2024\/11\/IMG_3648-300x171.jpg 300w, https:\/\/www.confederaciondelcobre.cl\/wp-content\/uploads\/2024\/11\/IMG_3648-768x438.jpg 768w, https:\/\/www.confederaciondelcobre.cl\/wp-content\/uploads\/2024\/11\/IMG_3648-1536x877.jpg 1536w, https:\/\/www.confederaciondelcobre.cl\/wp-content\/uploads\/2024\/11\/IMG_3648-2048x1169.jpg 2048w\" sizes=\"auto, (max-width: 1024px) 100vw, 1024px\" \/><\/figure>\n\n\n\n<figure class=\"wp-block-image size-large\"><img loading=\"lazy\" decoding=\"async\" width=\"1024\" height=\"768\" data-id=\"5505\" src=\"https:\/\/www.confederaciondelcobre.cl\/wp-content\/uploads\/2024\/11\/IMG_3647-1024x768.jpg\" alt=\"\" class=\"wp-image-5505\" srcset=\"https:\/\/www.confederaciondelcobre.cl\/wp-content\/uploads\/2024\/11\/IMG_3647-1024x768.jpg 1024w, https:\/\/www.confederaciondelcobre.cl\/wp-content\/uploads\/2024\/11\/IMG_3647-300x225.jpg 300w, https:\/\/www.confederaciondelcobre.cl\/wp-content\/uploads\/2024\/11\/IMG_3647-768x576.jpg 768w, https:\/\/www.confederaciondelcobre.cl\/wp-content\/uploads\/2024\/11\/IMG_3647-1536x1152.jpg 1536w, https:\/\/www.confederaciondelcobre.cl\/wp-content\/uploads\/2024\/11\/IMG_3647-2048x1536.jpg 2048w\" sizes=\"auto, (max-width: 1024px) 100vw, 1024px\" \/><\/figure>\n\n\n\n<figure class=\"wp-block-image size-large\"><img loading=\"lazy\" decoding=\"async\" width=\"1024\" height=\"768\" data-id=\"5507\" src=\"https:\/\/www.confederaciondelcobre.cl\/wp-content\/uploads\/2024\/11\/IMG_3646-1024x768.jpg\" alt=\"\" class=\"wp-image-5507\" srcset=\"https:\/\/www.confederaciondelcobre.cl\/wp-content\/uploads\/2024\/11\/IMG_3646-1024x768.jpg 1024w, https:\/\/www.confederaciondelcobre.cl\/wp-content\/uploads\/2024\/11\/IMG_3646-300x225.jpg 300w, https:\/\/www.confederaciondelcobre.cl\/wp-content\/uploads\/2024\/11\/IMG_3646-768x576.jpg 768w, https:\/\/www.confederaciondelcobre.cl\/wp-content\/uploads\/2024\/11\/IMG_3646-1536x1152.jpg 1536w, https:\/\/www.confederaciondelcobre.cl\/wp-content\/uploads\/2024\/11\/IMG_3646-2048x1536.jpg 2048w\" sizes=\"auto, (max-width: 1024px) 100vw, 1024px\" \/><\/figure>\n\n\n\n<figure class=\"wp-block-image size-large\"><img loading=\"lazy\" decoding=\"async\" width=\"1024\" height=\"768\" data-id=\"5504\" src=\"https:\/\/www.confederaciondelcobre.cl\/wp-content\/uploads\/2024\/11\/IMG_3645-1024x768.jpg\" alt=\"\" class=\"wp-image-5504\" srcset=\"https:\/\/www.confederaciondelcobre.cl\/wp-content\/uploads\/2024\/11\/IMG_3645-1024x768.jpg 1024w, https:\/\/www.confederaciondelcobre.cl\/wp-content\/uploads\/2024\/11\/IMG_3645-300x225.jpg 300w, https:\/\/www.confederaciondelcobre.cl\/wp-content\/uploads\/2024\/11\/IMG_3645-768x576.jpg 768w, https:\/\/www.confederaciondelcobre.cl\/wp-content\/uploads\/2024\/11\/IMG_3645-1536x1152.jpg 1536w, https:\/\/www.confederaciondelcobre.cl\/wp-content\/uploads\/2024\/11\/IMG_3645-2048x1536.jpg 2048w\" sizes=\"auto, (max-width: 1024px) 100vw, 1024px\" \/><\/figure>\n\n\n\n<figure class=\"wp-block-image size-large\"><img loading=\"lazy\" decoding=\"async\" width=\"1024\" height=\"768\" data-id=\"5506\" src=\"https:\/\/www.confederaciondelcobre.cl\/wp-content\/uploads\/2024\/11\/IMG_3644-1024x768.jpg\" alt=\"\" class=\"wp-image-5506\" srcset=\"https:\/\/www.confederaciondelcobre.cl\/wp-content\/uploads\/2024\/11\/IMG_3644-1024x768.jpg 1024w, https:\/\/www.confederaciondelcobre.cl\/wp-content\/uploads\/2024\/11\/IMG_3644-300x225.jpg 300w, https:\/\/www.confederaciondelcobre.cl\/wp-content\/uploads\/2024\/11\/IMG_3644-768x576.jpg 768w, https:\/\/www.confederaciondelcobre.cl\/wp-content\/uploads\/2024\/11\/IMG_3644-1536x1152.jpg 1536w, https:\/\/www.confederaciondelcobre.cl\/wp-content\/uploads\/2024\/11\/IMG_3644-2048x1536.jpg 2048w\" sizes=\"auto, (max-width: 1024px) 100vw, 1024px\" \/><\/figure>\n\n\n\n<figure class=\"wp-block-image size-large\"><img loading=\"lazy\" decoding=\"async\" width=\"1024\" height=\"680\" data-id=\"5510\" src=\"https:\/\/www.confederaciondelcobre.cl\/wp-content\/uploads\/2024\/11\/Captura-de-pantalla-2024-11-26-130938-1024x680.png\" alt=\"\" class=\"wp-image-5510\" srcset=\"https:\/\/www.confederaciondelcobre.cl\/wp-content\/uploads\/2024\/11\/Captura-de-pantalla-2024-11-26-130938-1024x680.png 1024w, https:\/\/www.confederaciondelcobre.cl\/wp-content\/uploads\/2024\/11\/Captura-de-pantalla-2024-11-26-130938-300x199.png 300w, https:\/\/www.confederaciondelcobre.cl\/wp-content\/uploads\/2024\/11\/Captura-de-pantalla-2024-11-26-130938-768x510.png 768w, https:\/\/www.confederaciondelcobre.cl\/wp-content\/uploads\/2024\/11\/Captura-de-pantalla-2024-11-26-130938.png 1086w\" sizes=\"auto, (max-width: 1024px) 100vw, 1024px\" \/><\/figure>\n<\/figure>\n","protected":false},"excerpt":{"rendered":"<p>Santiago | El pasado martes 19 de noviembre, en el marco del proyecto \u201cTransici\u00f3n Justa: Modelo de intervenci\u00f3n para mejorar la empleabilidad de trabajadores, basado en el di\u00e1logo social durante &hellip; <\/p>\n","protected":false},"author":2,"featured_media":5512,"comment_status":"closed","ping_status":"closed","sticky":false,"template":"","format":"standard","meta":{"jetpack_post_was_ever_published":false,"_jetpack_newsletter_access":"","_jetpack_dont_email_post_to_subs":false,"_jetpack_newsletter_tier_id":0,"_jetpack_memberships_contains_paywalled_content":false,"_jetpack_memberships_contains_paid_content":false,"footnotes":"","jetpack_publicize_message":"","jetpack_publicize_feature_enabled":true,"jetpack_social_post_already_shared":true,"jetpack_social_options":{"image_generator_settings":{"template":"highway","default_image_id":0,"enabled":false},"version":2}},"categories":[9],"tags":[48,47],"class_list":["post-5502","post","type-post","status-publish","format-standard","has-post-thumbnail","hentry","category-confederacion","tag-ctc","tag-transicion-justa"],"jetpack_publicize_connections":[],"jetpack_featured_media_url":"https:\/\/www.confederaciondelcobre.cl\/wp-content\/uploads\/2024\/11\/IMG_3642-scaled.jpg","jetpack_sharing_enabled":true,"post_mailing_queue_ids":[],"_links":{"self":[{"href":"https:\/\/www.confederaciondelcobre.cl\/index.php\/wp-json\/wp\/v2\/posts\/5502","targetHints":{"allow":["GET"]}}],"collection":[{"href":"https:\/\/www.confederaciondelcobre.cl\/index.php\/wp-json\/wp\/v2\/posts"}],"about":[{"href":"https:\/\/www.confederaciondelcobre.cl\/index.php\/wp-json\/wp\/v2\/types\/post"}],"author":[{"embeddable":true,"href":"https:\/\/www.confederaciondelcobre.cl\/index.php\/wp-json\/wp\/v2\/users\/2"}],"replies":[{"embeddable":true,"href":"https:\/\/www.confederaciondelcobre.cl\/index.php\/wp-json\/wp\/v2\/comments?post=5502"}],"version-history":[{"count":2,"href":"https:\/\/www.confederaciondelcobre.cl\/index.php\/wp-json\/wp\/v2\/posts\/5502\/revisions"}],"predecessor-version":[{"id":5513,"href":"https:\/\/www.confederaciondelcobre.cl\/index.php\/wp-json\/wp\/v2\/posts\/5502\/revisions\/5513"}],"wp:featuredmedia":[{"embeddable":true,"href":"https:\/\/www.confederaciondelcobre.cl\/index.php\/wp-json\/wp\/v2\/media\/5512"}],"wp:attachment":[{"href":"https:\/\/www.confederaciondelcobre.cl\/index.php\/wp-json\/wp\/v2\/media?parent=5502"}],"wp:term":[{"taxonomy":"category","embeddable":true,"href":"https:\/\/www.confederaciondelcobre.cl\/index.php\/wp-json\/wp\/v2\/categories?post=5502"},{"taxonomy":"post_tag","embeddable":true,"href":"https:\/\/www.confederaciondelcobre.cl\/index.php\/wp-json\/wp\/v2\/tags?post=5502"}],"curies":[{"name":"wp","href":"https:\/\/api.w.org\/{rel}","templated":true}]}}