{"id":551,"date":"2019-11-28T20:32:45","date_gmt":"2019-11-28T20:32:45","guid":{"rendered":"http:\/\/www.confederaciondelcobre.cl\/?p=551"},"modified":"2020-04-26T23:30:38","modified_gmt":"2020-04-26T23:30:38","slug":"sindicato-de-empresa-eleccon-vota-huelga","status":"publish","type":"post","link":"https:\/\/www.confederaciondelcobre.cl\/index.php\/2019\/11\/28\/sindicato-de-empresa-eleccon-vota-huelga\/","title":{"rendered":"Sindicato de empresa Eleccon vota huelga"},"content":{"rendered":"\n<ul class=\"wp-block-list\"><li><em>La votaci\u00f3n, con un apoyo del 74% de los trabajadores, se di\u00f3 en el contexto de Negociaci\u00f3n Colectiva que se est\u00e1 desarrollando desde el d\u00eda jueves 17 de octubre del presente cuando el sindicato hizo entrega de petitorio.<\/em><\/li><\/ul>\n\n\n\n<p>El d\u00eda de ayer (mi\u00e9rcoles 27)  los trabajadores organizados en el Sindicato de Trabajadores Empresa Eleccon decidieron votar y aprobar la Huelga, esto luego de que la Empresa -en su \u00faltima oferta, el d\u00eda 21- no se acercara a las demandas por mejores condiciones de parte de los trabajadores.<\/p>\n\n\n\n<ul class=\"wp-block-list\"><li><strong><em>Cabe se\u00f1alar que, luego de votada y aprobada la Huelga, se abre un nuevo per\u00edodo de cinco d\u00edas h\u00e1biles conocido como &#8216;Buenos Oficios&#8217;. Este per\u00edodo es de mediaci\u00f3n obligatoria y all\u00ed interviene la Direcci\u00f3n de Trabajo.<\/em><\/strong><\/li><\/ul>\n\n\n\n<p><strong>Stephanie Gonz\u00e1lez<\/strong>, Presidenta de la Federaci\u00f3n de Trabajadores Contratistas MantoVerde  (FESAMAV) y Directora  Nacional Encargada de G\u00e9nero e Inclusi\u00f3n de la Confederaci\u00f3n de Trabajadores del Cobre (CTC), entreg\u00f3 un saludo a los socios del Sindicato de Trabajadores de Empresa Eleccon, quienes han demostrado verdadera convicci\u00f3n sobre las determinaciones tomadas en asambleas y que se han ratificado el d\u00eda de ayer en la urna de votaci\u00f3n.  Se\u00f1al\u00f3 que &#8220;los trabajadores siempre hemos tenido la disposici\u00f3n de seguir avanzando en derechos y beneficios a trav\u00e9s del di\u00e1logo y entendimiento, es lo que buscamos y una Negociaci\u00f3n Colectiva de eso se trata.  Felicitamos a los trabajadores que est\u00e1n organizados, unidos y en disposici\u00f3n de lucha. Unidad, organizaci\u00f3n y lucha, que son herramientas hist\u00f3ricas  de los trabajadores para conseguir sus objetivos&#8221;, finaliz\u00f3.<\/p>\n\n\n\n<p><\/p>\n","protected":false},"excerpt":{"rendered":"<p>La votaci\u00f3n, con un apoyo del 74% de los trabajadores, se di\u00f3 en el contexto de Negociaci\u00f3n Colectiva que se est\u00e1 desarrollando desde el d\u00eda jueves 17 de octubre del &hellip; <\/p>\n","protected":false},"author":2,"featured_media":552,"comment_status":"closed","ping_status":"closed","sticky":false,"template":"","format":"standard","meta":{"jetpack_post_was_ever_published":false,"_jetpack_newsletter_access":"","_jetpack_dont_email_post_to_subs":false,"_jetpack_newsletter_tier_id":0,"_jetpack_memberships_contains_paywalled_content":false,"_jetpack_memberships_contains_paid_content":false,"footnotes":"","jetpack_publicize_message":"","jetpack_publicize_feature_enabled":true,"jetpack_social_post_already_shared":false,"jetpack_social_options":{"image_generator_settings":{"template":"highway","default_image_id":0,"enabled":false},"version":2}},"categories":[9,21,25,20],"tags":[],"class_list":["post-551","post","type-post","status-publish","format-standard","has-post-thumbnail","hentry","category-confederacion","category-federaciones","category-fesamav","category-negociacion-colectiva"],"jetpack_publicize_connections":[],"jetpack_featured_media_url":"https:\/\/www.confederaciondelcobre.cl\/wp-content\/uploads\/2019\/11\/Eleccon.jpg","jetpack_sharing_enabled":true,"post_mailing_queue_ids":[],"_links":{"self":[{"href":"https:\/\/www.confederaciondelcobre.cl\/index.php\/wp-json\/wp\/v2\/posts\/551","targetHints":{"allow":["GET"]}}],"collection":[{"href":"https:\/\/www.confederaciondelcobre.cl\/index.php\/wp-json\/wp\/v2\/posts"}],"about":[{"href":"https:\/\/www.confederaciondelcobre.cl\/index.php\/wp-json\/wp\/v2\/types\/post"}],"author":[{"embeddable":true,"href":"https:\/\/www.confederaciondelcobre.cl\/index.php\/wp-json\/wp\/v2\/users\/2"}],"replies":[{"embeddable":true,"href":"https:\/\/www.confederaciondelcobre.cl\/index.php\/wp-json\/wp\/v2\/comments?post=551"}],"version-history":[{"count":2,"href":"https:\/\/www.confederaciondelcobre.cl\/index.php\/wp-json\/wp\/v2\/posts\/551\/revisions"}],"predecessor-version":[{"id":554,"href":"https:\/\/www.confederaciondelcobre.cl\/index.php\/wp-json\/wp\/v2\/posts\/551\/revisions\/554"}],"wp:featuredmedia":[{"embeddable":true,"href":"https:\/\/www.confederaciondelcobre.cl\/index.php\/wp-json\/wp\/v2\/media\/552"}],"wp:attachment":[{"href":"https:\/\/www.confederaciondelcobre.cl\/index.php\/wp-json\/wp\/v2\/media?parent=551"}],"wp:term":[{"taxonomy":"category","embeddable":true,"href":"https:\/\/www.confederaciondelcobre.cl\/index.php\/wp-json\/wp\/v2\/categories?post=551"},{"taxonomy":"post_tag","embeddable":true,"href":"https:\/\/www.confederaciondelcobre.cl\/index.php\/wp-json\/wp\/v2\/tags?post=551"}],"curies":[{"name":"wp","href":"https:\/\/api.w.org\/{rel}","templated":true}]}}