{"id":5522,"date":"2024-11-30T13:57:09","date_gmt":"2024-11-30T17:57:09","guid":{"rendered":"https:\/\/www.confederaciondelcobre.cl\/?p=5522"},"modified":"2024-11-30T15:43:03","modified_gmt":"2024-11-30T19:43:03","slug":"ctc-realiza-importante-visita-a-la-division-salvador-de-codelco-chile","status":"publish","type":"post","link":"https:\/\/www.confederaciondelcobre.cl\/index.php\/2024\/11\/30\/ctc-realiza-importante-visita-a-la-division-salvador-de-codelco-chile\/","title":{"rendered":"CTC REALIZA IMPORTANTE VISITA A LA DIVISI\u00d3N SALVADOR DE CODELCO CHILE"},"content":{"rendered":"\n<p class=\"has-text-align-left\">El Salvador, Atacama. El pasado 26 de noviembre, la Confederaci\u00f3n de Trabajadores del Cobre (CTC) realiz\u00f3 una visita estrat\u00e9gica a las \u00e1reas productivas de la Divisi\u00f3n Salvador de CODELCO Chile. La actividad fue coordinada en conjunto con el departamento de Fiscalizaci\u00f3n de Terceros,<br>cumpliendo con los lineamientos establecidos en el Acuerdo Marco, permitiendo as\u00ed una inmersi\u00f3n directa en los procesos productivos y fortaleciendo el v\u00ednculo entre la Confederaci\u00f3n y los Trabajadores y Trabajadoras de la Divisi\u00f3n.<\/p>\n\n\n\n<p>Tras la recepci\u00f3n de parte de los superintendentes de las \u00e1reas de fundici\u00f3n, concentradora y minas, que permiti\u00f3 un importante intercambio de experiencias, se discutieron temas relevantes como la transformaci\u00f3n y reconversi\u00f3n laboral, la incorporaci\u00f3n de tecnolog\u00edas avanzadas en los<br>procesos productivos y la integraci\u00f3n efectiva de las mujeres en las l\u00edneas productivas con un enfoque genuino en la equidad de g\u00e9nero y la no discriminaci\u00f3n.<br>Estas actividades son importantes, ya que permiten constatar y reafirmar que cada trabajador, en su \u00e1rea espec\u00edfica, desempe\u00f1a un indispensable rol dentro de la cadena productiva, en donde su esfuerzo y<br>dedicaci\u00f3n son claves para el crecimiento de la regi\u00f3n y del pa\u00eds, sosteniendo siempre que la base de toda producci\u00f3n industrial, las de todas las \u00e1reas, deben residir en el trabajo digno y seguro que cada trabajador realiza.<\/p>\n\n\n\n<figure class=\"wp-block-image size-large\"><img loading=\"lazy\" decoding=\"async\" width=\"1024\" height=\"768\" src=\"https:\/\/www.confederaciondelcobre.cl\/wp-content\/uploads\/2024\/11\/WhatsApp-Image-2024-11-26-at-15.05.17-1024x768.jpeg\" alt=\"\" class=\"wp-image-5539\" srcset=\"https:\/\/www.confederaciondelcobre.cl\/wp-content\/uploads\/2024\/11\/WhatsApp-Image-2024-11-26-at-15.05.17-1024x768.jpeg 1024w, https:\/\/www.confederaciondelcobre.cl\/wp-content\/uploads\/2024\/11\/WhatsApp-Image-2024-11-26-at-15.05.17-300x225.jpeg 300w, https:\/\/www.confederaciondelcobre.cl\/wp-content\/uploads\/2024\/11\/WhatsApp-Image-2024-11-26-at-15.05.17-768x576.jpeg 768w, https:\/\/www.confederaciondelcobre.cl\/wp-content\/uploads\/2024\/11\/WhatsApp-Image-2024-11-26-at-15.05.17.jpeg 1280w\" sizes=\"auto, (max-width: 1024px) 100vw, 1024px\" \/><\/figure>\n\n\n\n<p><strong>Visi\u00f3n de Futuro y Derechos Laborales<\/strong><\/p>\n\n\n\n<p>Esta visita marca un paso importante en el proceso continuo de construcci\u00f3n y mejora de las condiciones laborales. De nuestra parte, estamos comprometidos con la promoci\u00f3n de la Seguridad, la Salud y el<br>Trabajo Decente. Es por eso que esta actividad ha sido una oportunidad para observar los avances, pero que, a su vez, nos permite reconocer que a\u00fan hay mucho por hacer, especialmente en lo que respecta a extender estas mejoras a las empresas contratistas y subcontratistas, que representan el 75% de la mano de obra, no solo en CODELCO, sino tambi\u00e9n, en toda la industria minera.<\/p>\n\n\n\n<p><strong>Importancia de la comunicaci\u00f3n directa<\/strong><\/p>\n\n\n\n<p>Para nuestra organizaci\u00f3n es fundamental fortalecer el v\u00ednculo directo con las y los Trabajadores, asegurando que tengan un acceso claro y directo a la CTC para resolver cualquier duda o necesidad relacionada con el Acuerdo Marco y sus derechos laborales. Por ello, durante la visita entregamos la informaci\u00f3n necesaria a cada trabajador sobre los canales de comunicaci\u00f3n de la Confederaci\u00f3n.<\/p>\n\n\n\n<p>En resumen, esta visita ha sido un poderoso recordatorio de que nuestro trabajo como organizaci\u00f3n es fundamental para asegurar que los Derechos y la dignidad de todas y todos los trabajadores sean respetados y promovidos, es por ello que mantenemos fuerte nuestro compromiso, y seguiremos generando todas las instancias de di\u00e1logo que sean necesarias para avanzar en estos objetivos, que son siempre colectivos, para los que estamos listos y dispuestos, enfrentando los desaf\u00edos que vengan, en<br>pos de defender los derechos de todos y cada una de nuestras compa\u00f1eras y compa\u00f1eros trabajadores.<\/p>\n\n\n\n<figure class=\"wp-block-gallery has-nested-images columns-default is-cropped wp-block-gallery-1 is-layout-flex wp-block-gallery-is-layout-flex\">\n<figure class=\"wp-block-image size-large\"><img loading=\"lazy\" decoding=\"async\" width=\"1024\" height=\"768\" data-id=\"5540\" src=\"https:\/\/www.confederaciondelcobre.cl\/wp-content\/uploads\/2024\/11\/WhatsApp-Image-2024-11-26-at-10.10.51-1024x768.jpeg\" alt=\"\" class=\"wp-image-5540\" srcset=\"https:\/\/www.confederaciondelcobre.cl\/wp-content\/uploads\/2024\/11\/WhatsApp-Image-2024-11-26-at-10.10.51-1024x768.jpeg 1024w, https:\/\/www.confederaciondelcobre.cl\/wp-content\/uploads\/2024\/11\/WhatsApp-Image-2024-11-26-at-10.10.51-300x225.jpeg 300w, https:\/\/www.confederaciondelcobre.cl\/wp-content\/uploads\/2024\/11\/WhatsApp-Image-2024-11-26-at-10.10.51-768x576.jpeg 768w, https:\/\/www.confederaciondelcobre.cl\/wp-content\/uploads\/2024\/11\/WhatsApp-Image-2024-11-26-at-10.10.51.jpeg 1280w\" sizes=\"auto, (max-width: 1024px) 100vw, 1024px\" \/><\/figure>\n\n\n\n<figure class=\"wp-block-image size-large\"><img loading=\"lazy\" decoding=\"async\" width=\"1024\" height=\"768\" data-id=\"5538\" src=\"https:\/\/www.confederaciondelcobre.cl\/wp-content\/uploads\/2024\/11\/WhatsApp-Image-2024-11-26-at-15.26.53-1024x768.jpeg\" alt=\"\" class=\"wp-image-5538\" srcset=\"https:\/\/www.confederaciondelcobre.cl\/wp-content\/uploads\/2024\/11\/WhatsApp-Image-2024-11-26-at-15.26.53-1024x768.jpeg 1024w, https:\/\/www.confederaciondelcobre.cl\/wp-content\/uploads\/2024\/11\/WhatsApp-Image-2024-11-26-at-15.26.53-300x225.jpeg 300w, https:\/\/www.confederaciondelcobre.cl\/wp-content\/uploads\/2024\/11\/WhatsApp-Image-2024-11-26-at-15.26.53-768x576.jpeg 768w, https:\/\/www.confederaciondelcobre.cl\/wp-content\/uploads\/2024\/11\/WhatsApp-Image-2024-11-26-at-15.26.53-1536x1152.jpeg 1536w, https:\/\/www.confederaciondelcobre.cl\/wp-content\/uploads\/2024\/11\/WhatsApp-Image-2024-11-26-at-15.26.53.jpeg 1600w\" sizes=\"auto, (max-width: 1024px) 100vw, 1024px\" \/><\/figure>\n\n\n\n<figure class=\"wp-block-image size-large\"><img loading=\"lazy\" decoding=\"async\" width=\"1024\" height=\"768\" data-id=\"5537\" src=\"https:\/\/www.confederaciondelcobre.cl\/wp-content\/uploads\/2024\/11\/WhatsApp-Image-2024-11-26-at-15.26.53-1-1024x768.jpeg\" alt=\"\" class=\"wp-image-5537\" srcset=\"https:\/\/www.confederaciondelcobre.cl\/wp-content\/uploads\/2024\/11\/WhatsApp-Image-2024-11-26-at-15.26.53-1-1024x768.jpeg 1024w, https:\/\/www.confederaciondelcobre.cl\/wp-content\/uploads\/2024\/11\/WhatsApp-Image-2024-11-26-at-15.26.53-1-300x225.jpeg 300w, https:\/\/www.confederaciondelcobre.cl\/wp-content\/uploads\/2024\/11\/WhatsApp-Image-2024-11-26-at-15.26.53-1-768x576.jpeg 768w, https:\/\/www.confederaciondelcobre.cl\/wp-content\/uploads\/2024\/11\/WhatsApp-Image-2024-11-26-at-15.26.53-1-1536x1152.jpeg 1536w, https:\/\/www.confederaciondelcobre.cl\/wp-content\/uploads\/2024\/11\/WhatsApp-Image-2024-11-26-at-15.26.53-1.jpeg 1600w\" sizes=\"auto, (max-width: 1024px) 100vw, 1024px\" \/><\/figure>\n\n\n\n<figure class=\"wp-block-image size-large\"><img loading=\"lazy\" decoding=\"async\" width=\"1024\" height=\"768\" data-id=\"5536\" src=\"https:\/\/www.confederaciondelcobre.cl\/wp-content\/uploads\/2024\/11\/WhatsApp-Image-2024-11-26-at-15.26.54-1024x768.jpeg\" alt=\"\" class=\"wp-image-5536\" srcset=\"https:\/\/www.confederaciondelcobre.cl\/wp-content\/uploads\/2024\/11\/WhatsApp-Image-2024-11-26-at-15.26.54-1024x768.jpeg 1024w, https:\/\/www.confederaciondelcobre.cl\/wp-content\/uploads\/2024\/11\/WhatsApp-Image-2024-11-26-at-15.26.54-300x225.jpeg 300w, https:\/\/www.confederaciondelcobre.cl\/wp-content\/uploads\/2024\/11\/WhatsApp-Image-2024-11-26-at-15.26.54-768x576.jpeg 768w, https:\/\/www.confederaciondelcobre.cl\/wp-content\/uploads\/2024\/11\/WhatsApp-Image-2024-11-26-at-15.26.54-1536x1152.jpeg 1536w, https:\/\/www.confederaciondelcobre.cl\/wp-content\/uploads\/2024\/11\/WhatsApp-Image-2024-11-26-at-15.26.54.jpeg 1600w\" sizes=\"auto, (max-width: 1024px) 100vw, 1024px\" \/><\/figure>\n\n\n\n<figure class=\"wp-block-image size-large\"><img loading=\"lazy\" decoding=\"async\" width=\"1024\" height=\"765\" data-id=\"5535\" src=\"https:\/\/www.confederaciondelcobre.cl\/wp-content\/uploads\/2024\/11\/WhatsApp-Image-2024-11-26-at-15.27.20-1024x765.jpeg\" alt=\"\" class=\"wp-image-5535\" srcset=\"https:\/\/www.confederaciondelcobre.cl\/wp-content\/uploads\/2024\/11\/WhatsApp-Image-2024-11-26-at-15.27.20-1024x765.jpeg 1024w, https:\/\/www.confederaciondelcobre.cl\/wp-content\/uploads\/2024\/11\/WhatsApp-Image-2024-11-26-at-15.27.20-300x224.jpeg 300w, https:\/\/www.confederaciondelcobre.cl\/wp-content\/uploads\/2024\/11\/WhatsApp-Image-2024-11-26-at-15.27.20-768x574.jpeg 768w, https:\/\/www.confederaciondelcobre.cl\/wp-content\/uploads\/2024\/11\/WhatsApp-Image-2024-11-26-at-15.27.20-1536x1148.jpeg 1536w, https:\/\/www.confederaciondelcobre.cl\/wp-content\/uploads\/2024\/11\/WhatsApp-Image-2024-11-26-at-15.27.20.jpeg 1600w\" sizes=\"auto, (max-width: 1024px) 100vw, 1024px\" \/><\/figure>\n\n\n\n<figure class=\"wp-block-image size-large\"><img loading=\"lazy\" decoding=\"async\" width=\"1024\" height=\"765\" data-id=\"5534\" src=\"https:\/\/www.confederaciondelcobre.cl\/wp-content\/uploads\/2024\/11\/WhatsApp-Image-2024-11-26-at-15.30.32-1024x765.jpeg\" alt=\"\" class=\"wp-image-5534\" srcset=\"https:\/\/www.confederaciondelcobre.cl\/wp-content\/uploads\/2024\/11\/WhatsApp-Image-2024-11-26-at-15.30.32-1024x765.jpeg 1024w, https:\/\/www.confederaciondelcobre.cl\/wp-content\/uploads\/2024\/11\/WhatsApp-Image-2024-11-26-at-15.30.32-300x224.jpeg 300w, https:\/\/www.confederaciondelcobre.cl\/wp-content\/uploads\/2024\/11\/WhatsApp-Image-2024-11-26-at-15.30.32-768x574.jpeg 768w, https:\/\/www.confederaciondelcobre.cl\/wp-content\/uploads\/2024\/11\/WhatsApp-Image-2024-11-26-at-15.30.32-1536x1148.jpeg 1536w, https:\/\/www.confederaciondelcobre.cl\/wp-content\/uploads\/2024\/11\/WhatsApp-Image-2024-11-26-at-15.30.32.jpeg 1600w\" sizes=\"auto, (max-width: 1024px) 100vw, 1024px\" \/><\/figure>\n\n\n\n<figure class=\"wp-block-image size-large\"><img loading=\"lazy\" decoding=\"async\" width=\"1024\" height=\"765\" data-id=\"5533\" src=\"https:\/\/www.confederaciondelcobre.cl\/wp-content\/uploads\/2024\/11\/WhatsApp-Image-2024-11-26-at-15.30.32-1-1024x765.jpeg\" alt=\"\" class=\"wp-image-5533\" srcset=\"https:\/\/www.confederaciondelcobre.cl\/wp-content\/uploads\/2024\/11\/WhatsApp-Image-2024-11-26-at-15.30.32-1-1024x765.jpeg 1024w, https:\/\/www.confederaciondelcobre.cl\/wp-content\/uploads\/2024\/11\/WhatsApp-Image-2024-11-26-at-15.30.32-1-300x224.jpeg 300w, https:\/\/www.confederaciondelcobre.cl\/wp-content\/uploads\/2024\/11\/WhatsApp-Image-2024-11-26-at-15.30.32-1-768x574.jpeg 768w, https:\/\/www.confederaciondelcobre.cl\/wp-content\/uploads\/2024\/11\/WhatsApp-Image-2024-11-26-at-15.30.32-1-1536x1148.jpeg 1536w, https:\/\/www.confederaciondelcobre.cl\/wp-content\/uploads\/2024\/11\/WhatsApp-Image-2024-11-26-at-15.30.32-1.jpeg 1600w\" sizes=\"auto, (max-width: 1024px) 100vw, 1024px\" \/><\/figure>\n\n\n\n<figure class=\"wp-block-image size-large\"><img loading=\"lazy\" decoding=\"async\" width=\"1024\" height=\"768\" data-id=\"5548\" src=\"https:\/\/www.confederaciondelcobre.cl\/wp-content\/uploads\/2024\/11\/WhatsApp-Image-2024-11-26-at-15.26.54-1-1024x768.jpeg\" alt=\"\" class=\"wp-image-5548\" srcset=\"https:\/\/www.confederaciondelcobre.cl\/wp-content\/uploads\/2024\/11\/WhatsApp-Image-2024-11-26-at-15.26.54-1-1024x768.jpeg 1024w, https:\/\/www.confederaciondelcobre.cl\/wp-content\/uploads\/2024\/11\/WhatsApp-Image-2024-11-26-at-15.26.54-1-300x225.jpeg 300w, https:\/\/www.confederaciondelcobre.cl\/wp-content\/uploads\/2024\/11\/WhatsApp-Image-2024-11-26-at-15.26.54-1-768x576.jpeg 768w, https:\/\/www.confederaciondelcobre.cl\/wp-content\/uploads\/2024\/11\/WhatsApp-Image-2024-11-26-at-15.26.54-1-1536x1152.jpeg 1536w, https:\/\/www.confederaciondelcobre.cl\/wp-content\/uploads\/2024\/11\/WhatsApp-Image-2024-11-26-at-15.26.54-1.jpeg 1600w\" sizes=\"auto, (max-width: 1024px) 100vw, 1024px\" \/><\/figure>\n\n\n\n<figure class=\"wp-block-image size-large\"><img loading=\"lazy\" decoding=\"async\" width=\"1024\" height=\"765\" data-id=\"5532\" src=\"https:\/\/www.confederaciondelcobre.cl\/wp-content\/uploads\/2024\/11\/WhatsApp-Image-2024-11-26-at-15.30.33-1024x765.jpeg\" alt=\"\" class=\"wp-image-5532\" srcset=\"https:\/\/www.confederaciondelcobre.cl\/wp-content\/uploads\/2024\/11\/WhatsApp-Image-2024-11-26-at-15.30.33-1024x765.jpeg 1024w, https:\/\/www.confederaciondelcobre.cl\/wp-content\/uploads\/2024\/11\/WhatsApp-Image-2024-11-26-at-15.30.33-300x224.jpeg 300w, https:\/\/www.confederaciondelcobre.cl\/wp-content\/uploads\/2024\/11\/WhatsApp-Image-2024-11-26-at-15.30.33-768x574.jpeg 768w, https:\/\/www.confederaciondelcobre.cl\/wp-content\/uploads\/2024\/11\/WhatsApp-Image-2024-11-26-at-15.30.33-1536x1148.jpeg 1536w, https:\/\/www.confederaciondelcobre.cl\/wp-content\/uploads\/2024\/11\/WhatsApp-Image-2024-11-26-at-15.30.33.jpeg 1600w\" sizes=\"auto, (max-width: 1024px) 100vw, 1024px\" \/><\/figure>\n\n\n\n<figure class=\"wp-block-image size-large\"><img loading=\"lazy\" decoding=\"async\" width=\"1024\" height=\"765\" data-id=\"5549\" src=\"https:\/\/www.confederaciondelcobre.cl\/wp-content\/uploads\/2024\/11\/WhatsApp-Image-2024-11-26-at-15.30.32-2-1024x765.jpeg\" alt=\"\" class=\"wp-image-5549\" srcset=\"https:\/\/www.confederaciondelcobre.cl\/wp-content\/uploads\/2024\/11\/WhatsApp-Image-2024-11-26-at-15.30.32-2-1024x765.jpeg 1024w, https:\/\/www.confederaciondelcobre.cl\/wp-content\/uploads\/2024\/11\/WhatsApp-Image-2024-11-26-at-15.30.32-2-300x224.jpeg 300w, https:\/\/www.confederaciondelcobre.cl\/wp-content\/uploads\/2024\/11\/WhatsApp-Image-2024-11-26-at-15.30.32-2-768x574.jpeg 768w, https:\/\/www.confederaciondelcobre.cl\/wp-content\/uploads\/2024\/11\/WhatsApp-Image-2024-11-26-at-15.30.32-2-1536x1148.jpeg 1536w, https:\/\/www.confederaciondelcobre.cl\/wp-content\/uploads\/2024\/11\/WhatsApp-Image-2024-11-26-at-15.30.32-2.jpeg 1600w\" sizes=\"auto, (max-width: 1024px) 100vw, 1024px\" \/><\/figure>\n\n\n\n<figure class=\"wp-block-image size-large\"><img loading=\"lazy\" decoding=\"async\" width=\"1024\" height=\"768\" data-id=\"5531\" src=\"https:\/\/www.confederaciondelcobre.cl\/wp-content\/uploads\/2024\/11\/WhatsApp-Image-2024-11-26-at-16.25.02-1024x768.jpeg\" alt=\"\" class=\"wp-image-5531\" srcset=\"https:\/\/www.confederaciondelcobre.cl\/wp-content\/uploads\/2024\/11\/WhatsApp-Image-2024-11-26-at-16.25.02-1024x768.jpeg 1024w, https:\/\/www.confederaciondelcobre.cl\/wp-content\/uploads\/2024\/11\/WhatsApp-Image-2024-11-26-at-16.25.02-300x225.jpeg 300w, https:\/\/www.confederaciondelcobre.cl\/wp-content\/uploads\/2024\/11\/WhatsApp-Image-2024-11-26-at-16.25.02-768x576.jpeg 768w, https:\/\/www.confederaciondelcobre.cl\/wp-content\/uploads\/2024\/11\/WhatsApp-Image-2024-11-26-at-16.25.02-1536x1152.jpeg 1536w, https:\/\/www.confederaciondelcobre.cl\/wp-content\/uploads\/2024\/11\/WhatsApp-Image-2024-11-26-at-16.25.02.jpeg 1600w\" sizes=\"auto, (max-width: 1024px) 100vw, 1024px\" \/><\/figure>\n\n\n\n<figure class=\"wp-block-image size-large\"><img loading=\"lazy\" decoding=\"async\" width=\"1024\" height=\"768\" data-id=\"5530\" src=\"https:\/\/www.confederaciondelcobre.cl\/wp-content\/uploads\/2024\/11\/WhatsApp-Image-2024-11-26-at-16.25.02-1-1024x768.jpeg\" alt=\"\" class=\"wp-image-5530\" srcset=\"https:\/\/www.confederaciondelcobre.cl\/wp-content\/uploads\/2024\/11\/WhatsApp-Image-2024-11-26-at-16.25.02-1-1024x768.jpeg 1024w, https:\/\/www.confederaciondelcobre.cl\/wp-content\/uploads\/2024\/11\/WhatsApp-Image-2024-11-26-at-16.25.02-1-300x225.jpeg 300w, https:\/\/www.confederaciondelcobre.cl\/wp-content\/uploads\/2024\/11\/WhatsApp-Image-2024-11-26-at-16.25.02-1-768x576.jpeg 768w, https:\/\/www.confederaciondelcobre.cl\/wp-content\/uploads\/2024\/11\/WhatsApp-Image-2024-11-26-at-16.25.02-1-1536x1152.jpeg 1536w, https:\/\/www.confederaciondelcobre.cl\/wp-content\/uploads\/2024\/11\/WhatsApp-Image-2024-11-26-at-16.25.02-1.jpeg 1600w\" sizes=\"auto, (max-width: 1024px) 100vw, 1024px\" \/><\/figure>\n\n\n\n<figure class=\"wp-block-image size-large\"><img loading=\"lazy\" decoding=\"async\" width=\"766\" height=\"1024\" data-id=\"5525\" src=\"https:\/\/www.confederaciondelcobre.cl\/wp-content\/uploads\/2024\/11\/WhatsApp-Image-2024-11-27-at-12.13.00-766x1024.jpeg\" alt=\"\" class=\"wp-image-5525\" srcset=\"https:\/\/www.confederaciondelcobre.cl\/wp-content\/uploads\/2024\/11\/WhatsApp-Image-2024-11-27-at-12.13.00-766x1024.jpeg 766w, https:\/\/www.confederaciondelcobre.cl\/wp-content\/uploads\/2024\/11\/WhatsApp-Image-2024-11-27-at-12.13.00-224x300.jpeg 224w, https:\/\/www.confederaciondelcobre.cl\/wp-content\/uploads\/2024\/11\/WhatsApp-Image-2024-11-27-at-12.13.00-768x1027.jpeg 768w, https:\/\/www.confederaciondelcobre.cl\/wp-content\/uploads\/2024\/11\/WhatsApp-Image-2024-11-27-at-12.13.00.jpeg 957w\" sizes=\"auto, (max-width: 766px) 100vw, 766px\" \/><\/figure>\n\n\n\n<figure class=\"wp-block-image size-large\"><img loading=\"lazy\" decoding=\"async\" width=\"1024\" height=\"766\" data-id=\"5526\" src=\"https:\/\/www.confederaciondelcobre.cl\/wp-content\/uploads\/2024\/11\/WhatsApp-Image-2024-11-27-at-12.12.59-1-1024x766.jpeg\" alt=\"\" class=\"wp-image-5526\" srcset=\"https:\/\/www.confederaciondelcobre.cl\/wp-content\/uploads\/2024\/11\/WhatsApp-Image-2024-11-27-at-12.12.59-1-1024x766.jpeg 1024w, https:\/\/www.confederaciondelcobre.cl\/wp-content\/uploads\/2024\/11\/WhatsApp-Image-2024-11-27-at-12.12.59-1-300x224.jpeg 300w, https:\/\/www.confederaciondelcobre.cl\/wp-content\/uploads\/2024\/11\/WhatsApp-Image-2024-11-27-at-12.12.59-1-768x574.jpeg 768w, https:\/\/www.confederaciondelcobre.cl\/wp-content\/uploads\/2024\/11\/WhatsApp-Image-2024-11-27-at-12.12.59-1.jpeg 1280w\" sizes=\"auto, (max-width: 1024px) 100vw, 1024px\" \/><\/figure>\n\n\n\n<figure class=\"wp-block-image size-large\"><img loading=\"lazy\" decoding=\"async\" width=\"1024\" height=\"768\" data-id=\"5529\" src=\"https:\/\/www.confederaciondelcobre.cl\/wp-content\/uploads\/2024\/11\/WhatsApp-Image-2024-11-26-at-16.36.36-1024x768.jpeg\" alt=\"\" class=\"wp-image-5529\" srcset=\"https:\/\/www.confederaciondelcobre.cl\/wp-content\/uploads\/2024\/11\/WhatsApp-Image-2024-11-26-at-16.36.36-1024x768.jpeg 1024w, https:\/\/www.confederaciondelcobre.cl\/wp-content\/uploads\/2024\/11\/WhatsApp-Image-2024-11-26-at-16.36.36-300x225.jpeg 300w, https:\/\/www.confederaciondelcobre.cl\/wp-content\/uploads\/2024\/11\/WhatsApp-Image-2024-11-26-at-16.36.36-768x576.jpeg 768w, https:\/\/www.confederaciondelcobre.cl\/wp-content\/uploads\/2024\/11\/WhatsApp-Image-2024-11-26-at-16.36.36-1536x1152.jpeg 1536w, https:\/\/www.confederaciondelcobre.cl\/wp-content\/uploads\/2024\/11\/WhatsApp-Image-2024-11-26-at-16.36.36.jpeg 1600w\" sizes=\"auto, (max-width: 1024px) 100vw, 1024px\" \/><\/figure>\n\n\n\n<figure class=\"wp-block-image size-large\"><img loading=\"lazy\" decoding=\"async\" width=\"1024\" height=\"766\" data-id=\"5524\" src=\"https:\/\/www.confederaciondelcobre.cl\/wp-content\/uploads\/2024\/11\/WhatsApp-Image-2024-11-27-at-12.13.00-1-1024x766.jpeg\" alt=\"\" class=\"wp-image-5524\" srcset=\"https:\/\/www.confederaciondelcobre.cl\/wp-content\/uploads\/2024\/11\/WhatsApp-Image-2024-11-27-at-12.13.00-1-1024x766.jpeg 1024w, https:\/\/www.confederaciondelcobre.cl\/wp-content\/uploads\/2024\/11\/WhatsApp-Image-2024-11-27-at-12.13.00-1-300x224.jpeg 300w, https:\/\/www.confederaciondelcobre.cl\/wp-content\/uploads\/2024\/11\/WhatsApp-Image-2024-11-27-at-12.13.00-1-768x574.jpeg 768w, https:\/\/www.confederaciondelcobre.cl\/wp-content\/uploads\/2024\/11\/WhatsApp-Image-2024-11-27-at-12.13.00-1.jpeg 1280w\" sizes=\"auto, (max-width: 1024px) 100vw, 1024px\" \/><\/figure>\n\n\n\n<figure class=\"wp-block-image size-large\"><img loading=\"lazy\" decoding=\"async\" width=\"1024\" height=\"766\" data-id=\"5545\" src=\"https:\/\/www.confederaciondelcobre.cl\/wp-content\/uploads\/2024\/11\/WhatsApp-Image-2024-11-27-at-12.12.59-1-1-1024x766.jpeg\" alt=\"\" class=\"wp-image-5545\" srcset=\"https:\/\/www.confederaciondelcobre.cl\/wp-content\/uploads\/2024\/11\/WhatsApp-Image-2024-11-27-at-12.12.59-1-1-1024x766.jpeg 1024w, https:\/\/www.confederaciondelcobre.cl\/wp-content\/uploads\/2024\/11\/WhatsApp-Image-2024-11-27-at-12.12.59-1-1-300x224.jpeg 300w, https:\/\/www.confederaciondelcobre.cl\/wp-content\/uploads\/2024\/11\/WhatsApp-Image-2024-11-27-at-12.12.59-1-1-768x574.jpeg 768w, https:\/\/www.confederaciondelcobre.cl\/wp-content\/uploads\/2024\/11\/WhatsApp-Image-2024-11-27-at-12.12.59-1-1.jpeg 1280w\" sizes=\"auto, (max-width: 1024px) 100vw, 1024px\" \/><\/figure>\n<\/figure>\n\n\n<div class=\"wp-block-site-logo\"><a href=\"https:\/\/www.confederaciondelcobre.cl\/\" class=\"custom-logo-link\" rel=\"home\"><img loading=\"lazy\" decoding=\"async\" width=\"689\" height=\"84\" src=\"https:\/\/www.confederaciondelcobre.cl\/wp-content\/uploads\/2023\/01\/TituloWebCTC.png\" class=\"custom-logo\" alt=\"Confederaci\u00f3n de Trabajadores del Cobre &#8211; CTC\" srcset=\"https:\/\/www.confederaciondelcobre.cl\/wp-content\/uploads\/2023\/01\/TituloWebCTC.png 606w, https:\/\/www.confederaciondelcobre.cl\/wp-content\/uploads\/2023\/01\/TituloWebCTC-300x37.png 300w\" sizes=\"auto, (max-width: 689px) 100vw, 689px\" \/><\/a><\/div>","protected":false},"excerpt":{"rendered":"<p>El Salvador, Atacama. El pasado 26 de noviembre, la Confederaci\u00f3n de Trabajadores del Cobre (CTC) realiz\u00f3 una visita estrat\u00e9gica a las \u00e1reas productivas de la Divisi\u00f3n Salvador de CODELCO Chile. &hellip; <\/p>\n","protected":false},"author":2,"featured_media":5528,"comment_status":"closed","ping_status":"closed","sticky":false,"template":"","format":"standard","meta":{"jetpack_post_was_ever_published":false,"_jetpack_newsletter_access":"","_jetpack_dont_email_post_to_subs":false,"_jetpack_newsletter_tier_id":0,"_jetpack_memberships_contains_paywalled_content":false,"_jetpack_memberships_contains_paid_content":false,"footnotes":"","jetpack_publicize_message":"","jetpack_publicize_feature_enabled":true,"jetpack_social_post_already_shared":true,"jetpack_social_options":{"image_generator_settings":{"template":"highway","default_image_id":0,"enabled":false},"version":2}},"categories":[9],"tags":[48,55,53,51,44,38],"class_list":["post-5522","post","type-post","status-publish","format-standard","has-post-thumbnail","hentry","category-confederacion","tag-ctc","tag-faena","tag-mina","tag-salvador","tag-sindicato","tag-sindicatos"],"jetpack_publicize_connections":[],"jetpack_featured_media_url":"https:\/\/www.confederaciondelcobre.cl\/wp-content\/uploads\/2024\/11\/WhatsApp-Image-2024-11-26-at-18.45.14.jpeg","jetpack_sharing_enabled":true,"post_mailing_queue_ids":[],"_links":{"self":[{"href":"https:\/\/www.confederaciondelcobre.cl\/index.php\/wp-json\/wp\/v2\/posts\/5522","targetHints":{"allow":["GET"]}}],"collection":[{"href":"https:\/\/www.confederaciondelcobre.cl\/index.php\/wp-json\/wp\/v2\/posts"}],"about":[{"href":"https:\/\/www.confederaciondelcobre.cl\/index.php\/wp-json\/wp\/v2\/types\/post"}],"author":[{"embeddable":true,"href":"https:\/\/www.confederaciondelcobre.cl\/index.php\/wp-json\/wp\/v2\/users\/2"}],"replies":[{"embeddable":true,"href":"https:\/\/www.confederaciondelcobre.cl\/index.php\/wp-json\/wp\/v2\/comments?post=5522"}],"version-history":[{"count":3,"href":"https:\/\/www.confederaciondelcobre.cl\/index.php\/wp-json\/wp\/v2\/posts\/5522\/revisions"}],"predecessor-version":[{"id":5550,"href":"https:\/\/www.confederaciondelcobre.cl\/index.php\/wp-json\/wp\/v2\/posts\/5522\/revisions\/5550"}],"wp:featuredmedia":[{"embeddable":true,"href":"https:\/\/www.confederaciondelcobre.cl\/index.php\/wp-json\/wp\/v2\/media\/5528"}],"wp:attachment":[{"href":"https:\/\/www.confederaciondelcobre.cl\/index.php\/wp-json\/wp\/v2\/media?parent=5522"}],"wp:term":[{"taxonomy":"category","embeddable":true,"href":"https:\/\/www.confederaciondelcobre.cl\/index.php\/wp-json\/wp\/v2\/categories?post=5522"},{"taxonomy":"post_tag","embeddable":true,"href":"https:\/\/www.confederaciondelcobre.cl\/index.php\/wp-json\/wp\/v2\/tags?post=5522"}],"curies":[{"name":"wp","href":"https:\/\/api.w.org\/{rel}","templated":true}]}}