{"id":555,"date":"2019-12-02T22:27:32","date_gmt":"2019-12-02T22:27:32","guid":{"rendered":"http:\/\/www.confederaciondelcobre.cl\/?p=555"},"modified":"2020-04-26T23:57:19","modified_gmt":"2020-04-26T23:57:19","slug":"40-horas-consideraciones-de-la-ctc-sobre-modificaciones-al-proyecto-de-ley-que-disminuye-la-jornada-laboral-de-45-a-40-horas-semanales","status":"publish","type":"post","link":"https:\/\/www.confederaciondelcobre.cl\/index.php\/2019\/12\/02\/40-horas-consideraciones-de-la-ctc-sobre-modificaciones-al-proyecto-de-ley-que-disminuye-la-jornada-laboral-de-45-a-40-horas-semanales\/","title":{"rendered":"[40 Horas] Consideraciones de la CTC sobre modificaciones al Proyecto de Ley que disminuye la jornada laboral de 45 a 40 horas semanales."},"content":{"rendered":"\n<ul class=\"wp-block-list\"><li>A continuaci\u00f3n, compartimos un documento que contiene algunas <strong>consideraciones, de parte de la Confederaci\u00f3n de Trabajadores del Cobre (CTC), sobre cambios que se han introducido<\/strong> durante su tramitaci\u00f3n al Proyecto de Ley que disminuye la carga laboral de 45 a 40 horas semanales. <strong>Este documento, cabe se\u00f1alar, fue remitido a ambas C\u00e1maras del Congreso Nacional de nuestro pa\u00eds, el d\u00eda 07 de noviembre de 2019.<\/strong><\/li><\/ul>\n\n\n\n<figure class=\"wp-block-image\"><img loading=\"lazy\" decoding=\"async\" width=\"758\" height=\"1024\" src=\"http:\/\/www.confederaciondelcobre.cl\/wp-content\/uploads\/2019\/12\/40-horas-Consideraciones-CTC_1-758x1024.png\" alt=\"\" class=\"wp-image-556\" srcset=\"https:\/\/www.confederaciondelcobre.cl\/wp-content\/uploads\/2019\/12\/40-horas-Consideraciones-CTC_1-758x1024.png 758w, https:\/\/www.confederaciondelcobre.cl\/wp-content\/uploads\/2019\/12\/40-horas-Consideraciones-CTC_1-222x300.png 222w, https:\/\/www.confederaciondelcobre.cl\/wp-content\/uploads\/2019\/12\/40-horas-Consideraciones-CTC_1-768x1038.png 768w\" sizes=\"auto, (max-width: 758px) 100vw, 758px\" \/><\/figure>\n\n\n\n<figure class=\"wp-block-image\"><img loading=\"lazy\" decoding=\"async\" width=\"758\" height=\"1024\" src=\"http:\/\/www.confederaciondelcobre.cl\/wp-content\/uploads\/2019\/12\/40-horas-Consideraciones-CTC-2-758x1024.png\" alt=\"\" class=\"wp-image-557\" srcset=\"https:\/\/www.confederaciondelcobre.cl\/wp-content\/uploads\/2019\/12\/40-horas-Consideraciones-CTC-2-758x1024.png 758w, https:\/\/www.confederaciondelcobre.cl\/wp-content\/uploads\/2019\/12\/40-horas-Consideraciones-CTC-2-222x300.png 222w, https:\/\/www.confederaciondelcobre.cl\/wp-content\/uploads\/2019\/12\/40-horas-Consideraciones-CTC-2-768x1038.png 768w\" sizes=\"auto, (max-width: 758px) 100vw, 758px\" \/><\/figure>\n","protected":false},"excerpt":{"rendered":"<p>A continuaci\u00f3n, compartimos un documento que contiene algunas consideraciones, de parte de la Confederaci\u00f3n de Trabajadores del Cobre (CTC), sobre cambios que se han introducido durante su tramitaci\u00f3n al Proyecto &hellip; <\/p>\n","protected":false},"author":2,"featured_media":558,"comment_status":"closed","ping_status":"closed","sticky":false,"template":"","format":"standard","meta":{"jetpack_post_was_ever_published":false,"_jetpack_newsletter_access":"","_jetpack_dont_email_post_to_subs":false,"_jetpack_newsletter_tier_id":0,"_jetpack_memberships_contains_paywalled_content":false,"_jetpack_memberships_contains_paid_content":false,"footnotes":"","jetpack_publicize_message":"","jetpack_publicize_feature_enabled":true,"jetpack_social_post_already_shared":false,"jetpack_social_options":{"image_generator_settings":{"template":"highway","default_image_id":0,"enabled":false},"version":2}},"categories":[8,9,19],"tags":[],"class_list":["post-555","post","type-post","status-publish","format-standard","has-post-thumbnail","hentry","category-comunicado","category-confederacion","category-trabajadores"],"jetpack_publicize_connections":[],"jetpack_featured_media_url":"https:\/\/www.confederaciondelcobre.cl\/wp-content\/uploads\/2019\/12\/Portada-Nota-40hrs.jpg","jetpack_sharing_enabled":true,"post_mailing_queue_ids":[],"_links":{"self":[{"href":"https:\/\/www.confederaciondelcobre.cl\/index.php\/wp-json\/wp\/v2\/posts\/555","targetHints":{"allow":["GET"]}}],"collection":[{"href":"https:\/\/www.confederaciondelcobre.cl\/index.php\/wp-json\/wp\/v2\/posts"}],"about":[{"href":"https:\/\/www.confederaciondelcobre.cl\/index.php\/wp-json\/wp\/v2\/types\/post"}],"author":[{"embeddable":true,"href":"https:\/\/www.confederaciondelcobre.cl\/index.php\/wp-json\/wp\/v2\/users\/2"}],"replies":[{"embeddable":true,"href":"https:\/\/www.confederaciondelcobre.cl\/index.php\/wp-json\/wp\/v2\/comments?post=555"}],"version-history":[{"count":2,"href":"https:\/\/www.confederaciondelcobre.cl\/index.php\/wp-json\/wp\/v2\/posts\/555\/revisions"}],"predecessor-version":[{"id":560,"href":"https:\/\/www.confederaciondelcobre.cl\/index.php\/wp-json\/wp\/v2\/posts\/555\/revisions\/560"}],"wp:featuredmedia":[{"embeddable":true,"href":"https:\/\/www.confederaciondelcobre.cl\/index.php\/wp-json\/wp\/v2\/media\/558"}],"wp:attachment":[{"href":"https:\/\/www.confederaciondelcobre.cl\/index.php\/wp-json\/wp\/v2\/media?parent=555"}],"wp:term":[{"taxonomy":"category","embeddable":true,"href":"https:\/\/www.confederaciondelcobre.cl\/index.php\/wp-json\/wp\/v2\/categories?post=555"},{"taxonomy":"post_tag","embeddable":true,"href":"https:\/\/www.confederaciondelcobre.cl\/index.php\/wp-json\/wp\/v2\/tags?post=555"}],"curies":[{"name":"wp","href":"https:\/\/api.w.org\/{rel}","templated":true}]}}