{"id":5551,"date":"2024-12-05T15:19:13","date_gmt":"2024-12-05T19:19:13","guid":{"rendered":"https:\/\/www.confederaciondelcobre.cl\/?p=5551"},"modified":"2024-12-05T15:19:15","modified_gmt":"2024-12-05T19:19:15","slug":"dirigentes-de-la-ctc-se-certifican-en-cursos-de-seguridad-y-salud-en-el-trabajo-realizado-por-la-cut-junto-a-la-mutual-de-seguridad","status":"publish","type":"post","link":"https:\/\/www.confederaciondelcobre.cl\/index.php\/2024\/12\/05\/dirigentes-de-la-ctc-se-certifican-en-cursos-de-seguridad-y-salud-en-el-trabajo-realizado-por-la-cut-junto-a-la-mutual-de-seguridad\/","title":{"rendered":"Dirigentes de la CTC se certifican en cursos de seguridad y salud en el trabajo realizado por la CUT junto a la Mutual de Seguridad."},"content":{"rendered":"\n<p>El pasado martes 03 de diciembre, la Secretar\u00eda de Condiciones de Trabajo y Seguridad, Higiene Industrial y Medio Ambiente de la CUT que dirige el compa\u00f1ero Horacio Fuentes junto a Erasmo Correa, cerr\u00f3 el a\u00f1o de capacitaciones con una ceremonia de entrega de diplomas y certificados a los dirigentes Sindicales que participaron y aprobaron el curso piloto<strong> \u201cPrograma de Formaci\u00f3n Sindical de Gesti\u00f3n en Seguridad y Salud en el Trabajo\u201d,<\/strong> este se desarroll\u00f3 en conjunto con la Mutual de Seguridad de Chile con el objeto de otorgar herramientas para la gesti\u00f3n de prevenci\u00f3n e investigaci\u00f3n de accidentes en el trabajo a dirigentes sindicales.<\/p>\n\n\n\n<p>Horacio Fuentes, encargado del \u00e1rea en la CUT, manifest\u00f3 su satisfacci\u00f3n por la participaci\u00f3n y compromiso de los dirigentes que lograron su certificaci\u00f3n, e indic\u00f3 que esperan que el pr\u00f3ximo a\u00f1o se realicen nuevos m\u00f3dulos en regiones, en donde se entreguen estas herramientas a m\u00e1s dirigentes otorg\u00e1ndoles este acceso a conocimientos que luego puedan transmitir a sus pares y asociados de sus organizaciones sindicales. As\u00ed mismo, comparti\u00f3 su aspiraci\u00f3n para la posibilidad de realizar un diplomado para dirigentes Sindicales en materia de Seguridad y Salud en el trabajo, que permita estar a la altura de las exigencias que hoy, gracias a los convenios internacionales firmados recientemente, como, por ejemplo, el convenio n\u00b0190, n\u00b0187 y n\u00b0176, espec\u00edficamente \u00e9ste \u00faltimo, as\u00ed, los dirigentes sindicales puedan hacer sus aportes desde la mirada de los trabajadores.<\/p>\n\n\n\n<p>Participaron tambi\u00e9n entregando un saludo la Jefa del departamento de prevenci\u00f3n y Vigilancia de la SUSESO<strong> Elena Contreras Soto<\/strong>; por la Subsecretar\u00eda de Previsi\u00f3n Social, el Jefe de la Unidad de Educaci\u00f3n Previsional <strong>Rodrigo P\u00e9rez;<\/strong> por la Gerencia de Asuntos Corporativos de la Mutual de Seguridad <strong>Mariana Alc\u00e9rreca Picart;<\/strong> y por la CUT, su Presidente <strong>David Acu\u00f1a Millahueique.<\/strong><\/p>\n\n\n\n<p><strong>Certificaci\u00f3n de dirigentes de la CTC<\/strong><\/p>\n\n\n\n<p>En esta ocasi\u00f3n, algunos dirigentes de la Confederaci\u00f3n de Trabajadores del Cobre tambi\u00e9n certificaron su participaci\u00f3n en estos cursos, entre ellos recibieron su reconocimiento <strong><em>Jedry Velis Palma<\/em><\/strong>, Director Nacional de la CTC y tesorero del Sindicato Inter Empresa 24 de Julio; <strong><em>Sergio Silva<\/em>,<\/strong> dirigente del Sindicato de Trabajadores CONTITECH, <strong><em>Jorge Gahona<\/em>,<\/strong> Presidente del Sindicato de Trabajadores de Empresa Metrika, y, <strong><em>Miguel V\u00e1squez<\/em>,<\/strong> Presidente de la Federaci\u00f3n FETRAMAC de Los Andes, los cuales manifestaron estar muy satisfechos por los conocimientos adquiridos, significando un compromiso para aportar a la prevenci\u00f3n en los respectivos comit\u00e9s paritarios de sus empresas y asumiendo el compromiso de transmitirlo a sus bases.<\/p>\n\n\n\n<figure class=\"wp-block-gallery has-nested-images columns-default is-cropped wp-block-gallery-1 is-layout-flex wp-block-gallery-is-layout-flex\">\n<figure class=\"wp-block-image size-large\"><img loading=\"lazy\" decoding=\"async\" width=\"819\" height=\"1024\" data-id=\"5562\" src=\"https:\/\/www.confederaciondelcobre.cl\/wp-content\/uploads\/2024\/12\/WhatsApp-Image-2024-12-05-at-16.14.11-819x1024.jpeg\" alt=\"\" class=\"wp-image-5562\" srcset=\"https:\/\/www.confederaciondelcobre.cl\/wp-content\/uploads\/2024\/12\/WhatsApp-Image-2024-12-05-at-16.14.11-819x1024.jpeg 819w, https:\/\/www.confederaciondelcobre.cl\/wp-content\/uploads\/2024\/12\/WhatsApp-Image-2024-12-05-at-16.14.11-240x300.jpeg 240w, https:\/\/www.confederaciondelcobre.cl\/wp-content\/uploads\/2024\/12\/WhatsApp-Image-2024-12-05-at-16.14.11-768x960.jpeg 768w, https:\/\/www.confederaciondelcobre.cl\/wp-content\/uploads\/2024\/12\/WhatsApp-Image-2024-12-05-at-16.14.11.jpeg 854w\" sizes=\"auto, (max-width: 819px) 100vw, 819px\" \/><\/figure>\n\n\n\n<figure class=\"wp-block-image size-large\"><img loading=\"lazy\" decoding=\"async\" width=\"1024\" height=\"576\" data-id=\"5560\" src=\"https:\/\/www.confederaciondelcobre.cl\/wp-content\/uploads\/2024\/12\/WhatsApp-Image-2024-12-05-at-16.14.12-1024x576.jpeg\" alt=\"\" class=\"wp-image-5560\" srcset=\"https:\/\/www.confederaciondelcobre.cl\/wp-content\/uploads\/2024\/12\/WhatsApp-Image-2024-12-05-at-16.14.12-1024x576.jpeg 1024w, https:\/\/www.confederaciondelcobre.cl\/wp-content\/uploads\/2024\/12\/WhatsApp-Image-2024-12-05-at-16.14.12-300x169.jpeg 300w, https:\/\/www.confederaciondelcobre.cl\/wp-content\/uploads\/2024\/12\/WhatsApp-Image-2024-12-05-at-16.14.12-768x432.jpeg 768w, https:\/\/www.confederaciondelcobre.cl\/wp-content\/uploads\/2024\/12\/WhatsApp-Image-2024-12-05-at-16.14.12.jpeg 1420w\" sizes=\"auto, (max-width: 1024px) 100vw, 1024px\" \/><\/figure>\n\n\n\n<figure class=\"wp-block-image size-large\"><img loading=\"lazy\" decoding=\"async\" width=\"768\" height=\"1024\" data-id=\"5554\" src=\"https:\/\/www.confederaciondelcobre.cl\/wp-content\/uploads\/2024\/12\/WhatsApp-Image-2024-12-05-at-16.14.14-768x1024.jpeg\" alt=\"\" class=\"wp-image-5554\" srcset=\"https:\/\/www.confederaciondelcobre.cl\/wp-content\/uploads\/2024\/12\/WhatsApp-Image-2024-12-05-at-16.14.14-768x1024.jpeg 768w, https:\/\/www.confederaciondelcobre.cl\/wp-content\/uploads\/2024\/12\/WhatsApp-Image-2024-12-05-at-16.14.14-225x300.jpeg 225w, https:\/\/www.confederaciondelcobre.cl\/wp-content\/uploads\/2024\/12\/WhatsApp-Image-2024-12-05-at-16.14.14.jpeg 912w\" sizes=\"auto, (max-width: 768px) 100vw, 768px\" \/><\/figure>\n\n\n\n<figure class=\"wp-block-image size-large\"><img loading=\"lazy\" decoding=\"async\" width=\"1024\" height=\"576\" data-id=\"5559\" src=\"https:\/\/www.confederaciondelcobre.cl\/wp-content\/uploads\/2024\/12\/WhatsApp-Image-2024-12-05-at-16.14.12-1-1024x576.jpeg\" alt=\"\" class=\"wp-image-5559\" srcset=\"https:\/\/www.confederaciondelcobre.cl\/wp-content\/uploads\/2024\/12\/WhatsApp-Image-2024-12-05-at-16.14.12-1-1024x576.jpeg 1024w, https:\/\/www.confederaciondelcobre.cl\/wp-content\/uploads\/2024\/12\/WhatsApp-Image-2024-12-05-at-16.14.12-1-300x169.jpeg 300w, https:\/\/www.confederaciondelcobre.cl\/wp-content\/uploads\/2024\/12\/WhatsApp-Image-2024-12-05-at-16.14.12-1-768x432.jpeg 768w, https:\/\/www.confederaciondelcobre.cl\/wp-content\/uploads\/2024\/12\/WhatsApp-Image-2024-12-05-at-16.14.12-1-1536x864.jpeg 1536w, https:\/\/www.confederaciondelcobre.cl\/wp-content\/uploads\/2024\/12\/WhatsApp-Image-2024-12-05-at-16.14.12-1.jpeg 1600w\" sizes=\"auto, (max-width: 1024px) 100vw, 1024px\" \/><\/figure>\n\n\n\n<figure class=\"wp-block-image size-large\"><img loading=\"lazy\" decoding=\"async\" width=\"1024\" height=\"576\" data-id=\"5558\" src=\"https:\/\/www.confederaciondelcobre.cl\/wp-content\/uploads\/2024\/12\/WhatsApp-Image-2024-12-05-at-16.14.12-2-1024x576.jpeg\" alt=\"\" class=\"wp-image-5558\" srcset=\"https:\/\/www.confederaciondelcobre.cl\/wp-content\/uploads\/2024\/12\/WhatsApp-Image-2024-12-05-at-16.14.12-2-1024x576.jpeg 1024w, https:\/\/www.confederaciondelcobre.cl\/wp-content\/uploads\/2024\/12\/WhatsApp-Image-2024-12-05-at-16.14.12-2-300x169.jpeg 300w, https:\/\/www.confederaciondelcobre.cl\/wp-content\/uploads\/2024\/12\/WhatsApp-Image-2024-12-05-at-16.14.12-2-768x432.jpeg 768w, https:\/\/www.confederaciondelcobre.cl\/wp-content\/uploads\/2024\/12\/WhatsApp-Image-2024-12-05-at-16.14.12-2.jpeg 1219w\" sizes=\"auto, (max-width: 1024px) 100vw, 1024px\" \/><\/figure>\n\n\n\n<figure class=\"wp-block-image size-large\"><img loading=\"lazy\" decoding=\"async\" width=\"1024\" height=\"576\" data-id=\"5552\" src=\"https:\/\/www.confederaciondelcobre.cl\/wp-content\/uploads\/2024\/12\/WhatsApp-Image-2024-12-05-at-16.14.13-2-1024x576.jpeg\" alt=\"\" class=\"wp-image-5552\" srcset=\"https:\/\/www.confederaciondelcobre.cl\/wp-content\/uploads\/2024\/12\/WhatsApp-Image-2024-12-05-at-16.14.13-2-1024x576.jpeg 1024w, https:\/\/www.confederaciondelcobre.cl\/wp-content\/uploads\/2024\/12\/WhatsApp-Image-2024-12-05-at-16.14.13-2-300x169.jpeg 300w, https:\/\/www.confederaciondelcobre.cl\/wp-content\/uploads\/2024\/12\/WhatsApp-Image-2024-12-05-at-16.14.13-2-768x432.jpeg 768w, https:\/\/www.confederaciondelcobre.cl\/wp-content\/uploads\/2024\/12\/WhatsApp-Image-2024-12-05-at-16.14.13-2-1536x864.jpeg 1536w, https:\/\/www.confederaciondelcobre.cl\/wp-content\/uploads\/2024\/12\/WhatsApp-Image-2024-12-05-at-16.14.13-2.jpeg 1586w\" sizes=\"auto, (max-width: 1024px) 100vw, 1024px\" \/><\/figure>\n\n\n\n<figure class=\"wp-block-image size-large\"><img loading=\"lazy\" decoding=\"async\" width=\"698\" height=\"930\" data-id=\"5553\" src=\"https:\/\/www.confederaciondelcobre.cl\/wp-content\/uploads\/2024\/12\/WhatsApp-Image-2024-12-05-at-16.14.14-1.jpeg\" alt=\"\" class=\"wp-image-5553\" srcset=\"https:\/\/www.confederaciondelcobre.cl\/wp-content\/uploads\/2024\/12\/WhatsApp-Image-2024-12-05-at-16.14.14-1.jpeg 698w, https:\/\/www.confederaciondelcobre.cl\/wp-content\/uploads\/2024\/12\/WhatsApp-Image-2024-12-05-at-16.14.14-1-225x300.jpeg 225w\" sizes=\"auto, (max-width: 698px) 100vw, 698px\" \/><\/figure>\n\n\n\n<figure class=\"wp-block-image size-large\"><img loading=\"lazy\" decoding=\"async\" width=\"1024\" height=\"576\" data-id=\"5557\" src=\"https:\/\/www.confederaciondelcobre.cl\/wp-content\/uploads\/2024\/12\/WhatsApp-Image-2024-12-05-at-16.14.13-1024x576.jpeg\" alt=\"\" class=\"wp-image-5557\" srcset=\"https:\/\/www.confederaciondelcobre.cl\/wp-content\/uploads\/2024\/12\/WhatsApp-Image-2024-12-05-at-16.14.13-1024x576.jpeg 1024w, https:\/\/www.confederaciondelcobre.cl\/wp-content\/uploads\/2024\/12\/WhatsApp-Image-2024-12-05-at-16.14.13-300x169.jpeg 300w, https:\/\/www.confederaciondelcobre.cl\/wp-content\/uploads\/2024\/12\/WhatsApp-Image-2024-12-05-at-16.14.13-768x432.jpeg 768w, https:\/\/www.confederaciondelcobre.cl\/wp-content\/uploads\/2024\/12\/WhatsApp-Image-2024-12-05-at-16.14.13-1536x864.jpeg 1536w, https:\/\/www.confederaciondelcobre.cl\/wp-content\/uploads\/2024\/12\/WhatsApp-Image-2024-12-05-at-16.14.13.jpeg 1600w\" sizes=\"auto, (max-width: 1024px) 100vw, 1024px\" \/><\/figure>\n\n\n\n<figure class=\"wp-block-image size-large\"><img loading=\"lazy\" decoding=\"async\" width=\"1024\" height=\"576\" data-id=\"5563\" src=\"https:\/\/www.confederaciondelcobre.cl\/wp-content\/uploads\/2024\/12\/WhatsApp-Image-2024-12-05-at-16.12.30-1024x576.jpeg\" alt=\"\" class=\"wp-image-5563\" srcset=\"https:\/\/www.confederaciondelcobre.cl\/wp-content\/uploads\/2024\/12\/WhatsApp-Image-2024-12-05-at-16.12.30-1024x576.jpeg 1024w, https:\/\/www.confederaciondelcobre.cl\/wp-content\/uploads\/2024\/12\/WhatsApp-Image-2024-12-05-at-16.12.30-300x169.jpeg 300w, https:\/\/www.confederaciondelcobre.cl\/wp-content\/uploads\/2024\/12\/WhatsApp-Image-2024-12-05-at-16.12.30-768x432.jpeg 768w, https:\/\/www.confederaciondelcobre.cl\/wp-content\/uploads\/2024\/12\/WhatsApp-Image-2024-12-05-at-16.12.30.jpeg 1172w\" sizes=\"auto, (max-width: 1024px) 100vw, 1024px\" \/><\/figure>\n\n\n\n<figure class=\"wp-block-image size-large\"><img loading=\"lazy\" decoding=\"async\" width=\"1024\" height=\"576\" data-id=\"5561\" src=\"https:\/\/www.confederaciondelcobre.cl\/wp-content\/uploads\/2024\/12\/WhatsApp-Image-2024-12-05-at-16.14.11-1-1024x576.jpeg\" alt=\"\" class=\"wp-image-5561\" srcset=\"https:\/\/www.confederaciondelcobre.cl\/wp-content\/uploads\/2024\/12\/WhatsApp-Image-2024-12-05-at-16.14.11-1-1024x576.jpeg 1024w, https:\/\/www.confederaciondelcobre.cl\/wp-content\/uploads\/2024\/12\/WhatsApp-Image-2024-12-05-at-16.14.11-1-300x169.jpeg 300w, https:\/\/www.confederaciondelcobre.cl\/wp-content\/uploads\/2024\/12\/WhatsApp-Image-2024-12-05-at-16.14.11-1-768x432.jpeg 768w, https:\/\/www.confederaciondelcobre.cl\/wp-content\/uploads\/2024\/12\/WhatsApp-Image-2024-12-05-at-16.14.11-1-1536x864.jpeg 1536w, https:\/\/www.confederaciondelcobre.cl\/wp-content\/uploads\/2024\/12\/WhatsApp-Image-2024-12-05-at-16.14.11-1.jpeg 1600w\" sizes=\"auto, (max-width: 1024px) 100vw, 1024px\" \/><\/figure>\n<\/figure>\n\n\n<div class=\"wp-block-site-logo\"><a href=\"https:\/\/www.confederaciondelcobre.cl\/\" class=\"custom-logo-link\" rel=\"home\"><img loading=\"lazy\" decoding=\"async\" width=\"661\" height=\"80\" src=\"https:\/\/www.confederaciondelcobre.cl\/wp-content\/uploads\/2023\/01\/TituloWebCTC.png\" class=\"custom-logo\" alt=\"Confederaci\u00f3n de Trabajadores del Cobre &#8211; CTC\" srcset=\"https:\/\/www.confederaciondelcobre.cl\/wp-content\/uploads\/2023\/01\/TituloWebCTC.png 606w, https:\/\/www.confederaciondelcobre.cl\/wp-content\/uploads\/2023\/01\/TituloWebCTC-300x37.png 300w\" sizes=\"auto, (max-width: 661px) 100vw, 661px\" \/><\/a><\/div>","protected":false},"excerpt":{"rendered":"<p>El pasado martes 03 de diciembre, la Secretar\u00eda de Condiciones de Trabajo y Seguridad, Higiene Industrial y Medio Ambiente de la CUT que dirige el compa\u00f1ero Horacio Fuentes junto a &hellip; <\/p>\n","protected":false},"author":2,"featured_media":5556,"comment_status":"closed","ping_status":"closed","sticky":false,"template":"","format":"standard","meta":{"jetpack_post_was_ever_published":false,"_jetpack_newsletter_access":"","_jetpack_dont_email_post_to_subs":false,"_jetpack_newsletter_tier_id":0,"_jetpack_memberships_contains_paywalled_content":false,"_jetpack_memberships_contains_paid_content":false,"footnotes":"","jetpack_publicize_message":"","jetpack_publicize_feature_enabled":true,"jetpack_social_post_already_shared":true,"jetpack_social_options":{"image_generator_settings":{"template":"highway","default_image_id":0,"enabled":false},"version":2}},"categories":[56,9,27,16,39,19],"tags":[],"class_list":["post-5551","post","type-post","status-publish","format-standard","has-post-thumbnail","hentry","category-capacitacion","category-confederacion","category-cut","category-noticias","category-sindicatos","category-trabajadores"],"jetpack_publicize_connections":[],"jetpack_featured_media_url":"https:\/\/www.confederaciondelcobre.cl\/wp-content\/uploads\/2024\/12\/WhatsApp-Image-2024-12-05-at-16.14.13-1.jpeg","jetpack_sharing_enabled":true,"post_mailing_queue_ids":[],"_links":{"self":[{"href":"https:\/\/www.confederaciondelcobre.cl\/index.php\/wp-json\/wp\/v2\/posts\/5551","targetHints":{"allow":["GET"]}}],"collection":[{"href":"https:\/\/www.confederaciondelcobre.cl\/index.php\/wp-json\/wp\/v2\/posts"}],"about":[{"href":"https:\/\/www.confederaciondelcobre.cl\/index.php\/wp-json\/wp\/v2\/types\/post"}],"author":[{"embeddable":true,"href":"https:\/\/www.confederaciondelcobre.cl\/index.php\/wp-json\/wp\/v2\/users\/2"}],"replies":[{"embeddable":true,"href":"https:\/\/www.confederaciondelcobre.cl\/index.php\/wp-json\/wp\/v2\/comments?post=5551"}],"version-history":[{"count":2,"href":"https:\/\/www.confederaciondelcobre.cl\/index.php\/wp-json\/wp\/v2\/posts\/5551\/revisions"}],"predecessor-version":[{"id":5565,"href":"https:\/\/www.confederaciondelcobre.cl\/index.php\/wp-json\/wp\/v2\/posts\/5551\/revisions\/5565"}],"wp:featuredmedia":[{"embeddable":true,"href":"https:\/\/www.confederaciondelcobre.cl\/index.php\/wp-json\/wp\/v2\/media\/5556"}],"wp:attachment":[{"href":"https:\/\/www.confederaciondelcobre.cl\/index.php\/wp-json\/wp\/v2\/media?parent=5551"}],"wp:term":[{"taxonomy":"category","embeddable":true,"href":"https:\/\/www.confederaciondelcobre.cl\/index.php\/wp-json\/wp\/v2\/categories?post=5551"},{"taxonomy":"post_tag","embeddable":true,"href":"https:\/\/www.confederaciondelcobre.cl\/index.php\/wp-json\/wp\/v2\/tags?post=5551"}],"curies":[{"name":"wp","href":"https:\/\/api.w.org\/{rel}","templated":true}]}}