{"id":5566,"date":"2024-12-12T18:30:44","date_gmt":"2024-12-12T22:30:44","guid":{"rendered":"https:\/\/www.confederaciondelcobre.cl\/?p=5566"},"modified":"2024-12-12T18:36:23","modified_gmt":"2024-12-12T22:36:23","slug":"19-de-diciembre-lanzamiento-de-una-de-unidad-y-lucha-sindical-la-confederacion-de-trabajadores-del-cobre-2007-2024","status":"publish","type":"post","link":"https:\/\/www.confederaciondelcobre.cl\/index.php\/2024\/12\/12\/19-de-diciembre-lanzamiento-de-una-de-unidad-y-lucha-sindical-la-confederacion-de-trabajadores-del-cobre-2007-2024\/","title":{"rendered":"19 de diciembre: Lanzamiento de &#8220;Una de unidad y lucha sindical, la Confederaci\u00f3n de Trabajadores del Cobre 2007-2024\u201d"},"content":{"rendered":"\n<p>El Pr\u00f3ximo jueves 19 de diciembre, luego de varios meses de trabajo, se lanzar\u00e1 el libro y corto documental \u201cUna historia de unidad y lucha sindical, la Confederaci\u00f3n de Trabajadores del Cobre 2007-2024\u201d.<\/p>\n\n\n\n<p>El proyecto financiado por la Subsecretar\u00eda del Trabajo y ejecutado por la Confederaci\u00f3n de Trabajadores del Cobre ser\u00e1 estrenado p\u00fablicamente en la Sede de la CUT, en Santiago.<\/p>\n\n\n\n<p>La actividad contar\u00e1 con la participaci\u00f3n del grupo\u00a0<a href=\"https:\/\/www.instagram.com\/imaginacion_oficial\/?hl=es\">@imaginacion_oficial<\/a>\u00a0y se realizar\u00e1 en Av. Libertador Bernardo O\u2019higgins 1346, Santiago, a las 16:00 hrs.<\/p>\n","protected":false},"excerpt":{"rendered":"<p>El Pr\u00f3ximo jueves 19 de diciembre, luego de varios meses de trabajo, se lanzar\u00e1 el libro y corto documental \u201cUna historia de unidad y lucha sindical, la Confederaci\u00f3n de Trabajadores &hellip; <\/p>\n","protected":false},"author":2,"featured_media":5567,"comment_status":"closed","ping_status":"closed","sticky":false,"template":"","format":"standard","meta":{"jetpack_post_was_ever_published":false,"_jetpack_newsletter_access":"","_jetpack_dont_email_post_to_subs":false,"_jetpack_newsletter_tier_id":0,"_jetpack_memberships_contains_paywalled_content":false,"_jetpack_memberships_contains_paid_content":false,"footnotes":"","jetpack_publicize_message":"","jetpack_publicize_feature_enabled":true,"jetpack_social_post_already_shared":true,"jetpack_social_options":{"image_generator_settings":{"template":"highway","default_image_id":0,"enabled":false},"version":2}},"categories":[9],"tags":[],"class_list":["post-5566","post","type-post","status-publish","format-standard","has-post-thumbnail","hentry","category-confederacion"],"jetpack_publicize_connections":[],"jetpack_featured_media_url":"https:\/\/www.confederaciondelcobre.cl\/wp-content\/uploads\/2024\/12\/WhatsApp-Image-2024-12-10-at-21.05.11.jpeg","jetpack_sharing_enabled":true,"post_mailing_queue_ids":[],"_links":{"self":[{"href":"https:\/\/www.confederaciondelcobre.cl\/index.php\/wp-json\/wp\/v2\/posts\/5566","targetHints":{"allow":["GET"]}}],"collection":[{"href":"https:\/\/www.confederaciondelcobre.cl\/index.php\/wp-json\/wp\/v2\/posts"}],"about":[{"href":"https:\/\/www.confederaciondelcobre.cl\/index.php\/wp-json\/wp\/v2\/types\/post"}],"author":[{"embeddable":true,"href":"https:\/\/www.confederaciondelcobre.cl\/index.php\/wp-json\/wp\/v2\/users\/2"}],"replies":[{"embeddable":true,"href":"https:\/\/www.confederaciondelcobre.cl\/index.php\/wp-json\/wp\/v2\/comments?post=5566"}],"version-history":[{"count":1,"href":"https:\/\/www.confederaciondelcobre.cl\/index.php\/wp-json\/wp\/v2\/posts\/5566\/revisions"}],"predecessor-version":[{"id":5568,"href":"https:\/\/www.confederaciondelcobre.cl\/index.php\/wp-json\/wp\/v2\/posts\/5566\/revisions\/5568"}],"wp:featuredmedia":[{"embeddable":true,"href":"https:\/\/www.confederaciondelcobre.cl\/index.php\/wp-json\/wp\/v2\/media\/5567"}],"wp:attachment":[{"href":"https:\/\/www.confederaciondelcobre.cl\/index.php\/wp-json\/wp\/v2\/media?parent=5566"}],"wp:term":[{"taxonomy":"category","embeddable":true,"href":"https:\/\/www.confederaciondelcobre.cl\/index.php\/wp-json\/wp\/v2\/categories?post=5566"},{"taxonomy":"post_tag","embeddable":true,"href":"https:\/\/www.confederaciondelcobre.cl\/index.php\/wp-json\/wp\/v2\/tags?post=5566"}],"curies":[{"name":"wp","href":"https:\/\/api.w.org\/{rel}","templated":true}]}}