{"id":5578,"date":"2024-12-20T20:06:34","date_gmt":"2024-12-21T00:06:34","guid":{"rendered":"https:\/\/www.confederaciondelcobre.cl\/?p=5578"},"modified":"2024-12-20T20:06:37","modified_gmt":"2024-12-21T00:06:37","slug":"ctc-lanza-libro-y-documental-de-su-historia","status":"publish","type":"post","link":"https:\/\/www.confederaciondelcobre.cl\/index.php\/2024\/12\/20\/ctc-lanza-libro-y-documental-de-su-historia\/","title":{"rendered":"CTC LANZA LIBRO Y DOCUMENTAL DE SU HISTORIA"},"content":{"rendered":"\n<p><strong>En emotivo acto, fue lanzado el libro y documental \u201cRecuperaci\u00f3n de Historia Sindical 2024 sobre la CTC<\/strong><\/p>\n\n\n\n<p>SANTIAGO | El pasado jueves 19 de diciembre, en la sede central de la Central Unitaria de Trabajadores CUT, se dio cierre al proyecto&nbsp;<strong>de<a>&nbsp;\u201cRecuperaci\u00f3n de Historia Sindical sobre la Confederaci\u00f3n de Trabajadores del Cobre<\/a>&nbsp;(CTC)\u201d,&nbsp;<\/strong>desarrollado desde el Departamento de Di\u00e1logo Social de la Subsecretar\u00eda del Trabajo del Ministerio del Trabajo y Previsi\u00f3n Social, proyecto qu\u00e9&nbsp;&nbsp;culmin\u00f3 sus actividades con la presentaci\u00f3n del libro y la exhibici\u00f3n del corto audiovisual denominado: \u201cUna historia de unidad y lucha sindical\u201d.<\/p>\n\n\n\n<p>La ceremonia cont\u00f3 con la presencia de representantes de la OIT, el Ministerio del Trabajo, organizaciones de derechos humanos y del mundo sindical representados por el presidente del Central Unitaria de Trabajadores, David Acu\u00f1a.&nbsp;<\/p>\n\n\n\n<p>De modo especial, participaron los miembros del Directorio Nacional de la CTC, encabezado por su presidenta Ana Lamas Aguirre, y representantes de sus brazos territoriales en las ciudades de Los Andes y Rancagua. En la ocasi\u00f3n, la presidenta de la Confederaci\u00f3n destac\u00f3 la importancia que ha tenido para la organizaci\u00f3n la recopilaci\u00f3n de los testimonios que han nutrido el largo camino de luchas y reivindicaciones que vienen dando a favor de los trabajadores y trabajadoras subcontratistas en el pa\u00eds, las mismas que han posibilitado cambios ostensibles en las condiciones de vida de miles de familias obreras ligadas a la miner\u00eda. Para la presidenta, el libro es una oportunidad para reconocer los enormes logros que colectivamente se han conquistado gracias a las movilizaciones, la negociaci\u00f3n y el di\u00e1logo con los representantes de las empresas mineras y los diferentes gobiernos. En la actualidad, estas estrategias se plasman en la vigencia del Acuerdo Marco que se ha defendido a trav\u00e9s de numerosas movilizaciones, desde el a\u00f1o 2007. La presidenta, destac\u00f3 especialmente el compromiso de los dirigentes y los trabajadores que han dado vida a la organizaci\u00f3n en su lucha por la dignidad y la justicia en las ciudades de Rancagua, Los Andes, El Salvador, Calama e Iquique, ciudades con un despliegue territorial de decenas de sindicatos asociados a la Confederaci\u00f3n.<\/p>\n\n\n\n<p>Adem\u00e1s de la presentaci\u00f3n del libro, en la ceremonia se exhibi\u00f3 por primera vez la pieza audiovisual de 20 minutos realizada por el equipo t\u00e9cnico del proyecto, una propuesta documental que se propuso sintetizar la valiosa historia de la Confederaci\u00f3n de Trabajadores del Cobre. El documental se basa en entrevistas de algunos de los dirigentes fundadores de la organizaci\u00f3n como Manuel Ahumada, Jos\u00e9 Irarr\u00e1zabal y Miguel Santana, as\u00ed como del socio honorario, Orlando Caputo, hist\u00f3rico promotor de una de las plataformas estrat\u00e9gicas que ha sustentado la CTC desde sus or\u00edgenes: la nacionalizaci\u00f3n del cobre.&nbsp;<\/p>\n\n\n\n<p>A los dirigentes presentes en la ceremonia se les hizo entrega especial del libro a manos de la presidenta Ana Lamas y del Subsecretario del Ministerio del Trabajo y Previsi\u00f3n Social, Giorgio Boccardo. Para este \u00faltimo, el documental y el libro presentado son un claro testimonio de la cartera por favorecer el mundo sindical y dar mayor visibilidad a sus principales organizaciones en el pa\u00eds. Este es el caso de la CTC y su defensa irrestricta de los trabajadores subcontratistas cuando casi no exist\u00edan marcos institucionales para asegurar condiciones laborales m\u00ednimas en el inicio del siglo XXI. Una organizaci\u00f3n que, seg\u00fan destac\u00f3, desde sus or\u00edgenes ha sabido articular sus demandas con movilizaciones y el di\u00e1logo social, instrumentos que le han permitido mantener un sistema de negociaci\u00f3n ramal ajeno a la institucionalidad pero fundamental para asegurar las condiciones de vida y trabajo de miles de trabajadores en la miner\u00eda en el pa\u00eds.<\/p>\n\n\n\n<p>Para cerrar la ceremonia, los presentes en el hall central de la CUT participaron de un emotivo acto musical a cargo del grupo Imaginaci\u00f3n, quienes adem\u00e1s de recordar la memoria de Nelson Quichillao, conmemoraron tambi\u00e9n, los cien a\u00f1os de la muerte del padre fundador del movimiento obrero nacional, Luis Emilio Recabarren.&nbsp;&nbsp;&nbsp;&nbsp;<\/p>\n\n\n\n<figure class=\"wp-block-gallery has-nested-images columns-default is-cropped wp-block-gallery-1 is-layout-flex wp-block-gallery-is-layout-flex\">\n<figure class=\"wp-block-image size-large\"><img loading=\"lazy\" decoding=\"async\" width=\"1024\" height=\"683\" data-id=\"5584\" src=\"https:\/\/www.confederaciondelcobre.cl\/wp-content\/uploads\/2024\/12\/DSC_0262-1024x683.jpg\" alt=\"\" class=\"wp-image-5584\" srcset=\"https:\/\/www.confederaciondelcobre.cl\/wp-content\/uploads\/2024\/12\/DSC_0262-1024x683.jpg 1024w, https:\/\/www.confederaciondelcobre.cl\/wp-content\/uploads\/2024\/12\/DSC_0262-300x200.jpg 300w, https:\/\/www.confederaciondelcobre.cl\/wp-content\/uploads\/2024\/12\/DSC_0262-768x512.jpg 768w, https:\/\/www.confederaciondelcobre.cl\/wp-content\/uploads\/2024\/12\/DSC_0262-1536x1024.jpg 1536w, https:\/\/www.confederaciondelcobre.cl\/wp-content\/uploads\/2024\/12\/DSC_0262-2048x1365.jpg 2048w\" sizes=\"auto, (max-width: 1024px) 100vw, 1024px\" \/><\/figure>\n\n\n\n<figure class=\"wp-block-image size-large\"><img loading=\"lazy\" decoding=\"async\" width=\"1024\" height=\"683\" data-id=\"5585\" src=\"https:\/\/www.confederaciondelcobre.cl\/wp-content\/uploads\/2024\/12\/DSC_0267-1024x683.jpg\" alt=\"\" class=\"wp-image-5585\" srcset=\"https:\/\/www.confederaciondelcobre.cl\/wp-content\/uploads\/2024\/12\/DSC_0267-1024x683.jpg 1024w, https:\/\/www.confederaciondelcobre.cl\/wp-content\/uploads\/2024\/12\/DSC_0267-300x200.jpg 300w, https:\/\/www.confederaciondelcobre.cl\/wp-content\/uploads\/2024\/12\/DSC_0267-768x512.jpg 768w, https:\/\/www.confederaciondelcobre.cl\/wp-content\/uploads\/2024\/12\/DSC_0267-1536x1024.jpg 1536w, https:\/\/www.confederaciondelcobre.cl\/wp-content\/uploads\/2024\/12\/DSC_0267-2048x1365.jpg 2048w\" sizes=\"auto, (max-width: 1024px) 100vw, 1024px\" \/><\/figure>\n\n\n\n<figure class=\"wp-block-image size-large\"><img loading=\"lazy\" decoding=\"async\" width=\"1024\" height=\"683\" data-id=\"5586\" src=\"https:\/\/www.confederaciondelcobre.cl\/wp-content\/uploads\/2024\/12\/DSC_0271-1024x683.jpg\" alt=\"\" class=\"wp-image-5586\" srcset=\"https:\/\/www.confederaciondelcobre.cl\/wp-content\/uploads\/2024\/12\/DSC_0271-1024x683.jpg 1024w, https:\/\/www.confederaciondelcobre.cl\/wp-content\/uploads\/2024\/12\/DSC_0271-300x200.jpg 300w, https:\/\/www.confederaciondelcobre.cl\/wp-content\/uploads\/2024\/12\/DSC_0271-768x512.jpg 768w, https:\/\/www.confederaciondelcobre.cl\/wp-content\/uploads\/2024\/12\/DSC_0271-1536x1024.jpg 1536w, https:\/\/www.confederaciondelcobre.cl\/wp-content\/uploads\/2024\/12\/DSC_0271-2048x1365.jpg 2048w\" sizes=\"auto, (max-width: 1024px) 100vw, 1024px\" \/><\/figure>\n\n\n\n<figure class=\"wp-block-image size-large\"><img loading=\"lazy\" decoding=\"async\" width=\"1024\" height=\"683\" data-id=\"5587\" src=\"https:\/\/www.confederaciondelcobre.cl\/wp-content\/uploads\/2024\/12\/DSC_0282-1024x683.jpg\" alt=\"\" class=\"wp-image-5587\" srcset=\"https:\/\/www.confederaciondelcobre.cl\/wp-content\/uploads\/2024\/12\/DSC_0282-1024x683.jpg 1024w, https:\/\/www.confederaciondelcobre.cl\/wp-content\/uploads\/2024\/12\/DSC_0282-300x200.jpg 300w, https:\/\/www.confederaciondelcobre.cl\/wp-content\/uploads\/2024\/12\/DSC_0282-768x512.jpg 768w, https:\/\/www.confederaciondelcobre.cl\/wp-content\/uploads\/2024\/12\/DSC_0282-1536x1024.jpg 1536w, https:\/\/www.confederaciondelcobre.cl\/wp-content\/uploads\/2024\/12\/DSC_0282-2048x1365.jpg 2048w\" sizes=\"auto, (max-width: 1024px) 100vw, 1024px\" \/><\/figure>\n\n\n\n<figure class=\"wp-block-image size-large\"><img loading=\"lazy\" decoding=\"async\" width=\"1024\" height=\"683\" data-id=\"5588\" src=\"https:\/\/www.confederaciondelcobre.cl\/wp-content\/uploads\/2024\/12\/DSC_0280-1024x683.jpg\" alt=\"\" class=\"wp-image-5588\" srcset=\"https:\/\/www.confederaciondelcobre.cl\/wp-content\/uploads\/2024\/12\/DSC_0280-1024x683.jpg 1024w, https:\/\/www.confederaciondelcobre.cl\/wp-content\/uploads\/2024\/12\/DSC_0280-300x200.jpg 300w, https:\/\/www.confederaciondelcobre.cl\/wp-content\/uploads\/2024\/12\/DSC_0280-768x512.jpg 768w, https:\/\/www.confederaciondelcobre.cl\/wp-content\/uploads\/2024\/12\/DSC_0280-1536x1024.jpg 1536w, https:\/\/www.confederaciondelcobre.cl\/wp-content\/uploads\/2024\/12\/DSC_0280-2048x1365.jpg 2048w\" sizes=\"auto, (max-width: 1024px) 100vw, 1024px\" \/><\/figure>\n\n\n\n<figure class=\"wp-block-image size-large\"><img loading=\"lazy\" decoding=\"async\" width=\"1024\" height=\"683\" data-id=\"5589\" src=\"https:\/\/www.confederaciondelcobre.cl\/wp-content\/uploads\/2024\/12\/DSC_0290-1024x683.jpg\" alt=\"\" class=\"wp-image-5589\" srcset=\"https:\/\/www.confederaciondelcobre.cl\/wp-content\/uploads\/2024\/12\/DSC_0290-1024x683.jpg 1024w, https:\/\/www.confederaciondelcobre.cl\/wp-content\/uploads\/2024\/12\/DSC_0290-300x200.jpg 300w, https:\/\/www.confederaciondelcobre.cl\/wp-content\/uploads\/2024\/12\/DSC_0290-768x512.jpg 768w, https:\/\/www.confederaciondelcobre.cl\/wp-content\/uploads\/2024\/12\/DSC_0290-1536x1024.jpg 1536w, https:\/\/www.confederaciondelcobre.cl\/wp-content\/uploads\/2024\/12\/DSC_0290-2048x1365.jpg 2048w\" sizes=\"auto, (max-width: 1024px) 100vw, 1024px\" \/><\/figure>\n\n\n\n<figure class=\"wp-block-image size-large\"><img loading=\"lazy\" decoding=\"async\" width=\"1024\" height=\"683\" data-id=\"5590\" src=\"https:\/\/www.confederaciondelcobre.cl\/wp-content\/uploads\/2024\/12\/DSC_0292-1024x683.jpg\" alt=\"\" class=\"wp-image-5590\" srcset=\"https:\/\/www.confederaciondelcobre.cl\/wp-content\/uploads\/2024\/12\/DSC_0292-1024x683.jpg 1024w, https:\/\/www.confederaciondelcobre.cl\/wp-content\/uploads\/2024\/12\/DSC_0292-300x200.jpg 300w, https:\/\/www.confederaciondelcobre.cl\/wp-content\/uploads\/2024\/12\/DSC_0292-768x512.jpg 768w, https:\/\/www.confederaciondelcobre.cl\/wp-content\/uploads\/2024\/12\/DSC_0292-1536x1024.jpg 1536w, https:\/\/www.confederaciondelcobre.cl\/wp-content\/uploads\/2024\/12\/DSC_0292-2048x1365.jpg 2048w\" sizes=\"auto, (max-width: 1024px) 100vw, 1024px\" \/><\/figure>\n\n\n\n<figure class=\"wp-block-image size-large\"><img loading=\"lazy\" decoding=\"async\" width=\"1024\" height=\"683\" data-id=\"5591\" src=\"https:\/\/www.confederaciondelcobre.cl\/wp-content\/uploads\/2024\/12\/DSC_0298-1024x683.jpg\" alt=\"\" class=\"wp-image-5591\" srcset=\"https:\/\/www.confederaciondelcobre.cl\/wp-content\/uploads\/2024\/12\/DSC_0298-1024x683.jpg 1024w, https:\/\/www.confederaciondelcobre.cl\/wp-content\/uploads\/2024\/12\/DSC_0298-300x200.jpg 300w, https:\/\/www.confederaciondelcobre.cl\/wp-content\/uploads\/2024\/12\/DSC_0298-768x512.jpg 768w, https:\/\/www.confederaciondelcobre.cl\/wp-content\/uploads\/2024\/12\/DSC_0298-1536x1024.jpg 1536w, https:\/\/www.confederaciondelcobre.cl\/wp-content\/uploads\/2024\/12\/DSC_0298-2048x1365.jpg 2048w\" sizes=\"auto, (max-width: 1024px) 100vw, 1024px\" \/><\/figure>\n\n\n\n<figure class=\"wp-block-image size-large\"><img loading=\"lazy\" decoding=\"async\" width=\"1024\" height=\"683\" data-id=\"5592\" src=\"https:\/\/www.confederaciondelcobre.cl\/wp-content\/uploads\/2024\/12\/DSC_0320-1024x683.jpg\" alt=\"\" class=\"wp-image-5592\" srcset=\"https:\/\/www.confederaciondelcobre.cl\/wp-content\/uploads\/2024\/12\/DSC_0320-1024x683.jpg 1024w, https:\/\/www.confederaciondelcobre.cl\/wp-content\/uploads\/2024\/12\/DSC_0320-300x200.jpg 300w, https:\/\/www.confederaciondelcobre.cl\/wp-content\/uploads\/2024\/12\/DSC_0320-768x512.jpg 768w, https:\/\/www.confederaciondelcobre.cl\/wp-content\/uploads\/2024\/12\/DSC_0320-1536x1024.jpg 1536w, https:\/\/www.confederaciondelcobre.cl\/wp-content\/uploads\/2024\/12\/DSC_0320-2048x1365.jpg 2048w\" sizes=\"auto, (max-width: 1024px) 100vw, 1024px\" \/><\/figure>\n\n\n\n<figure class=\"wp-block-image size-large\"><img loading=\"lazy\" decoding=\"async\" width=\"1024\" height=\"683\" data-id=\"5593\" src=\"https:\/\/www.confederaciondelcobre.cl\/wp-content\/uploads\/2024\/12\/DSC_0335-1024x683.jpg\" alt=\"\" class=\"wp-image-5593\" srcset=\"https:\/\/www.confederaciondelcobre.cl\/wp-content\/uploads\/2024\/12\/DSC_0335-1024x683.jpg 1024w, https:\/\/www.confederaciondelcobre.cl\/wp-content\/uploads\/2024\/12\/DSC_0335-300x200.jpg 300w, https:\/\/www.confederaciondelcobre.cl\/wp-content\/uploads\/2024\/12\/DSC_0335-768x512.jpg 768w, https:\/\/www.confederaciondelcobre.cl\/wp-content\/uploads\/2024\/12\/DSC_0335-1536x1024.jpg 1536w, https:\/\/www.confederaciondelcobre.cl\/wp-content\/uploads\/2024\/12\/DSC_0335-2048x1365.jpg 2048w\" sizes=\"auto, (max-width: 1024px) 100vw, 1024px\" \/><\/figure>\n\n\n\n<figure class=\"wp-block-image size-large\"><img loading=\"lazy\" decoding=\"async\" width=\"1024\" height=\"683\" data-id=\"5594\" src=\"https:\/\/www.confederaciondelcobre.cl\/wp-content\/uploads\/2024\/12\/DSC_0338-1024x683.jpg\" alt=\"\" class=\"wp-image-5594\" srcset=\"https:\/\/www.confederaciondelcobre.cl\/wp-content\/uploads\/2024\/12\/DSC_0338-1024x683.jpg 1024w, https:\/\/www.confederaciondelcobre.cl\/wp-content\/uploads\/2024\/12\/DSC_0338-300x200.jpg 300w, https:\/\/www.confederaciondelcobre.cl\/wp-content\/uploads\/2024\/12\/DSC_0338-768x512.jpg 768w, https:\/\/www.confederaciondelcobre.cl\/wp-content\/uploads\/2024\/12\/DSC_0338-1536x1024.jpg 1536w, https:\/\/www.confederaciondelcobre.cl\/wp-content\/uploads\/2024\/12\/DSC_0338-2048x1365.jpg 2048w\" sizes=\"auto, (max-width: 1024px) 100vw, 1024px\" \/><\/figure>\n\n\n\n<figure class=\"wp-block-image size-large\"><img loading=\"lazy\" decoding=\"async\" width=\"1024\" height=\"683\" data-id=\"5595\" src=\"https:\/\/www.confederaciondelcobre.cl\/wp-content\/uploads\/2024\/12\/DSC_0343-1024x683.jpg\" alt=\"\" class=\"wp-image-5595\" srcset=\"https:\/\/www.confederaciondelcobre.cl\/wp-content\/uploads\/2024\/12\/DSC_0343-1024x683.jpg 1024w, https:\/\/www.confederaciondelcobre.cl\/wp-content\/uploads\/2024\/12\/DSC_0343-300x200.jpg 300w, https:\/\/www.confederaciondelcobre.cl\/wp-content\/uploads\/2024\/12\/DSC_0343-768x512.jpg 768w, https:\/\/www.confederaciondelcobre.cl\/wp-content\/uploads\/2024\/12\/DSC_0343-1536x1024.jpg 1536w, https:\/\/www.confederaciondelcobre.cl\/wp-content\/uploads\/2024\/12\/DSC_0343-2048x1365.jpg 2048w\" sizes=\"auto, (max-width: 1024px) 100vw, 1024px\" \/><\/figure>\n\n\n\n<figure class=\"wp-block-image size-large\"><img loading=\"lazy\" decoding=\"async\" width=\"1024\" height=\"683\" data-id=\"5581\" src=\"https:\/\/www.confederaciondelcobre.cl\/wp-content\/uploads\/2024\/12\/DSC_0336-1024x683.jpg\" alt=\"\" class=\"wp-image-5581\" srcset=\"https:\/\/www.confederaciondelcobre.cl\/wp-content\/uploads\/2024\/12\/DSC_0336-1024x683.jpg 1024w, https:\/\/www.confederaciondelcobre.cl\/wp-content\/uploads\/2024\/12\/DSC_0336-300x200.jpg 300w, https:\/\/www.confederaciondelcobre.cl\/wp-content\/uploads\/2024\/12\/DSC_0336-768x512.jpg 768w, https:\/\/www.confederaciondelcobre.cl\/wp-content\/uploads\/2024\/12\/DSC_0336-1536x1024.jpg 1536w, https:\/\/www.confederaciondelcobre.cl\/wp-content\/uploads\/2024\/12\/DSC_0336-2048x1365.jpg 2048w\" sizes=\"auto, (max-width: 1024px) 100vw, 1024px\" \/><\/figure>\n\n\n\n<figure class=\"wp-block-image size-large\"><img loading=\"lazy\" decoding=\"async\" width=\"828\" height=\"608\" data-id=\"5580\" src=\"https:\/\/www.confederaciondelcobre.cl\/wp-content\/uploads\/2024\/12\/WhatsApp-Image-2024-12-20-at-20.53.27.jpeg\" alt=\"\" class=\"wp-image-5580\" srcset=\"https:\/\/www.confederaciondelcobre.cl\/wp-content\/uploads\/2024\/12\/WhatsApp-Image-2024-12-20-at-20.53.27.jpeg 828w, https:\/\/www.confederaciondelcobre.cl\/wp-content\/uploads\/2024\/12\/WhatsApp-Image-2024-12-20-at-20.53.27-300x220.jpeg 300w, https:\/\/www.confederaciondelcobre.cl\/wp-content\/uploads\/2024\/12\/WhatsApp-Image-2024-12-20-at-20.53.27-768x564.jpeg 768w\" sizes=\"auto, (max-width: 828px) 100vw, 828px\" \/><\/figure>\n\n\n\n<figure class=\"wp-block-image size-large\"><img loading=\"lazy\" decoding=\"async\" width=\"768\" height=\"1024\" data-id=\"5596\" src=\"https:\/\/www.confederaciondelcobre.cl\/wp-content\/uploads\/2024\/12\/WhatsApp-Image-2024-12-19-at-18.41.21-768x1024.jpeg\" alt=\"\" class=\"wp-image-5596\" srcset=\"https:\/\/www.confederaciondelcobre.cl\/wp-content\/uploads\/2024\/12\/WhatsApp-Image-2024-12-19-at-18.41.21-768x1024.jpeg 768w, https:\/\/www.confederaciondelcobre.cl\/wp-content\/uploads\/2024\/12\/WhatsApp-Image-2024-12-19-at-18.41.21-225x300.jpeg 225w, https:\/\/www.confederaciondelcobre.cl\/wp-content\/uploads\/2024\/12\/WhatsApp-Image-2024-12-19-at-18.41.21-1152x1536.jpeg 1152w, https:\/\/www.confederaciondelcobre.cl\/wp-content\/uploads\/2024\/12\/WhatsApp-Image-2024-12-19-at-18.41.21.jpeg 1200w\" sizes=\"auto, (max-width: 768px) 100vw, 768px\" \/><\/figure>\n<\/figure>\n","protected":false},"excerpt":{"rendered":"<p>En emotivo acto, fue lanzado el libro y documental \u201cRecuperaci\u00f3n de Historia Sindical 2024 sobre la CTC SANTIAGO | El pasado jueves 19 de diciembre, en la sede central de &hellip; <\/p>\n","protected":false},"author":2,"featured_media":5580,"comment_status":"closed","ping_status":"closed","sticky":false,"template":"","format":"standard","meta":{"jetpack_post_was_ever_published":false,"_jetpack_newsletter_access":"","_jetpack_dont_email_post_to_subs":false,"_jetpack_newsletter_tier_id":0,"_jetpack_memberships_contains_paywalled_content":false,"_jetpack_memberships_contains_paid_content":false,"footnotes":"","jetpack_publicize_message":"","jetpack_publicize_feature_enabled":true,"jetpack_social_post_already_shared":true,"jetpack_social_options":{"image_generator_settings":{"template":"highway","default_image_id":0,"enabled":false},"version":2}},"categories":[9],"tags":[48,58,59,44,38],"class_list":["post-5578","post","type-post","status-publish","format-standard","has-post-thumbnail","hentry","category-confederacion","tag-ctc","tag-documental","tag-memoria","tag-sindicato","tag-sindicatos"],"jetpack_publicize_connections":[],"jetpack_featured_media_url":"https:\/\/www.confederaciondelcobre.cl\/wp-content\/uploads\/2024\/12\/WhatsApp-Image-2024-12-20-at-20.53.27.jpeg","jetpack_sharing_enabled":true,"post_mailing_queue_ids":[],"_links":{"self":[{"href":"https:\/\/www.confederaciondelcobre.cl\/index.php\/wp-json\/wp\/v2\/posts\/5578","targetHints":{"allow":["GET"]}}],"collection":[{"href":"https:\/\/www.confederaciondelcobre.cl\/index.php\/wp-json\/wp\/v2\/posts"}],"about":[{"href":"https:\/\/www.confederaciondelcobre.cl\/index.php\/wp-json\/wp\/v2\/types\/post"}],"author":[{"embeddable":true,"href":"https:\/\/www.confederaciondelcobre.cl\/index.php\/wp-json\/wp\/v2\/users\/2"}],"replies":[{"embeddable":true,"href":"https:\/\/www.confederaciondelcobre.cl\/index.php\/wp-json\/wp\/v2\/comments?post=5578"}],"version-history":[{"count":1,"href":"https:\/\/www.confederaciondelcobre.cl\/index.php\/wp-json\/wp\/v2\/posts\/5578\/revisions"}],"predecessor-version":[{"id":5597,"href":"https:\/\/www.confederaciondelcobre.cl\/index.php\/wp-json\/wp\/v2\/posts\/5578\/revisions\/5597"}],"wp:featuredmedia":[{"embeddable":true,"href":"https:\/\/www.confederaciondelcobre.cl\/index.php\/wp-json\/wp\/v2\/media\/5580"}],"wp:attachment":[{"href":"https:\/\/www.confederaciondelcobre.cl\/index.php\/wp-json\/wp\/v2\/media?parent=5578"}],"wp:term":[{"taxonomy":"category","embeddable":true,"href":"https:\/\/www.confederaciondelcobre.cl\/index.php\/wp-json\/wp\/v2\/categories?post=5578"},{"taxonomy":"post_tag","embeddable":true,"href":"https:\/\/www.confederaciondelcobre.cl\/index.php\/wp-json\/wp\/v2\/tags?post=5578"}],"curies":[{"name":"wp","href":"https:\/\/api.w.org\/{rel}","templated":true}]}}