{"id":5599,"date":"2025-02-18T17:56:39","date_gmt":"2025-02-18T21:56:39","guid":{"rendered":"https:\/\/www.confederaciondelcobre.cl\/?p=5599"},"modified":"2025-02-18T17:56:41","modified_gmt":"2025-02-18T21:56:41","slug":"importante-reajuste-del-beneficio-del-acuerdo-marco","status":"publish","type":"post","link":"https:\/\/www.confederaciondelcobre.cl\/index.php\/2025\/02\/18\/importante-reajuste-del-beneficio-del-acuerdo-marco\/","title":{"rendered":"IMPORTANTE: Reajuste del Beneficio del Acuerdo Marco"},"content":{"rendered":"\n<p>Tenemos nueva informaci\u00f3n respecto del pago del incentivo trimestral por asistencia y condiciones de trabajo del periodo 2024 a enero 2025, ya que seg\u00fan el c\u00e1lculo de IPC, este se reajustar\u00e1 un 3,9%.<\/p>\n\n\n\n<p>Revisa m\u00e1s detalles en nuestras infograf\u00edas:<\/p>\n\n\n\n<p><\/p>\n\n\n\n<figure class=\"wp-block-image size-large\"><img loading=\"lazy\" decoding=\"async\" width=\"1024\" height=\"1024\" src=\"https:\/\/www.confederaciondelcobre.cl\/wp-content\/uploads\/2025\/02\/ACUERDO-MARCO-2-1024x1024.png\" alt=\"\" class=\"wp-image-5600\" srcset=\"https:\/\/www.confederaciondelcobre.cl\/wp-content\/uploads\/2025\/02\/ACUERDO-MARCO-2-1024x1024.png 1024w, https:\/\/www.confederaciondelcobre.cl\/wp-content\/uploads\/2025\/02\/ACUERDO-MARCO-2-300x300.png 300w, https:\/\/www.confederaciondelcobre.cl\/wp-content\/uploads\/2025\/02\/ACUERDO-MARCO-2-150x150.png 150w, https:\/\/www.confederaciondelcobre.cl\/wp-content\/uploads\/2025\/02\/ACUERDO-MARCO-2-768x768.png 768w, https:\/\/www.confederaciondelcobre.cl\/wp-content\/uploads\/2025\/02\/ACUERDO-MARCO-2.png 1080w\" sizes=\"auto, (max-width: 1024px) 100vw, 1024px\" \/><\/figure>\n\n\n\n<figure class=\"wp-block-image size-large\"><img loading=\"lazy\" decoding=\"async\" width=\"1024\" height=\"1024\" src=\"https:\/\/www.confederaciondelcobre.cl\/wp-content\/uploads\/2025\/02\/ACUERDO-MARCO-3-1024x1024.png\" alt=\"\" class=\"wp-image-5601\" srcset=\"https:\/\/www.confederaciondelcobre.cl\/wp-content\/uploads\/2025\/02\/ACUERDO-MARCO-3-1024x1024.png 1024w, https:\/\/www.confederaciondelcobre.cl\/wp-content\/uploads\/2025\/02\/ACUERDO-MARCO-3-300x300.png 300w, https:\/\/www.confederaciondelcobre.cl\/wp-content\/uploads\/2025\/02\/ACUERDO-MARCO-3-150x150.png 150w, https:\/\/www.confederaciondelcobre.cl\/wp-content\/uploads\/2025\/02\/ACUERDO-MARCO-3-768x768.png 768w, https:\/\/www.confederaciondelcobre.cl\/wp-content\/uploads\/2025\/02\/ACUERDO-MARCO-3.png 1080w\" sizes=\"auto, (max-width: 1024px) 100vw, 1024px\" \/><\/figure>\n\n\n\n<figure class=\"wp-block-image size-large\"><img loading=\"lazy\" decoding=\"async\" width=\"1024\" height=\"1024\" src=\"https:\/\/www.confederaciondelcobre.cl\/wp-content\/uploads\/2025\/02\/ACUERDO-MARCO-4-1024x1024.png\" alt=\"\" class=\"wp-image-5602\" srcset=\"https:\/\/www.confederaciondelcobre.cl\/wp-content\/uploads\/2025\/02\/ACUERDO-MARCO-4-1024x1024.png 1024w, https:\/\/www.confederaciondelcobre.cl\/wp-content\/uploads\/2025\/02\/ACUERDO-MARCO-4-300x300.png 300w, https:\/\/www.confederaciondelcobre.cl\/wp-content\/uploads\/2025\/02\/ACUERDO-MARCO-4-150x150.png 150w, https:\/\/www.confederaciondelcobre.cl\/wp-content\/uploads\/2025\/02\/ACUERDO-MARCO-4-768x768.png 768w, https:\/\/www.confederaciondelcobre.cl\/wp-content\/uploads\/2025\/02\/ACUERDO-MARCO-4.png 1080w\" sizes=\"auto, (max-width: 1024px) 100vw, 1024px\" \/><\/figure>\n","protected":false},"excerpt":{"rendered":"<p>Tenemos nueva informaci\u00f3n respecto del pago del incentivo trimestral por asistencia y condiciones de trabajo del periodo 2024 a enero 2025, ya que seg\u00fan el c\u00e1lculo de IPC, este se &hellip; <\/p>\n","protected":false},"author":2,"featured_media":5603,"comment_status":"closed","ping_status":"closed","sticky":false,"template":"","format":"standard","meta":{"jetpack_post_was_ever_published":false,"_jetpack_newsletter_access":"","_jetpack_dont_email_post_to_subs":false,"_jetpack_newsletter_tier_id":0,"_jetpack_memberships_contains_paywalled_content":false,"_jetpack_memberships_contains_paid_content":false,"footnotes":"","jetpack_publicize_message":"","jetpack_publicize_feature_enabled":true,"jetpack_social_post_already_shared":true,"jetpack_social_options":{"image_generator_settings":{"template":"highway","default_image_id":0,"enabled":false},"version":2}},"categories":[9],"tags":[],"class_list":["post-5599","post","type-post","status-publish","format-standard","has-post-thumbnail","hentry","category-confederacion"],"jetpack_publicize_connections":[],"jetpack_featured_media_url":"https:\/\/www.confederaciondelcobre.cl\/wp-content\/uploads\/2025\/02\/ACUERDO-MARCO.png","jetpack_sharing_enabled":true,"post_mailing_queue_ids":[],"_links":{"self":[{"href":"https:\/\/www.confederaciondelcobre.cl\/index.php\/wp-json\/wp\/v2\/posts\/5599","targetHints":{"allow":["GET"]}}],"collection":[{"href":"https:\/\/www.confederaciondelcobre.cl\/index.php\/wp-json\/wp\/v2\/posts"}],"about":[{"href":"https:\/\/www.confederaciondelcobre.cl\/index.php\/wp-json\/wp\/v2\/types\/post"}],"author":[{"embeddable":true,"href":"https:\/\/www.confederaciondelcobre.cl\/index.php\/wp-json\/wp\/v2\/users\/2"}],"replies":[{"embeddable":true,"href":"https:\/\/www.confederaciondelcobre.cl\/index.php\/wp-json\/wp\/v2\/comments?post=5599"}],"version-history":[{"count":1,"href":"https:\/\/www.confederaciondelcobre.cl\/index.php\/wp-json\/wp\/v2\/posts\/5599\/revisions"}],"predecessor-version":[{"id":5604,"href":"https:\/\/www.confederaciondelcobre.cl\/index.php\/wp-json\/wp\/v2\/posts\/5599\/revisions\/5604"}],"wp:featuredmedia":[{"embeddable":true,"href":"https:\/\/www.confederaciondelcobre.cl\/index.php\/wp-json\/wp\/v2\/media\/5603"}],"wp:attachment":[{"href":"https:\/\/www.confederaciondelcobre.cl\/index.php\/wp-json\/wp\/v2\/media?parent=5599"}],"wp:term":[{"taxonomy":"category","embeddable":true,"href":"https:\/\/www.confederaciondelcobre.cl\/index.php\/wp-json\/wp\/v2\/categories?post=5599"},{"taxonomy":"post_tag","embeddable":true,"href":"https:\/\/www.confederaciondelcobre.cl\/index.php\/wp-json\/wp\/v2\/tags?post=5599"}],"curies":[{"name":"wp","href":"https:\/\/api.w.org\/{rel}","templated":true}]}}