{"id":5612,"date":"2025-03-20T19:56:10","date_gmt":"2025-03-20T23:56:10","guid":{"rendered":"https:\/\/www.confederaciondelcobre.cl\/?p=5612"},"modified":"2025-03-20T19:56:12","modified_gmt":"2025-03-20T23:56:12","slug":"chilevalora-entrega-reconocimiento-a-presidenta-de-la-confederacion-de-trabajadores-del-cobre-ana-lamas-aguirre","status":"publish","type":"post","link":"https:\/\/www.confederaciondelcobre.cl\/index.php\/2025\/03\/20\/chilevalora-entrega-reconocimiento-a-presidenta-de-la-confederacion-de-trabajadores-del-cobre-ana-lamas-aguirre\/","title":{"rendered":"CHILEVALORA entrega reconocimiento a presidenta de la Confederaci\u00f3n de Trabajadores del Cobre, Ana Lamas Aguirre."},"content":{"rendered":"\n<p><strong>SANTIAGO<\/strong>. Esta ma\u00f1ana, en una ceremonia que cont\u00f3 con la presencia del Subsecretario del Trabajo&nbsp;<strong>Giorgio Boccaro<\/strong>, en el marco del mes de la mujer,&nbsp;<strong>CHILEVALORA<\/strong>&nbsp;destac\u00f3 el aporte de mujeres que han impulsado la certificaci\u00f3n de competencias a trav\u00e9s de un reconocimiento a empleadoras, trabajadoras, dirigentes y gestoras, quienes, de distintas maneras, han abierto caminos de desarrollo y crecimiento para las mujeres.<\/p>\n\n\n\n<figure class=\"wp-block-image size-full\"><img loading=\"lazy\" decoding=\"async\" width=\"940\" height=\"814\" src=\"https:\/\/www.confederaciondelcobre.cl\/wp-content\/uploads\/2025\/03\/photo_5107420666130444230_y-1-1.jpg\" alt=\"\" class=\"wp-image-5616\" srcset=\"https:\/\/www.confederaciondelcobre.cl\/wp-content\/uploads\/2025\/03\/photo_5107420666130444230_y-1-1.jpg 940w, https:\/\/www.confederaciondelcobre.cl\/wp-content\/uploads\/2025\/03\/photo_5107420666130444230_y-1-1-300x260.jpg 300w, https:\/\/www.confederaciondelcobre.cl\/wp-content\/uploads\/2025\/03\/photo_5107420666130444230_y-1-1-768x665.jpg 768w\" sizes=\"auto, (max-width: 940px) 100vw, 940px\" \/><\/figure>\n\n\n\n<p>En este acto la\u00a0<strong>presidenta de la CTC, Ana Lamas Aguirre<\/strong>, fue distinguida como una de las\u00a0<strong>Mujeres que han impulsado la Certificaci\u00f3n de Competencias<\/strong>, quien participa directamente en la implementaci\u00f3n de estos programas en su calidad de directora de\u00a0<strong>ChileValora<\/strong>, como tambi\u00e9n, promotora de estos procesos, desde nuestra organizaci\u00f3n, de la\u00a0<strong>Central Unitaria de Trabajadores<\/strong>\u00a0&#8211;<strong>CUT<\/strong>&#8211; y dentro de ellas.<\/p>\n\n\n\n<p>Es as\u00ed que junto a otras mujeres y dirigentes sindicales que han marcado un hito, impulsando tanto la certificaci\u00f3n laboral como tambi\u00e9n, a lo largo de sus trayectorias, han defendido la presencia de la fuerza laboral femenina en sectores hist\u00f3ricamente dominados por hombres, como en su caso, en el sector minero, y en el caso de otros rubros como el portuario, el comercio y la banca, y que con su experiencia, compromiso y liderazgo, han demostrado que es posible transformar realidades y abrir caminos para las generaciones futuras.<\/p>\n\n\n<div class=\"wp-block-image\">\n<figure class=\"alignleft size-large is-resized\"><img loading=\"lazy\" decoding=\"async\" width=\"1066\" height=\"1421\" src=\"https:\/\/www.confederaciondelcobre.cl\/wp-content\/uploads\/2025\/03\/WhatsApp-Image-2025-03-20-at-20.15.34-edited.jpeg\" alt=\"\" class=\"wp-image-5618\" style=\"width:302px;height:auto\" srcset=\"https:\/\/www.confederaciondelcobre.cl\/wp-content\/uploads\/2025\/03\/WhatsApp-Image-2025-03-20-at-20.15.34-edited.jpeg 1066w, https:\/\/www.confederaciondelcobre.cl\/wp-content\/uploads\/2025\/03\/WhatsApp-Image-2025-03-20-at-20.15.34-edited-225x300.jpeg 225w, https:\/\/www.confederaciondelcobre.cl\/wp-content\/uploads\/2025\/03\/WhatsApp-Image-2025-03-20-at-20.15.34-edited-768x1024.jpeg 768w\" sizes=\"auto, (max-width: 1066px) 100vw, 1066px\" \/><\/figure><\/div>\n\n\n<p>La\u00a0<strong>presidenta de la CTC<\/strong>\u00a0salud\u00f3 la actividad y su puesta en valor:\u00a0<\/p>\n\n\n\n<p><strong><em>\u201cQueremos agradecer este reconocimiento a quienes entregan lo mejor de s\u00ed en el trabajo, esto es fruto de un tremendo proceso de estudio e implementaci\u00f3n en conjunto, en donde para mi es un honor representar a las y los trabajadores de la miner\u00eda. Mi llamado es a seguir impulsando estas pol\u00edticas que permiten el desarrollo de cada persona, y otorgan una puesta en valor su trabajo, entregando m\u00e1s y mejores herramientas para los que no tuvimos la oportunidad de estudiar, y que nos hemos hecho expertas en diferentes \u00e1reas, especialidades y competencias.&nbsp;<\/em><\/strong><\/p>\n\n\n\n<p><strong>Ana Lamas Aguirre<\/strong>, no solo dirige desde la presidencia a la&nbsp;<strong>CTC<\/strong>, sino que tambi\u00e9n es madre, por lo que, para ella, la contribuci\u00f3n de la mujer representa una gran importancia como trabajadora<em>:&nbsp;<\/em><\/p>\n\n\n\n<p><strong><em>\u201cComo mujeres no solo tenemos responsabilidades en nuestros trabajos, si no que tenemos una doble labor, en donde la mayor\u00eda ejerce de alguna manera labores de cuidado en nuestros hogares, por eso, es que nuestro objetivo, es que todo vaya en beneficio de cada una, y de nuestras familias, teniendo siempre presentes que con nuestro trabajo aportamos al desarrollo del pa\u00eds y la sociedad.\u201d<\/em><\/strong><br><\/p>\n\n\n\n<p>La certificaci\u00f3n de competencias ha permitido acercar las herramientas de capacitaci\u00f3n a muchas mujeres, lo que solo ha sido posible el trabajo de muchas lideresas, por lo que <strong>ChileValora<\/strong> reconoci\u00f3 a quienes se han abocado en facilitar y permitir este trabajo, como lo son Mujeres Comprometidas con la Certificaci\u00f3n de Competencias Laborales, Dirigentas Sindicales, Mujeres certificadas en perfiles de competencias laborales en \u00e1mbitos tradicionalmente masculinos\u00a0y a empresas destacadas por certificaci\u00f3n de mujeres en 2024.<br><br>Cada una de estas mujeres lideresas y trabajadoras ha impulsado el reconocimiento y valorizaci\u00f3n del trabajo de otras mujeres en sectores de inmensa relevancia en nuestro pa\u00eds. Su ejemplo y dedicaci\u00f3n inspira y refuerza la importancia de avanzar hacia mayor equidad para que las oportunidades de desarrollo laboral y personal lleguen a todos y todas.<\/p>\n\n\n\n<figure class=\"wp-block-gallery has-nested-images columns-default is-cropped wp-block-gallery-1 is-layout-flex wp-block-gallery-is-layout-flex\">\n<figure class=\"wp-block-image size-large\"><img loading=\"lazy\" decoding=\"async\" width=\"788\" height=\"1024\" data-id=\"5619\" src=\"https:\/\/www.confederaciondelcobre.cl\/wp-content\/uploads\/2025\/03\/Captura-de-pantalla-2025-03-20-a-las-16.32.54-788x1024.png\" alt=\"\" class=\"wp-image-5619\" srcset=\"https:\/\/www.confederaciondelcobre.cl\/wp-content\/uploads\/2025\/03\/Captura-de-pantalla-2025-03-20-a-las-16.32.54-788x1024.png 788w, https:\/\/www.confederaciondelcobre.cl\/wp-content\/uploads\/2025\/03\/Captura-de-pantalla-2025-03-20-a-las-16.32.54-231x300.png 231w, https:\/\/www.confederaciondelcobre.cl\/wp-content\/uploads\/2025\/03\/Captura-de-pantalla-2025-03-20-a-las-16.32.54-768x998.png 768w, https:\/\/www.confederaciondelcobre.cl\/wp-content\/uploads\/2025\/03\/Captura-de-pantalla-2025-03-20-a-las-16.32.54.png 1034w\" sizes=\"auto, (max-width: 788px) 100vw, 788px\" \/><\/figure>\n\n\n\n<figure class=\"wp-block-image size-large\"><img loading=\"lazy\" decoding=\"async\" width=\"1024\" height=\"723\" data-id=\"5620\" src=\"https:\/\/www.confederaciondelcobre.cl\/wp-content\/uploads\/2025\/03\/WhatsApp-Image-2025-03-20-at-20.15.35-1024x723.jpeg\" alt=\"\" class=\"wp-image-5620\" srcset=\"https:\/\/www.confederaciondelcobre.cl\/wp-content\/uploads\/2025\/03\/WhatsApp-Image-2025-03-20-at-20.15.35-1024x723.jpeg 1024w, https:\/\/www.confederaciondelcobre.cl\/wp-content\/uploads\/2025\/03\/WhatsApp-Image-2025-03-20-at-20.15.35-300x212.jpeg 300w, https:\/\/www.confederaciondelcobre.cl\/wp-content\/uploads\/2025\/03\/WhatsApp-Image-2025-03-20-at-20.15.35-768x542.jpeg 768w, https:\/\/www.confederaciondelcobre.cl\/wp-content\/uploads\/2025\/03\/WhatsApp-Image-2025-03-20-at-20.15.35-1536x1085.jpeg 1536w, https:\/\/www.confederaciondelcobre.cl\/wp-content\/uploads\/2025\/03\/WhatsApp-Image-2025-03-20-at-20.15.35.jpeg 1599w\" sizes=\"auto, (max-width: 1024px) 100vw, 1024px\" \/><\/figure>\n\n\n\n<figure class=\"wp-block-image size-large\"><img loading=\"lazy\" decoding=\"async\" width=\"799\" height=\"1066\" data-id=\"5623\" src=\"https:\/\/www.confederaciondelcobre.cl\/wp-content\/uploads\/2025\/03\/WhatsApp-Image-2025-03-20-at-20.15.38-edited.jpeg\" alt=\"\" class=\"wp-image-5623\" srcset=\"https:\/\/www.confederaciondelcobre.cl\/wp-content\/uploads\/2025\/03\/WhatsApp-Image-2025-03-20-at-20.15.38-edited.jpeg 799w, https:\/\/www.confederaciondelcobre.cl\/wp-content\/uploads\/2025\/03\/WhatsApp-Image-2025-03-20-at-20.15.38-edited-225x300.jpeg 225w, https:\/\/www.confederaciondelcobre.cl\/wp-content\/uploads\/2025\/03\/WhatsApp-Image-2025-03-20-at-20.15.38-edited-768x1025.jpeg 768w\" sizes=\"auto, (max-width: 799px) 100vw, 799px\" \/><\/figure>\n<\/figure>\n","protected":false},"excerpt":{"rendered":"<p>SANTIAGO. Esta ma\u00f1ana, en una ceremonia que cont\u00f3 con la presencia del Subsecretario del Trabajo&nbsp;Giorgio Boccaro, en el marco del mes de la mujer,&nbsp;CHILEVALORA&nbsp;destac\u00f3 el aporte de mujeres que han &hellip; <\/p>\n","protected":false},"author":2,"featured_media":5614,"comment_status":"closed","ping_status":"closed","sticky":false,"template":"","format":"standard","meta":{"jetpack_post_was_ever_published":false,"_jetpack_newsletter_access":"","_jetpack_dont_email_post_to_subs":false,"_jetpack_newsletter_tier_id":0,"_jetpack_memberships_contains_paywalled_content":false,"_jetpack_memberships_contains_paid_content":false,"footnotes":"","jetpack_publicize_message":"","jetpack_publicize_feature_enabled":true,"jetpack_social_post_already_shared":true,"jetpack_social_options":{"image_generator_settings":{"template":"highway","default_image_id":0,"enabled":false},"version":2}},"categories":[9],"tags":[64,48,61,66,65],"class_list":["post-5612","post","type-post","status-publish","format-standard","has-post-thumbnail","hentry","category-confederacion","tag-chilevalora","tag-ctc","tag-mujer","tag-mujeres","tag-presidenciactc"],"jetpack_publicize_connections":[],"jetpack_featured_media_url":"https:\/\/www.confederaciondelcobre.cl\/wp-content\/uploads\/2025\/03\/WhatsApp-Image-2025-03-20-at-20.15.39.jpeg","jetpack_sharing_enabled":true,"post_mailing_queue_ids":[],"_links":{"self":[{"href":"https:\/\/www.confederaciondelcobre.cl\/index.php\/wp-json\/wp\/v2\/posts\/5612","targetHints":{"allow":["GET"]}}],"collection":[{"href":"https:\/\/www.confederaciondelcobre.cl\/index.php\/wp-json\/wp\/v2\/posts"}],"about":[{"href":"https:\/\/www.confederaciondelcobre.cl\/index.php\/wp-json\/wp\/v2\/types\/post"}],"author":[{"embeddable":true,"href":"https:\/\/www.confederaciondelcobre.cl\/index.php\/wp-json\/wp\/v2\/users\/2"}],"replies":[{"embeddable":true,"href":"https:\/\/www.confederaciondelcobre.cl\/index.php\/wp-json\/wp\/v2\/comments?post=5612"}],"version-history":[{"count":1,"href":"https:\/\/www.confederaciondelcobre.cl\/index.php\/wp-json\/wp\/v2\/posts\/5612\/revisions"}],"predecessor-version":[{"id":5624,"href":"https:\/\/www.confederaciondelcobre.cl\/index.php\/wp-json\/wp\/v2\/posts\/5612\/revisions\/5624"}],"wp:featuredmedia":[{"embeddable":true,"href":"https:\/\/www.confederaciondelcobre.cl\/index.php\/wp-json\/wp\/v2\/media\/5614"}],"wp:attachment":[{"href":"https:\/\/www.confederaciondelcobre.cl\/index.php\/wp-json\/wp\/v2\/media?parent=5612"}],"wp:term":[{"taxonomy":"category","embeddable":true,"href":"https:\/\/www.confederaciondelcobre.cl\/index.php\/wp-json\/wp\/v2\/categories?post=5612"},{"taxonomy":"post_tag","embeddable":true,"href":"https:\/\/www.confederaciondelcobre.cl\/index.php\/wp-json\/wp\/v2\/tags?post=5612"}],"curies":[{"name":"wp","href":"https:\/\/api.w.org\/{rel}","templated":true}]}}