{"id":562,"date":"2019-12-04T23:43:02","date_gmt":"2019-12-04T23:43:02","guid":{"rendered":"http:\/\/www.confederaciondelcobre.cl\/?p=562"},"modified":"2020-04-26T23:29:41","modified_gmt":"2020-04-26T23:29:41","slug":"cumbre-de-los-pueblos-en-la-usach","status":"publish","type":"post","link":"https:\/\/www.confederaciondelcobre.cl\/index.php\/2019\/12\/04\/cumbre-de-los-pueblos-en-la-usach\/","title":{"rendered":"Cumbre de Los Pueblos en la USACH"},"content":{"rendered":"\n<ul class=\"wp-block-list\"><li>Foro panel: &#8220;<strong>Impactos de la Cuarta Revoluci\u00f3n Industrial y nuevas tecnolog\u00edas, desaf\u00edos para los trabajadores y el mundo del trabajo<\/strong>&#8221; se desarroll\u00f3 el d\u00eda de hoy, con la participaci\u00f3n del Presidente de la Confederaci\u00f3n de Trabajadores del Cobre (CTC), Manuel Ahumada Letelier; Hugo Godoy, de la Central de Trabajadores de la Argentina (CTA Aut\u00f3noma); Nayareth Quevedo, en representaci\u00f3n de la Internacional de Servicios P\u00fablicos (ISP); Horacio Fuentes, Presidente de la Confederaci\u00f3n de Trabajadores Metal\u00fargicos (CONSTRAMET), Jordania Ure\u00f1a, en representaci\u00f3n de la Central Sindical de las Am\u00e9ricas (CSA) y, en la moderaci\u00f3n, Tamara Mu\u00f1oz, Vicepresidenta de Relaciones Internacionales de la Central Unitaria de Trabajadores (CUT Chile), en dependencias de la Universidad de Santiago de Chile (USACH).<\/li><\/ul>\n\n\n\n<p>Un evento cargado de amistad y camarader\u00eda es lo que se est\u00e1 viviendo estos d\u00edas en la Universidad de Santiago de Chile, a prop\u00f3sito de la realizaci\u00f3n de la <strong>Cumbre de los Pueblos<\/strong> y que en cuyo marco se est\u00e1n desarrollando distintas actividades, entre ellas (el d\u00eda de hoy) el Foro panel &#8220;<strong>Impactos de la Cuarta Revoluci\u00f3n Industrial y nuevas tecnolog\u00edas, desaf\u00edos para los trabajadores y el mundo del trabajo<\/strong>&#8220;. En la ocasi\u00f3n, las y los participantes, refiri\u00e9ndose a la realidad actual, donde el avance tecnol\u00f3gico es cada vez m\u00e1s progresivo, coincidieron en que se hace urgente construir y establecer una m\u00e1xima para la humanidad: poner a la persona en el centro. Lo anterior, en palabras simples, dice relaci\u00f3n con poner las nuevas tecnolog\u00edas al servicio de la humanidad en su conjunto y no, como lo ha sido hasta hoy, al servicio de intereses y capitales particulares.<\/p>\n\n\n\n<ul class=\"wp-block-list\"><li>Otro de los puntos en que coincidieron es en la constataci\u00f3n de que la realidad de un pueblo, o de los trabajadores de un pa\u00eds o naci\u00f3n, es una realidad que cruza fronteras y que se da pr\u00e1cticamente de forma generalizada a nivel global. Es por ello que en esta suerte de redise\u00f1o de la producci\u00f3n, impulsada por el avance tecnol\u00f3gico, donde el actual sistema y modelo econ\u00f3mico solo pretender\u00e1 profundizar el beneficio de intereses particulares, la palabra de las y los trabajadores es decisiva a la hora de revertir tal situaci\u00f3n, y que el beneficio que de all\u00ed surja sea para todas y todos y no solo para unos pocos.<\/li><\/ul>\n\n\n\n<figure class=\"wp-block-image\"><img loading=\"lazy\" decoding=\"async\" width=\"800\" height=\"533\" src=\"http:\/\/www.confederaciondelcobre.cl\/wp-content\/uploads\/2019\/12\/Manuel-Ahumada.jpg\" alt=\"\" class=\"wp-image-589\" srcset=\"https:\/\/www.confederaciondelcobre.cl\/wp-content\/uploads\/2019\/12\/Manuel-Ahumada.jpg 800w, https:\/\/www.confederaciondelcobre.cl\/wp-content\/uploads\/2019\/12\/Manuel-Ahumada-300x200.jpg 300w, https:\/\/www.confederaciondelcobre.cl\/wp-content\/uploads\/2019\/12\/Manuel-Ahumada-768x512.jpg 768w\" sizes=\"auto, (max-width: 800px) 100vw, 800px\" \/><figcaption>Manuel Ahumada Letelier, Presidente de la Confederaci\u00f3n de Trabajadores del Cobre (CTC)<\/figcaption><\/figure>\n\n\n\n<p>Por su parte, <strong>Manuel Ahumada Letelier, Presidente de la Confederaci\u00f3n de Trabajadores del Cobre (CTC)<\/strong>, parti\u00f3 su intervenci\u00f3n <strong>saludando la positiva noticia sobre la decisi\u00f3n de la USACH que<\/strong>, gracias al esfuerzo conjunto de trabajadores y estudiantes de la casa de estudios, <strong>internalizar\u00e1 a alrededor de 300 trabajadores del aseo<\/strong>. Lo anterior significa que aquellos trabajadores del aseo (90% mujeres) que prestan sus servicios a la Universidad, pero que actualmente lo hacen a trav\u00e9s de una empresa externa o contratista, ser\u00e1n contratados directamente por la USACH. El compromiso asumido, adem\u00e1s de implicar &#8220;un trato digno&#8221; para las y los trabajadores, significa que sus salarios, que hoy son de 301 mil pesos brutos, estar\u00e1n sobre la l\u00ednea de los 400 mil pesos l\u00edquidos, adem\u00e1s de recibir todos los beneficios que conlleva ser Empleado P\u00fablico.<\/p>\n\n\n\n<p><strong>El Presidente de la CTC destac\u00f3 que la medida adoptada por la Universidad deber\u00eda replicarse, no solo en el resto de las casas de estudio sino que en el mundo del trabajo en general<\/strong>. Se\u00f1al\u00f3 que la Confederaci\u00f3n de Trabajadores del Cobre, al ser  una organizaci\u00f3n que b\u00e1sicamente agrupa y organiza a las y los trabajadores contratistas y subcontratistas de la miner\u00eda del cobre nacional, tiene entre sus pilares pol\u00edtico-fundacionales, adem\u00e1s de la renacionalizaci\u00f3n del cobre y de los recursos naturales estrat\u00e9gicos, entre otros, la <strong>eliminaci\u00f3n del subcontrato pues este es un sistema que representa una de las peores formas de precarizaci\u00f3n laboral<\/strong>, y que la medida adoptada por la Universidad, por cuando al notable mejoramiento que significar\u00e1 en las condiciones laborales de buena parte de sus trabajadores, es muestra de aquello.  Es en ese sentido, entonces, que <strong>junto con saludar y felicitar este avance, Manuel Ahumada hizo un llamado a la Universidad en su conjunto, trabajadores y estudiantes, encabezada por su rector Juan Manuel Zolezzi, a seguir colaborando en el hist\u00f3rico esfuerzo de los trabajadores del pa\u00eds por avanzar hacia el reconocimiento de su dignidad. Que el convencimiento adquirido en la USACH, en relaci\u00f3n a poner fin al subcontrato, sea llevado y encuentre eco tambi\u00e9n fuera de la casa de estudios.<\/strong><\/p>\n\n\n\n<p>Finalmente la jornada termin\u00f3 con el reconocimiento y apoyo un\u00e1nime a las movilizaciones que se est\u00e1n dando en Chile, hace ya m\u00e1s de un mes, por reivindicaciones b\u00e1sicas y que son de toda justicia social. Reivindicaciones que buscan transformar la realidad actual de nuestro pa\u00eds, por otra que d\u00e9 justicia y dignidad a sus habitantes y trabajadores.<\/p>\n\n\n\n<figure class=\"wp-block-image\"><img loading=\"lazy\" decoding=\"async\" width=\"800\" height=\"533\" src=\"http:\/\/www.confederaciondelcobre.cl\/wp-content\/uploads\/2019\/12\/Panel-Cumbre.jpg\" alt=\"\" class=\"wp-image-579\" srcset=\"https:\/\/www.confederaciondelcobre.cl\/wp-content\/uploads\/2019\/12\/Panel-Cumbre.jpg 800w, https:\/\/www.confederaciondelcobre.cl\/wp-content\/uploads\/2019\/12\/Panel-Cumbre-300x200.jpg 300w, https:\/\/www.confederaciondelcobre.cl\/wp-content\/uploads\/2019\/12\/Panel-Cumbre-768x512.jpg 768w\" sizes=\"auto, (max-width: 800px) 100vw, 800px\" \/><\/figure>\n","protected":false},"excerpt":{"rendered":"<p>Foro panel: &#8220;Impactos de la Cuarta Revoluci\u00f3n Industrial y nuevas tecnolog\u00edas, desaf\u00edos para los trabajadores y el mundo del trabajo&#8221; se desarroll\u00f3 el d\u00eda de hoy, con la participaci\u00f3n del &hellip; <\/p>\n","protected":false},"author":2,"featured_media":563,"comment_status":"closed","ping_status":"closed","sticky":false,"template":"","format":"standard","meta":{"jetpack_post_was_ever_published":false,"_jetpack_newsletter_access":"","_jetpack_dont_email_post_to_subs":false,"_jetpack_newsletter_tier_id":0,"_jetpack_memberships_contains_paywalled_content":false,"_jetpack_memberships_contains_paid_content":false,"footnotes":"","jetpack_publicize_message":"","jetpack_publicize_feature_enabled":true,"jetpack_social_post_already_shared":false,"jetpack_social_options":{"image_generator_settings":{"template":"highway","default_image_id":0,"enabled":false},"version":2}},"categories":[9,27,13,15],"tags":[],"class_list":["post-562","post","type-post","status-publish","format-standard","has-post-thumbnail","hentry","category-confederacion","category-cut","category-internacional","category-nacional"],"jetpack_publicize_connections":[],"jetpack_featured_media_url":"https:\/\/www.confederaciondelcobre.cl\/wp-content\/uploads\/2019\/12\/Panel-Cumbre-de-los-Pueblos.jpg","jetpack_sharing_enabled":true,"post_mailing_queue_ids":[],"_links":{"self":[{"href":"https:\/\/www.confederaciondelcobre.cl\/index.php\/wp-json\/wp\/v2\/posts\/562","targetHints":{"allow":["GET"]}}],"collection":[{"href":"https:\/\/www.confederaciondelcobre.cl\/index.php\/wp-json\/wp\/v2\/posts"}],"about":[{"href":"https:\/\/www.confederaciondelcobre.cl\/index.php\/wp-json\/wp\/v2\/types\/post"}],"author":[{"embeddable":true,"href":"https:\/\/www.confederaciondelcobre.cl\/index.php\/wp-json\/wp\/v2\/users\/2"}],"replies":[{"embeddable":true,"href":"https:\/\/www.confederaciondelcobre.cl\/index.php\/wp-json\/wp\/v2\/comments?post=562"}],"version-history":[{"count":30,"href":"https:\/\/www.confederaciondelcobre.cl\/index.php\/wp-json\/wp\/v2\/posts\/562\/revisions"}],"predecessor-version":[{"id":595,"href":"https:\/\/www.confederaciondelcobre.cl\/index.php\/wp-json\/wp\/v2\/posts\/562\/revisions\/595"}],"wp:featuredmedia":[{"embeddable":true,"href":"https:\/\/www.confederaciondelcobre.cl\/index.php\/wp-json\/wp\/v2\/media\/563"}],"wp:attachment":[{"href":"https:\/\/www.confederaciondelcobre.cl\/index.php\/wp-json\/wp\/v2\/media?parent=562"}],"wp:term":[{"taxonomy":"category","embeddable":true,"href":"https:\/\/www.confederaciondelcobre.cl\/index.php\/wp-json\/wp\/v2\/categories?post=562"},{"taxonomy":"post_tag","embeddable":true,"href":"https:\/\/www.confederaciondelcobre.cl\/index.php\/wp-json\/wp\/v2\/tags?post=562"}],"curies":[{"name":"wp","href":"https:\/\/api.w.org\/{rel}","templated":true}]}}