{"id":5625,"date":"2025-04-08T15:27:59","date_gmt":"2025-04-08T19:27:59","guid":{"rendered":"https:\/\/www.confederaciondelcobre.cl\/?p=5625"},"modified":"2025-04-09T15:58:22","modified_gmt":"2025-04-09T19:58:22","slug":"ctmin-unidad-y-compromiso-sindical-marcan-el-cierre-del-3er-encuentro-nacional","status":"publish","type":"post","link":"https:\/\/www.confederaciondelcobre.cl\/index.php\/2025\/04\/08\/ctmin-unidad-y-compromiso-sindical-marcan-el-cierre-del-3er-encuentro-nacional\/","title":{"rendered":"CTMIN: UNIDAD Y COMPROMISO SINDICAL MARCAN EL CIERRE DEL TERCER ENCUENTRO NACIONAL"},"content":{"rendered":"\n<p>Entre los d\u00edas 24 y 26 de marzo se desarroll\u00f3 el Tercer Encuentro Nacional de Trabajadoras y Trabajadores de la Miner\u00eda. Las jornadas se realizaron en El Palomar, San Felipe, y reuni\u00f3 a las dirigencias de las organizaciones que conforman la Coordinadora de Trabajadores de la Miner\u00eda &#8211;<strong>CTMIN<\/strong>&nbsp;-, es decir, la Confederaci\u00f3n de Trabajadores el Cobre \u2013&nbsp;<strong>CTC<\/strong>-, la Federaci\u00f3n de Trabajadores Antofagasta Minerals \u2013&nbsp;<strong>FESAM<\/strong>&nbsp;-, la Federaci\u00f3n de Sindicatos de Supervisores Rol A y Profesionales de Codelco Chile \u2013&nbsp;<strong>FESUC<\/strong>-, , la Federaci\u00f3n de Supervisores de la Miner\u00eda Privada de Chile \u2013&nbsp;<strong>FESUMIN<\/strong>-, la Federaci\u00f3n Minera de Chile &#8211;<strong>FMC<\/strong>-, la Confederaci\u00f3n Minera de Chile, la Federaci\u00f3n de Trabajadores del Cobre &#8211;<strong>FTC<\/strong>-, y la Sociedad Chilena de Ergonom\u00eda &#8211;<strong>SoCHErgo<\/strong>-.<\/p>\n\n\n\n<p>El encuentro se desarroll\u00f3 bajo un gran ambiente de \u00e1nimo de sus participantes, y el motivo era principalmente la convergencia y el intercambio de la realidad actual de las y los trabajadores de la miner\u00eda de nuestro pa\u00eds, poniendo sobre la mesa los desaf\u00edos actuales y futuros, destacando la necesidad de mayor participaci\u00f3n en los debates sobre&nbsp;<strong>salud laboral, derechos previsionales, negociaciones colectivas y regulaci\u00f3n de la jornada laboral<\/strong>. Tambi\u00e9n se hizo un llamado a generar estrategias para una comunicaci\u00f3n m\u00e1s efectiva con las bases, asegurando que las decisiones y propuestas lleguen a todas y todos los trabajadores.<\/p>\n\n\n\n<p>La CTC cont\u00f3 con un gran n\u00famero de representantes, encabezados por su presidenta Ana Lamas Aguirre, la que fue acompa\u00f1ada por Francisco Cabezas, vicepresidente de la CTC; Stephanie Gonz\u00e1lez, secretaria general; Jedry V\u00e9liz, Tesorero; Patricio Roco, encargado de organizaci\u00f3n; Luis Marchant, encargado de comunicaciones; Daniel C\u00e1ceres, encargado de negociaci\u00f3n y conflicto; y los dirigentes sindicales, Claudio Murillo, Pdte. Sindicato SERVASOL; Miguel V\u00e1squez, Pdte. de la federaci\u00f3n FETRAMAC; y, Francisco Ibaceta, Pdte. de sindicato PUIC.<\/p>\n\n\n\n<p>Adem\u00e1s cont\u00f3 con las intervenciones de autoridades del trabajo y la miner\u00eda, encabezados por la Ministra de Miner\u00eda Aurora Williams, la subsecretaria de la cartera Suina Chahu\u00e1n y el subsecretario del Trabajo Pablo Zenteno, y el Vicepresidente de la CUT Eric Campos, entre otros, quienes entregaron los elementos para el debate que se gener\u00f3 durante el encuentro, lo que permiti\u00f3 abrir las visiones de quienes asistieron con gran participaci\u00f3n.<\/p>\n\n\n\n<p><strong>(V\u00eda Prensa CTMIN)  CTMIN: UNIDAD Y COMPROMISO SINDICAL MARCAN EL CIERRE DEL 3ER ENCUENTRO NACIONAL<\/strong><\/p>\n\n\n\n<p>Tras tres d\u00edas de trabajo intenso, el&nbsp;<strong>3er Encuentro Nacional CTMIN 2025<\/strong>&nbsp;lleg\u00f3 a su fin consolidando un concepto clave:&nbsp;<strong>CTMIN es una instancia de di\u00e1logo pol\u00edtico del mundo de las y los trabajadores de la miner\u00eda<\/strong>, con la capacidad de impulsar negociaciones tripartitas que incidan directamente en la reglamentaci\u00f3n laboral del sector.<\/p>\n\n\n\n<p>Durante la jornada final, las seis comisiones de trabajo expusieron sus principales conclusiones, abordando temas esenciales como la&nbsp;<strong>Negociaci\u00f3n Multinivel, G\u00e9nero y Diversidad, Salud y Seguridad, Impacto del Cambio Tecnol\u00f3gico y Transici\u00f3n Justa, Jornadas de Trabajo, Previsi\u00f3n y Trabajo Pesado en el sector minero<\/strong>. Adem\u00e1s, se discuti\u00f3 la importancia de la&nbsp;<strong>industrializaci\u00f3n y su valor agregado en la miner\u00eda<\/strong>, enfatizando la necesidad de potenciar las&nbsp;<strong>fundiciones y el refinado de cobre<\/strong>, as\u00ed como la&nbsp;<strong>recuperaci\u00f3n de otros metales valiosos<\/strong>&nbsp;en el proceso productivo.<\/p>\n\n\n\n<p>Tambi\u00e9n se hizo un llamado a generar estrategias para una comunicaci\u00f3n m\u00e1s efectiva con las bases, asegurando que las decisiones y propuestas de CTMIN lleguen a todas y todos los trabajadores.<\/p>\n\n\n\n<p>Si bien muchas de las discusiones lograron consensos importantes, hubo temas que quedaron abiertos y que exigen continuidad. Por ello, se acord\u00f3 la realizaci\u00f3n de un&nbsp;<strong>segundo encuentro nacional dentro del 2025<\/strong>, con el objetivo de seguir avanzando en propuestas concretas y articular una agenda sindical unificada que responda a las necesidades de la miner\u00eda chilena.<\/p>\n\n\n\n<p>Desde CTMIN, agradecemos a las siete organizaciones participantes y a todas y todos los dirigentes sindicales que, desde distintas regiones del pa\u00eds, viajaron para ser parte de este espacio de an\u00e1lisis y construcci\u00f3n colectiva. Su compromiso y participaci\u00f3n son fundamentales para seguir consolidando un sindicalismo fuerte y con incidencia real en la toma de decisiones.<\/p>\n\n\n\n<p>Asimismo, extendemos un especial reconocimiento y agradecimiento al&nbsp;<strong>comit\u00e9 organizador<\/strong>, cuya dedicaci\u00f3n y esfuerzo permitieron que estos tres d\u00edas de encuentro se desarrollaran con \u00e9xito. Gracias a su trabajo, CTMIN sigue fortaleciendo su rol como un espacio de di\u00e1logo y construcci\u00f3n sindical en la miner\u00eda chilena.<\/p>\n\n\n\n<p>Con un esp\u00edritu de unidad y con la certeza de que el trabajo contin\u00faa, CTMIN reafirma su compromiso con las y los trabajadores de la miner\u00eda, avanzando en la consolidaci\u00f3n de una organizaci\u00f3n capaz de influir en las pol\u00edticas laborales del sector y en la defensa de los derechos sindicales.<\/p>\n\n\n\n<figure class=\"wp-block-gallery has-nested-images columns-default is-cropped wp-block-gallery-1 is-layout-flex wp-block-gallery-is-layout-flex\">\n<figure class=\"wp-block-image size-large\"><img loading=\"lazy\" decoding=\"async\" width=\"1024\" height=\"682\" data-id=\"5634\" src=\"https:\/\/www.confederaciondelcobre.cl\/wp-content\/uploads\/2025\/04\/WhatsApp-Image-2025-04-09-at-15.26.49-2-1024x682.jpeg\" alt=\"\" class=\"wp-image-5634\" srcset=\"https:\/\/www.confederaciondelcobre.cl\/wp-content\/uploads\/2025\/04\/WhatsApp-Image-2025-04-09-at-15.26.49-2-1024x682.jpeg 1024w, https:\/\/www.confederaciondelcobre.cl\/wp-content\/uploads\/2025\/04\/WhatsApp-Image-2025-04-09-at-15.26.49-2-300x200.jpeg 300w, https:\/\/www.confederaciondelcobre.cl\/wp-content\/uploads\/2025\/04\/WhatsApp-Image-2025-04-09-at-15.26.49-2-768x512.jpeg 768w, https:\/\/www.confederaciondelcobre.cl\/wp-content\/uploads\/2025\/04\/WhatsApp-Image-2025-04-09-at-15.26.49-2-1536x1023.jpeg 1536w, https:\/\/www.confederaciondelcobre.cl\/wp-content\/uploads\/2025\/04\/WhatsApp-Image-2025-04-09-at-15.26.49-2.jpeg 1600w\" sizes=\"auto, (max-width: 1024px) 100vw, 1024px\" \/><\/figure>\n\n\n\n<figure class=\"wp-block-image size-large\"><img loading=\"lazy\" decoding=\"async\" width=\"1024\" height=\"682\" data-id=\"5639\" src=\"https:\/\/www.confederaciondelcobre.cl\/wp-content\/uploads\/2025\/04\/WhatsApp-Image-2025-04-09-at-15.26.49-1024x682.jpeg\" alt=\"\" class=\"wp-image-5639\" srcset=\"https:\/\/www.confederaciondelcobre.cl\/wp-content\/uploads\/2025\/04\/WhatsApp-Image-2025-04-09-at-15.26.49-1024x682.jpeg 1024w, https:\/\/www.confederaciondelcobre.cl\/wp-content\/uploads\/2025\/04\/WhatsApp-Image-2025-04-09-at-15.26.49-300x200.jpeg 300w, https:\/\/www.confederaciondelcobre.cl\/wp-content\/uploads\/2025\/04\/WhatsApp-Image-2025-04-09-at-15.26.49-768x512.jpeg 768w, https:\/\/www.confederaciondelcobre.cl\/wp-content\/uploads\/2025\/04\/WhatsApp-Image-2025-04-09-at-15.26.49-1536x1023.jpeg 1536w, https:\/\/www.confederaciondelcobre.cl\/wp-content\/uploads\/2025\/04\/WhatsApp-Image-2025-04-09-at-15.26.49.jpeg 1600w\" sizes=\"auto, (max-width: 1024px) 100vw, 1024px\" \/><\/figure>\n\n\n\n<figure class=\"wp-block-image size-large\"><img loading=\"lazy\" decoding=\"async\" width=\"1066\" height=\"1600\" data-id=\"5640\" src=\"https:\/\/www.confederaciondelcobre.cl\/wp-content\/uploads\/2025\/04\/WhatsApp-Image-2025-04-09-at-15.26.49-4-edited.jpeg\" alt=\"\" class=\"wp-image-5640\" srcset=\"https:\/\/www.confederaciondelcobre.cl\/wp-content\/uploads\/2025\/04\/WhatsApp-Image-2025-04-09-at-15.26.49-4-edited.jpeg 1066w, https:\/\/www.confederaciondelcobre.cl\/wp-content\/uploads\/2025\/04\/WhatsApp-Image-2025-04-09-at-15.26.49-4-edited-200x300.jpeg 200w, https:\/\/www.confederaciondelcobre.cl\/wp-content\/uploads\/2025\/04\/WhatsApp-Image-2025-04-09-at-15.26.49-4-edited-682x1024.jpeg 682w, https:\/\/www.confederaciondelcobre.cl\/wp-content\/uploads\/2025\/04\/WhatsApp-Image-2025-04-09-at-15.26.49-4-edited-768x1153.jpeg 768w, https:\/\/www.confederaciondelcobre.cl\/wp-content\/uploads\/2025\/04\/WhatsApp-Image-2025-04-09-at-15.26.49-4-edited-1023x1536.jpeg 1023w\" sizes=\"auto, (max-width: 1066px) 100vw, 1066px\" \/><\/figure>\n\n\n\n<figure class=\"wp-block-image size-large\"><img loading=\"lazy\" decoding=\"async\" width=\"1024\" height=\"682\" data-id=\"5638\" src=\"https:\/\/www.confederaciondelcobre.cl\/wp-content\/uploads\/2025\/04\/WhatsApp-Image-2025-04-09-at-15.26.49-5-1024x682.jpeg\" alt=\"\" class=\"wp-image-5638\" srcset=\"https:\/\/www.confederaciondelcobre.cl\/wp-content\/uploads\/2025\/04\/WhatsApp-Image-2025-04-09-at-15.26.49-5-1024x682.jpeg 1024w, https:\/\/www.confederaciondelcobre.cl\/wp-content\/uploads\/2025\/04\/WhatsApp-Image-2025-04-09-at-15.26.49-5-300x200.jpeg 300w, https:\/\/www.confederaciondelcobre.cl\/wp-content\/uploads\/2025\/04\/WhatsApp-Image-2025-04-09-at-15.26.49-5-768x512.jpeg 768w, https:\/\/www.confederaciondelcobre.cl\/wp-content\/uploads\/2025\/04\/WhatsApp-Image-2025-04-09-at-15.26.49-5-1536x1023.jpeg 1536w, https:\/\/www.confederaciondelcobre.cl\/wp-content\/uploads\/2025\/04\/WhatsApp-Image-2025-04-09-at-15.26.49-5.jpeg 1600w\" sizes=\"auto, (max-width: 1024px) 100vw, 1024px\" \/><\/figure>\n\n\n\n<figure class=\"wp-block-image size-large\"><img loading=\"lazy\" decoding=\"async\" width=\"1024\" height=\"682\" data-id=\"5636\" src=\"https:\/\/www.confederaciondelcobre.cl\/wp-content\/uploads\/2025\/04\/WhatsApp-Image-2025-04-09-at-15.26.49-6-1024x682.jpeg\" alt=\"\" class=\"wp-image-5636\" srcset=\"https:\/\/www.confederaciondelcobre.cl\/wp-content\/uploads\/2025\/04\/WhatsApp-Image-2025-04-09-at-15.26.49-6-1024x682.jpeg 1024w, https:\/\/www.confederaciondelcobre.cl\/wp-content\/uploads\/2025\/04\/WhatsApp-Image-2025-04-09-at-15.26.49-6-300x200.jpeg 300w, https:\/\/www.confederaciondelcobre.cl\/wp-content\/uploads\/2025\/04\/WhatsApp-Image-2025-04-09-at-15.26.49-6-768x512.jpeg 768w, https:\/\/www.confederaciondelcobre.cl\/wp-content\/uploads\/2025\/04\/WhatsApp-Image-2025-04-09-at-15.26.49-6-1536x1023.jpeg 1536w, https:\/\/www.confederaciondelcobre.cl\/wp-content\/uploads\/2025\/04\/WhatsApp-Image-2025-04-09-at-15.26.49-6.jpeg 1600w\" sizes=\"auto, (max-width: 1024px) 100vw, 1024px\" \/><\/figure>\n\n\n\n<figure class=\"wp-block-image size-large\"><img loading=\"lazy\" decoding=\"async\" width=\"1024\" height=\"682\" data-id=\"5637\" src=\"https:\/\/www.confederaciondelcobre.cl\/wp-content\/uploads\/2025\/04\/WhatsApp-Image-2025-04-09-at-15.26.49-7-1024x682.jpeg\" alt=\"\" class=\"wp-image-5637\" srcset=\"https:\/\/www.confederaciondelcobre.cl\/wp-content\/uploads\/2025\/04\/WhatsApp-Image-2025-04-09-at-15.26.49-7-1024x682.jpeg 1024w, https:\/\/www.confederaciondelcobre.cl\/wp-content\/uploads\/2025\/04\/WhatsApp-Image-2025-04-09-at-15.26.49-7-300x200.jpeg 300w, https:\/\/www.confederaciondelcobre.cl\/wp-content\/uploads\/2025\/04\/WhatsApp-Image-2025-04-09-at-15.26.49-7-768x512.jpeg 768w, https:\/\/www.confederaciondelcobre.cl\/wp-content\/uploads\/2025\/04\/WhatsApp-Image-2025-04-09-at-15.26.49-7-1536x1023.jpeg 1536w, https:\/\/www.confederaciondelcobre.cl\/wp-content\/uploads\/2025\/04\/WhatsApp-Image-2025-04-09-at-15.26.49-7.jpeg 1600w\" sizes=\"auto, (max-width: 1024px) 100vw, 1024px\" \/><\/figure>\n\n\n\n<figure class=\"wp-block-image size-large\"><img loading=\"lazy\" decoding=\"async\" width=\"1024\" height=\"682\" data-id=\"5635\" src=\"https:\/\/www.confederaciondelcobre.cl\/wp-content\/uploads\/2025\/04\/WhatsApp-Image-2025-04-09-at-15.26.49-3-1024x682.jpeg\" alt=\"\" class=\"wp-image-5635\" srcset=\"https:\/\/www.confederaciondelcobre.cl\/wp-content\/uploads\/2025\/04\/WhatsApp-Image-2025-04-09-at-15.26.49-3-1024x682.jpeg 1024w, https:\/\/www.confederaciondelcobre.cl\/wp-content\/uploads\/2025\/04\/WhatsApp-Image-2025-04-09-at-15.26.49-3-300x200.jpeg 300w, https:\/\/www.confederaciondelcobre.cl\/wp-content\/uploads\/2025\/04\/WhatsApp-Image-2025-04-09-at-15.26.49-3-768x512.jpeg 768w, https:\/\/www.confederaciondelcobre.cl\/wp-content\/uploads\/2025\/04\/WhatsApp-Image-2025-04-09-at-15.26.49-3-1536x1023.jpeg 1536w, https:\/\/www.confederaciondelcobre.cl\/wp-content\/uploads\/2025\/04\/WhatsApp-Image-2025-04-09-at-15.26.49-3.jpeg 1600w\" sizes=\"auto, (max-width: 1024px) 100vw, 1024px\" \/><\/figure>\n<\/figure>\n","protected":false},"excerpt":{"rendered":"<p>Entre los d\u00edas 24 y 26 de marzo se desarroll\u00f3 el Tercer Encuentro Nacional de Trabajadoras y Trabajadores de la Miner\u00eda. Las jornadas se realizaron en El Palomar, San Felipe, &hellip; <\/p>\n","protected":false},"author":2,"featured_media":5637,"comment_status":"closed","ping_status":"closed","sticky":false,"template":"","format":"standard","meta":{"jetpack_post_was_ever_published":false,"_jetpack_newsletter_access":"","_jetpack_dont_email_post_to_subs":false,"_jetpack_newsletter_tier_id":0,"_jetpack_memberships_contains_paywalled_content":false,"_jetpack_memberships_contains_paid_content":false,"footnotes":"","jetpack_publicize_message":"","jetpack_publicize_feature_enabled":true,"jetpack_social_post_already_shared":true,"jetpack_social_options":{"image_generator_settings":{"template":"highway","default_image_id":0,"enabled":false},"version":2}},"categories":[9],"tags":[48,46,44,38,67],"class_list":["post-5625","post","type-post","status-publish","format-standard","has-post-thumbnail","hentry","category-confederacion","tag-ctc","tag-ctmin","tag-sindicato","tag-sindicatos","tag-trabajadores"],"jetpack_publicize_connections":[],"jetpack_featured_media_url":"https:\/\/www.confederaciondelcobre.cl\/wp-content\/uploads\/2025\/04\/WhatsApp-Image-2025-04-09-at-15.26.49-7.jpeg","jetpack_sharing_enabled":true,"post_mailing_queue_ids":[],"_links":{"self":[{"href":"https:\/\/www.confederaciondelcobre.cl\/index.php\/wp-json\/wp\/v2\/posts\/5625","targetHints":{"allow":["GET"]}}],"collection":[{"href":"https:\/\/www.confederaciondelcobre.cl\/index.php\/wp-json\/wp\/v2\/posts"}],"about":[{"href":"https:\/\/www.confederaciondelcobre.cl\/index.php\/wp-json\/wp\/v2\/types\/post"}],"author":[{"embeddable":true,"href":"https:\/\/www.confederaciondelcobre.cl\/index.php\/wp-json\/wp\/v2\/users\/2"}],"replies":[{"embeddable":true,"href":"https:\/\/www.confederaciondelcobre.cl\/index.php\/wp-json\/wp\/v2\/comments?post=5625"}],"version-history":[{"count":3,"href":"https:\/\/www.confederaciondelcobre.cl\/index.php\/wp-json\/wp\/v2\/posts\/5625\/revisions"}],"predecessor-version":[{"id":5643,"href":"https:\/\/www.confederaciondelcobre.cl\/index.php\/wp-json\/wp\/v2\/posts\/5625\/revisions\/5643"}],"wp:featuredmedia":[{"embeddable":true,"href":"https:\/\/www.confederaciondelcobre.cl\/index.php\/wp-json\/wp\/v2\/media\/5637"}],"wp:attachment":[{"href":"https:\/\/www.confederaciondelcobre.cl\/index.php\/wp-json\/wp\/v2\/media?parent=5625"}],"wp:term":[{"taxonomy":"category","embeddable":true,"href":"https:\/\/www.confederaciondelcobre.cl\/index.php\/wp-json\/wp\/v2\/categories?post=5625"},{"taxonomy":"post_tag","embeddable":true,"href":"https:\/\/www.confederaciondelcobre.cl\/index.php\/wp-json\/wp\/v2\/tags?post=5625"}],"curies":[{"name":"wp","href":"https:\/\/api.w.org\/{rel}","templated":true}]}}