{"id":5644,"date":"2025-04-10T12:17:34","date_gmt":"2025-04-10T16:17:34","guid":{"rendered":"https:\/\/www.confederaciondelcobre.cl\/?p=5644"},"modified":"2025-04-10T12:19:56","modified_gmt":"2025-04-10T16:19:56","slug":"enfermedades-profesionales-ctc-respalda-proyecto-que-modifica-ley-en-comision-de-diputados","status":"publish","type":"post","link":"https:\/\/www.confederaciondelcobre.cl\/index.php\/2025\/04\/10\/enfermedades-profesionales-ctc-respalda-proyecto-que-modifica-ley-en-comision-de-diputados\/","title":{"rendered":"Enfermedades Profesionales: CTC respalda proyecto que modifica Ley en Comisi\u00f3n de Diputados junto a CTMIN"},"content":{"rendered":"\n<p>Valparaiso. El pasado 8 de abril, la\u00a0<strong>Presidenta de la Confederaci\u00f3n de Trabajadores del Cobre, Ana Lamas Aguirre<\/strong>, particip\u00f3 en la sesi\u00f3n n\u00famero 156 de la Comisi\u00f3n de Trabajo y Previsi\u00f3n Social de la C\u00e1mara de Diputados.<\/p>\n\n\n\n<p>La Comisi\u00f3n cont\u00f3 con la participaci\u00f3n del&nbsp;<strong>Subsecretario de Previsi\u00f3n Social, Claudio Reyes Barrientos<\/strong>, de la&nbsp;<strong>Superintendenta de Seguridad Social, Pamela Gana Barrientos<\/strong>; y de la&nbsp;<strong>Coordinadora de trabajadoras y trabajadores de la miner\u00eda- (CTMIN)<\/strong><\/p>\n\n\n\n<p>El objetivo de la sesi\u00f3n es continuar con el estudio del proyecto de ley originado en Mensaje de S.E. el Presidente de la Rep\u00fablica, que \u201cModifica la ley N\u00b0 16.744, para crear un nuevo sistema de calificaci\u00f3n de enfermedades profesionales y modifica las leyes que indica\u201d, correspondiente al bolet\u00edn N\u00ba 17.237-13, calificado con urgencia \u201csimple\u201d. Para ello,&nbsp;<strong>Juan Francisco \u00c1lvarez<\/strong>&nbsp;realiz\u00f3 una exposici\u00f3n para dar la visi\u00f3n de los Trabajadores y Trabajadoras de la Miner\u00eda, en la cual se\u00f1al\u00f3 que respaldan este anhelo,&nbsp;<em>\u201clograr la calificaci\u00f3n de enfermedades profesionales es muy relevante, nosotros como trabajadores de la miner\u00eda estamos constantemente expuestos a adquirir enfermedades y contagiarlas, y adem\u00e1s de contraer enfermedades durante el periodo de trabajo, qu\u00e9 despu\u00e9s de a\u00f1os el trabajador debe resolver inclusive jubilado.\u201d<\/em><\/p>\n\n\n\n<p>Adem\u00e1s, se\u00f1al\u00f3 que \u201cuna mala calificaci\u00f3n recae todo su peso en el trabajador, porque si esta es rechazada, tiene que asumir el costo en caso de qu\u00e9 esto se vea en el sistema de salud privado\u201d. Tambi\u00e9n indic\u00f3 qu\u00e9&nbsp;<em>\u201cComo CTMIN valoramos la creaci\u00f3n de una comisi\u00f3n tripartita, ya que como trabajadores podemos participar en este debate con Empresarios y el Gobierno, lo que ha dado frutos tan valiosos como la ratificaci\u00f3n del convenio 176 o las jornadas de 40 horas, y son una experiencia positiva, porque finalmente han dado pie a la generaci\u00f3n de nuevas leyes que protegen a los trabajadores, por eso, como Trabajadores y Trabajadoras de la Miner\u00eda, creemos que este proyecto de ley hace m\u00e1s eficiente el sistema de calificaci\u00f3n de enfermedades actual\u201d.<\/em><\/p>\n\n\n\n<p>Para\u00a0<strong>Ana Lamas Aguirre<\/strong>, es importante este proyecto de ley,\u00a0<strong><em>\u201c<strong><em>El sistema actual que opera bajo las mutuales debe modificarse, y esto, representa una lucha muy anhelada por nosotros. Con este proyecto de ley se podr\u00eda mejorar la vida de quienes estamos bajo el subcontrato, que es una forma de precarizaci\u00f3n del trabajo y de la vida de las personas, favoreciendo directamente a quienes hist\u00f3ricamente, adem\u00e1s, tambi\u00e9n son discriminados en este tema, adem\u00e1s, esta medida va enlazado con la ratificaci\u00f3n del convenio 176<\/em><\/strong>. Una calificaci\u00f3n correcta de las enfermedades profesionales permitir\u00e1 que con la creaci\u00f3n de una comisi\u00f3n independiente y aut\u00f3noma que vele por ello, cambia esta realidad. \u201c.\u00a0<\/em><\/strong><\/p>\n\n\n\n<p>Adem\u00e1s indic\u00f3 sus fundamentos para respaldar este proyecto de Ley,<em>\u00a0<\/em><strong><em>\u201cLos trabajadores contratistas y subcontratistas somos el 75% de la mano de obra de la industria, la miner\u00eda es un trabajo riesgoso y forzoso, por lo tanto, al final de nuestra vida laboral tenemos una cantidad importante de enfermedades profesionales, que hoy no est\u00e1n siendo calificada, porque los trabajadores del subcontrato no estamos en ninguna estad\u00edstica\u201d.<\/em><\/strong><\/p>\n\n\n\n<figure class=\"wp-block-image size-full\"><img loading=\"lazy\" decoding=\"async\" width=\"828\" height=\"594\" src=\"https:\/\/www.confederaciondelcobre.cl\/wp-content\/uploads\/2025\/04\/WhatsApp-Image-2025-04-09-at-17.20.43.jpeg\" alt=\"\" class=\"wp-image-5646\" srcset=\"https:\/\/www.confederaciondelcobre.cl\/wp-content\/uploads\/2025\/04\/WhatsApp-Image-2025-04-09-at-17.20.43.jpeg 828w, https:\/\/www.confederaciondelcobre.cl\/wp-content\/uploads\/2025\/04\/WhatsApp-Image-2025-04-09-at-17.20.43-300x215.jpeg 300w, https:\/\/www.confederaciondelcobre.cl\/wp-content\/uploads\/2025\/04\/WhatsApp-Image-2025-04-09-at-17.20.43-768x551.jpeg 768w\" sizes=\"auto, (max-width: 828px) 100vw, 828px\" \/><\/figure>\n","protected":false},"excerpt":{"rendered":"<p>Valparaiso. El pasado 8 de abril, la\u00a0Presidenta de la Confederaci\u00f3n de Trabajadores del Cobre, Ana Lamas Aguirre, particip\u00f3 en la sesi\u00f3n n\u00famero 156 de la Comisi\u00f3n de Trabajo y Previsi\u00f3n &hellip; <\/p>\n","protected":false},"author":2,"featured_media":5645,"comment_status":"closed","ping_status":"closed","sticky":false,"template":"","format":"standard","meta":{"jetpack_post_was_ever_published":false,"_jetpack_newsletter_access":"","_jetpack_dont_email_post_to_subs":false,"_jetpack_newsletter_tier_id":0,"_jetpack_memberships_contains_paywalled_content":false,"_jetpack_memberships_contains_paid_content":false,"footnotes":"","jetpack_publicize_message":"","jetpack_publicize_feature_enabled":true,"jetpack_social_post_already_shared":true,"jetpack_social_options":{"image_generator_settings":{"template":"highway","default_image_id":0,"enabled":false},"version":2}},"categories":[9],"tags":[48,46,38],"class_list":["post-5644","post","type-post","status-publish","format-standard","has-post-thumbnail","hentry","category-confederacion","tag-ctc","tag-ctmin","tag-sindicatos"],"jetpack_publicize_connections":[],"jetpack_featured_media_url":"https:\/\/www.confederaciondelcobre.cl\/wp-content\/uploads\/2025\/04\/WhatsApp-Image-2025-04-09-at-17.20.42-e1744233785599.jpeg","jetpack_sharing_enabled":true,"post_mailing_queue_ids":[],"_links":{"self":[{"href":"https:\/\/www.confederaciondelcobre.cl\/index.php\/wp-json\/wp\/v2\/posts\/5644","targetHints":{"allow":["GET"]}}],"collection":[{"href":"https:\/\/www.confederaciondelcobre.cl\/index.php\/wp-json\/wp\/v2\/posts"}],"about":[{"href":"https:\/\/www.confederaciondelcobre.cl\/index.php\/wp-json\/wp\/v2\/types\/post"}],"author":[{"embeddable":true,"href":"https:\/\/www.confederaciondelcobre.cl\/index.php\/wp-json\/wp\/v2\/users\/2"}],"replies":[{"embeddable":true,"href":"https:\/\/www.confederaciondelcobre.cl\/index.php\/wp-json\/wp\/v2\/comments?post=5644"}],"version-history":[{"count":4,"href":"https:\/\/www.confederaciondelcobre.cl\/index.php\/wp-json\/wp\/v2\/posts\/5644\/revisions"}],"predecessor-version":[{"id":5650,"href":"https:\/\/www.confederaciondelcobre.cl\/index.php\/wp-json\/wp\/v2\/posts\/5644\/revisions\/5650"}],"wp:featuredmedia":[{"embeddable":true,"href":"https:\/\/www.confederaciondelcobre.cl\/index.php\/wp-json\/wp\/v2\/media\/5645"}],"wp:attachment":[{"href":"https:\/\/www.confederaciondelcobre.cl\/index.php\/wp-json\/wp\/v2\/media?parent=5644"}],"wp:term":[{"taxonomy":"category","embeddable":true,"href":"https:\/\/www.confederaciondelcobre.cl\/index.php\/wp-json\/wp\/v2\/categories?post=5644"},{"taxonomy":"post_tag","embeddable":true,"href":"https:\/\/www.confederaciondelcobre.cl\/index.php\/wp-json\/wp\/v2\/tags?post=5644"}],"curies":[{"name":"wp","href":"https:\/\/api.w.org\/{rel}","templated":true}]}}