{"id":5651,"date":"2025-04-24T12:41:08","date_gmt":"2025-04-24T16:41:08","guid":{"rendered":"https:\/\/www.confederaciondelcobre.cl\/?p=5651"},"modified":"2025-04-24T16:49:30","modified_gmt":"2025-04-24T20:49:30","slug":"sindicato-servasol-inicia-negociacion-colectiva","status":"publish","type":"post","link":"https:\/\/www.confederaciondelcobre.cl\/index.php\/2025\/04\/24\/sindicato-servasol-inicia-negociacion-colectiva\/","title":{"rendered":"Sindicato SERVASOL inicia Negociaci\u00f3n Colectiva"},"content":{"rendered":"\n<p>NOTICIA EN DESARROLLO<\/p>\n\n\n\n<p>En Rancagua, el pasado 21 de abril, el sindicato SERVASOL El Teniente, organizaci\u00f3n que est\u00e1 adherida a la Federaci\u00f3n de Trabajadores Territorial del Cobre (FETRATEC), brazo org\u00e1nico en el territorio de la Confederaci\u00f3n de Trabajadores del Cobre (CTC), present\u00f3 el proyecto de negociaci\u00f3n colectiva  en las dependencias de la empresa, dando inicio a la renovaci\u00f3n de la negociaci\u00f3n colectiva reglada, con esto buscan seguir mejorando las condiciones laborales, sociales y beneficios en remuneraciones.<\/p>\n\n\n\n<p>El sindicato ahora se encuentra en la etapa de espera de la respuesta por parte de la empresa.<\/p>\n\n\n","protected":false},"excerpt":{"rendered":"<p>NOTICIA EN DESARROLLO En Rancagua, el pasado 21 de abril, el sindicato SERVASOL El Teniente, organizaci\u00f3n que est\u00e1 adherida a la Federaci\u00f3n de Trabajadores Territorial del Cobre (FETRATEC), brazo org\u00e1nico &hellip; <\/p>\n","protected":false},"author":2,"featured_media":5652,"comment_status":"closed","ping_status":"closed","sticky":false,"template":"","format":"standard","meta":{"jetpack_post_was_ever_published":false,"_jetpack_newsletter_access":"","_jetpack_dont_email_post_to_subs":false,"_jetpack_newsletter_tier_id":0,"_jetpack_memberships_contains_paywalled_content":false,"_jetpack_memberships_contains_paid_content":false,"footnotes":"","jetpack_publicize_message":"","jetpack_publicize_feature_enabled":true,"jetpack_social_post_already_shared":true,"jetpack_social_options":{"image_generator_settings":{"template":"highway","default_image_id":0,"enabled":false},"version":2}},"categories":[9],"tags":[],"class_list":["post-5651","post","type-post","status-publish","format-standard","has-post-thumbnail","hentry","category-confederacion"],"jetpack_publicize_connections":[],"jetpack_featured_media_url":"https:\/\/www.confederaciondelcobre.cl\/wp-content\/uploads\/2025\/04\/WhatsApp-Image-2025-04-23-at-10.52.27.jpeg","jetpack_sharing_enabled":true,"post_mailing_queue_ids":[],"_links":{"self":[{"href":"https:\/\/www.confederaciondelcobre.cl\/index.php\/wp-json\/wp\/v2\/posts\/5651","targetHints":{"allow":["GET"]}}],"collection":[{"href":"https:\/\/www.confederaciondelcobre.cl\/index.php\/wp-json\/wp\/v2\/posts"}],"about":[{"href":"https:\/\/www.confederaciondelcobre.cl\/index.php\/wp-json\/wp\/v2\/types\/post"}],"author":[{"embeddable":true,"href":"https:\/\/www.confederaciondelcobre.cl\/index.php\/wp-json\/wp\/v2\/users\/2"}],"replies":[{"embeddable":true,"href":"https:\/\/www.confederaciondelcobre.cl\/index.php\/wp-json\/wp\/v2\/comments?post=5651"}],"version-history":[{"count":1,"href":"https:\/\/www.confederaciondelcobre.cl\/index.php\/wp-json\/wp\/v2\/posts\/5651\/revisions"}],"predecessor-version":[{"id":5653,"href":"https:\/\/www.confederaciondelcobre.cl\/index.php\/wp-json\/wp\/v2\/posts\/5651\/revisions\/5653"}],"wp:featuredmedia":[{"embeddable":true,"href":"https:\/\/www.confederaciondelcobre.cl\/index.php\/wp-json\/wp\/v2\/media\/5652"}],"wp:attachment":[{"href":"https:\/\/www.confederaciondelcobre.cl\/index.php\/wp-json\/wp\/v2\/media?parent=5651"}],"wp:term":[{"taxonomy":"category","embeddable":true,"href":"https:\/\/www.confederaciondelcobre.cl\/index.php\/wp-json\/wp\/v2\/categories?post=5651"},{"taxonomy":"post_tag","embeddable":true,"href":"https:\/\/www.confederaciondelcobre.cl\/index.php\/wp-json\/wp\/v2\/tags?post=5651"}],"curies":[{"name":"wp","href":"https:\/\/api.w.org\/{rel}","templated":true}]}}