{"id":5654,"date":"2025-04-25T19:45:03","date_gmt":"2025-04-25T23:45:03","guid":{"rendered":"https:\/\/www.confederaciondelcobre.cl\/?p=5654"},"modified":"2025-04-25T19:45:11","modified_gmt":"2025-04-25T23:45:11","slug":"sindicato-de-trabajadores-de-empresa-hereme-en-inminente-huelga","status":"publish","type":"post","link":"https:\/\/www.confederaciondelcobre.cl\/index.php\/2025\/04\/25\/sindicato-de-trabajadores-de-empresa-hereme-en-inminente-huelga\/","title":{"rendered":"Sindicato de Trabajadores de Empresa HEREME en Inminente Huelga"},"content":{"rendered":"\n<p>Los Andes | El&nbsp;<strong>Sindicato de Trabajadores de la Empresa HEREME<\/strong>, que opera en la Subdivisi\u00f3n Andina, se encuentra en proceso de negociaci\u00f3n colectiva desde el 14 de marzo de esta a\u00f1o, sin embargo, los esfuerzos por lograr acuerdo han sido infructuosos.<\/p>\n\n\n\n<p><strong>Francisco Ibaceta<\/strong>,&nbsp;<strong>presidente de la Federaci\u00f3n de Trabajadores de la Miner\u00eda de Aconcagua, FETRAMAC<\/strong>, indic\u00f3 que la empresa respondi\u00f3 el petitorio de manera insuficiente y que la posibilidad de huelga es inminente:&nbsp;<em>\u201cNos encontramos en la votaci\u00f3n de la \u00faltima oferta, pero la empresa no nos ha respondido con las condiciones que estamos pidiendo, nosotros estamos en busca de mejoras salariales y mejores condiciones laborales y sociales.\u201d<\/em><\/p>\n\n\n\n<p>El sindicato que se form\u00f3 en enero de 2025, est\u00e1 conformado por 20 trabajadores, los que est\u00e1n decididos a llegar a todas las instancias legales posibles para tener un trabajo decente y lograr su calidad de vida.<\/p>\n\n\n\n<p>#fetramac #sindicato #negociacioncolectiva <\/p>\n\n\n<div class=\"wp-block-site-logo\"><a href=\"https:\/\/www.confederaciondelcobre.cl\/\" class=\"custom-logo-link\" rel=\"home\"><img loading=\"lazy\" decoding=\"async\" width=\"544\" height=\"66\" src=\"https:\/\/www.confederaciondelcobre.cl\/wp-content\/uploads\/2023\/01\/TituloWebCTC.png\" class=\"custom-logo\" alt=\"Confederaci\u00f3n de Trabajadores del Cobre &#8211; CTC\" srcset=\"https:\/\/www.confederaciondelcobre.cl\/wp-content\/uploads\/2023\/01\/TituloWebCTC.png 606w, https:\/\/www.confederaciondelcobre.cl\/wp-content\/uploads\/2023\/01\/TituloWebCTC-300x37.png 300w\" sizes=\"auto, (max-width: 544px) 100vw, 544px\" \/><\/a><\/div>","protected":false},"excerpt":{"rendered":"<p>Los Andes | El&nbsp;Sindicato de Trabajadores de la Empresa HEREME, que opera en la Subdivisi\u00f3n Andina, se encuentra en proceso de negociaci\u00f3n colectiva desde el 14 de marzo de esta &hellip; <\/p>\n","protected":false},"author":2,"featured_media":5656,"comment_status":"closed","ping_status":"closed","sticky":false,"template":"","format":"standard","meta":{"jetpack_post_was_ever_published":false,"_jetpack_newsletter_access":"","_jetpack_dont_email_post_to_subs":false,"_jetpack_newsletter_tier_id":0,"_jetpack_memberships_contains_paywalled_content":false,"_jetpack_memberships_contains_paid_content":false,"footnotes":"","jetpack_publicize_message":"","jetpack_publicize_feature_enabled":true,"jetpack_social_post_already_shared":true,"jetpack_social_options":{"image_generator_settings":{"template":"highway","default_image_id":0,"enabled":false},"version":2}},"categories":[9],"tags":[38],"class_list":["post-5654","post","type-post","status-publish","format-standard","has-post-thumbnail","hentry","category-confederacion","tag-sindicatos"],"jetpack_publicize_connections":[],"jetpack_featured_media_url":"https:\/\/www.confederaciondelcobre.cl\/wp-content\/uploads\/2025\/04\/Plantillas-CTC-1080-x-1350-px-3.png","jetpack_sharing_enabled":true,"post_mailing_queue_ids":[],"_links":{"self":[{"href":"https:\/\/www.confederaciondelcobre.cl\/index.php\/wp-json\/wp\/v2\/posts\/5654","targetHints":{"allow":["GET"]}}],"collection":[{"href":"https:\/\/www.confederaciondelcobre.cl\/index.php\/wp-json\/wp\/v2\/posts"}],"about":[{"href":"https:\/\/www.confederaciondelcobre.cl\/index.php\/wp-json\/wp\/v2\/types\/post"}],"author":[{"embeddable":true,"href":"https:\/\/www.confederaciondelcobre.cl\/index.php\/wp-json\/wp\/v2\/users\/2"}],"replies":[{"embeddable":true,"href":"https:\/\/www.confederaciondelcobre.cl\/index.php\/wp-json\/wp\/v2\/comments?post=5654"}],"version-history":[{"count":1,"href":"https:\/\/www.confederaciondelcobre.cl\/index.php\/wp-json\/wp\/v2\/posts\/5654\/revisions"}],"predecessor-version":[{"id":5657,"href":"https:\/\/www.confederaciondelcobre.cl\/index.php\/wp-json\/wp\/v2\/posts\/5654\/revisions\/5657"}],"wp:featuredmedia":[{"embeddable":true,"href":"https:\/\/www.confederaciondelcobre.cl\/index.php\/wp-json\/wp\/v2\/media\/5656"}],"wp:attachment":[{"href":"https:\/\/www.confederaciondelcobre.cl\/index.php\/wp-json\/wp\/v2\/media?parent=5654"}],"wp:term":[{"taxonomy":"category","embeddable":true,"href":"https:\/\/www.confederaciondelcobre.cl\/index.php\/wp-json\/wp\/v2\/categories?post=5654"},{"taxonomy":"post_tag","embeddable":true,"href":"https:\/\/www.confederaciondelcobre.cl\/index.php\/wp-json\/wp\/v2\/tags?post=5654"}],"curies":[{"name":"wp","href":"https:\/\/api.w.org\/{rel}","templated":true}]}}