{"id":5658,"date":"2025-04-25T22:13:43","date_gmt":"2025-04-26T02:13:43","guid":{"rendered":"https:\/\/www.confederaciondelcobre.cl\/?p=5658"},"modified":"2025-04-25T22:13:50","modified_gmt":"2025-04-26T02:13:50","slug":"la-ctc-participa-en-la-primera-sesion-del-cosoc-del-instituto-de-seguridad-laboral-valparaiso-provincia-san-felipe","status":"publish","type":"post","link":"https:\/\/www.confederaciondelcobre.cl\/index.php\/2025\/04\/25\/la-ctc-participa-en-la-primera-sesion-del-cosoc-del-instituto-de-seguridad-laboral-valparaiso-provincia-san-felipe\/","title":{"rendered":"La CTC participa en la Primera Sesi\u00f3n del COSOC del Instituto de Seguridad Laboral Valpara\u00edso Provincia San Felipe\u00a0"},"content":{"rendered":"\n<p>SAN FELIPE | El pasado mi\u00e9rcoles 23 de abril se llev\u00f3 a cabo la Sesi\u00f3n N\u00b0 1 del Consejo de la Sociedad Civil (COSOC) del Instituto de Seguridad Laboral (ISL) Valpara\u00edso Provincia San Felipe. En la oportunidad, se cont\u00f3 con la presencia del Director Regional del ISL de la Regi\u00f3n de Valpara\u00edso, Maycol G\u00f3mez Vergara, quien dio inicio y salud\u00f3 a los representantes sindicales que asistieron. Durante la sesi\u00f3n se destac\u00f3 la importancia de conformar este Consejo en la provincia de San Felipe, con el objetivo de difundir los servicios del ISL y descentralizar la atenci\u00f3n hacia las provincias, facilitando as\u00ed el acceso a la informaci\u00f3n y servicios a las trabajadoras y trabajadores de la regi\u00f3n.&nbsp;<\/p>\n\n\n\n<p>El Director Regional enfatiz\u00f3 la importancia de desarrollar un trabajo continuo, conjunto y colaborativo en este Consejo de la Sociedad Civil para abordar las necesidades en materia de seguridad laboral en la provincia. Se espera que en futuras sesiones se aborden temas espec\u00edficos relacionados con la seguridad laboral y se desarrollen planes de acci\u00f3n para abordar las necesidades de la provincia.&nbsp;<\/p>\n\n\n\n<p>En representaci\u00f3n de la Federaci\u00f3n de Trabajadores de la Miner\u00eda de Aconcagua \u2013 FETRAMAC &#8211; y de la Confederaci\u00f3n de Trabajadores del Cobre, asistieron los Directores Nacionales Claudio Escobar y Jedry Velis Palma, quienes manifestaron la importancia de que se abran estos espacios para conocer las necesidades de las trabajadoras y trabajadores como es en la miner\u00eda, principalmente de trabajadores de empresas contratistas y del sector agr\u00edcola que son dos \u00e1reas productivas importantes en la zona, en esta \u00faltima, sobre los trabajadores temporeros, quienes en la oportunidad, los dirigentes entregaron testimonios de las condiciones inseguras y\u00a0\u00a0altos riesgos en que trabajan sus representados.\u00a0<\/p>\n\n\n\n<figure class=\"wp-block-image size-large\"><img loading=\"lazy\" decoding=\"async\" width=\"1024\" height=\"683\" src=\"https:\/\/www.confederaciondelcobre.cl\/wp-content\/uploads\/2025\/04\/WhatsApp-Image-2025-04-25-at-22.08.35-2-1024x683.jpeg\" alt=\"\" class=\"wp-image-5663\" srcset=\"https:\/\/www.confederaciondelcobre.cl\/wp-content\/uploads\/2025\/04\/WhatsApp-Image-2025-04-25-at-22.08.35-2-1024x683.jpeg 1024w, https:\/\/www.confederaciondelcobre.cl\/wp-content\/uploads\/2025\/04\/WhatsApp-Image-2025-04-25-at-22.08.35-2-300x200.jpeg 300w, https:\/\/www.confederaciondelcobre.cl\/wp-content\/uploads\/2025\/04\/WhatsApp-Image-2025-04-25-at-22.08.35-2-768x512.jpeg 768w, https:\/\/www.confederaciondelcobre.cl\/wp-content\/uploads\/2025\/04\/WhatsApp-Image-2025-04-25-at-22.08.35-2.jpeg 1152w\" sizes=\"auto, (max-width: 1024px) 100vw, 1024px\" \/><\/figure>\n\n\n\n<!--more-->\n\n\n\n<figure class=\"wp-block-image size-large\"><img loading=\"lazy\" decoding=\"async\" width=\"1024\" height=\"724\" src=\"https:\/\/www.confederaciondelcobre.cl\/wp-content\/uploads\/2025\/04\/\u00bfQue-es-un-Cosoc-y-cuales-son-sus-objetivos-1024x724.png\" alt=\"\" class=\"wp-image-5659\" srcset=\"https:\/\/www.confederaciondelcobre.cl\/wp-content\/uploads\/2025\/04\/\u00bfQue-es-un-Cosoc-y-cuales-son-sus-objetivos-1024x724.png 1024w, https:\/\/www.confederaciondelcobre.cl\/wp-content\/uploads\/2025\/04\/\u00bfQue-es-un-Cosoc-y-cuales-son-sus-objetivos-300x212.png 300w, https:\/\/www.confederaciondelcobre.cl\/wp-content\/uploads\/2025\/04\/\u00bfQue-es-un-Cosoc-y-cuales-son-sus-objetivos-768x543.png 768w, https:\/\/www.confederaciondelcobre.cl\/wp-content\/uploads\/2025\/04\/\u00bfQue-es-un-Cosoc-y-cuales-son-sus-objetivos-1536x1086.png 1536w, https:\/\/www.confederaciondelcobre.cl\/wp-content\/uploads\/2025\/04\/\u00bfQue-es-un-Cosoc-y-cuales-son-sus-objetivos-2048x1448.png 2048w\" sizes=\"auto, (max-width: 1024px) 100vw, 1024px\" \/><\/figure>\n\n\n<div class=\"wp-block-site-logo\"><a href=\"https:\/\/www.confederaciondelcobre.cl\/\" class=\"custom-logo-link\" rel=\"home\"><img loading=\"lazy\" decoding=\"async\" width=\"442\" height=\"53\" src=\"https:\/\/www.confederaciondelcobre.cl\/wp-content\/uploads\/2023\/01\/TituloWebCTC.png\" class=\"custom-logo\" alt=\"Confederaci\u00f3n de Trabajadores del Cobre &#8211; CTC\" srcset=\"https:\/\/www.confederaciondelcobre.cl\/wp-content\/uploads\/2023\/01\/TituloWebCTC.png 606w, https:\/\/www.confederaciondelcobre.cl\/wp-content\/uploads\/2023\/01\/TituloWebCTC-300x37.png 300w\" sizes=\"auto, (max-width: 442px) 100vw, 442px\" \/><\/a><\/div>","protected":false},"excerpt":{"rendered":"<p>SAN FELIPE | El pasado mi\u00e9rcoles 23 de abril se llev\u00f3 a cabo la Sesi\u00f3n N\u00b0 1 del Consejo de la Sociedad Civil (COSOC) del Instituto de Seguridad Laboral (ISL) &hellip; <\/p>\n","protected":false},"author":2,"featured_media":5664,"comment_status":"closed","ping_status":"closed","sticky":false,"template":"","format":"standard","meta":{"jetpack_post_was_ever_published":false,"_jetpack_newsletter_access":"","_jetpack_dont_email_post_to_subs":false,"_jetpack_newsletter_tier_id":0,"_jetpack_memberships_contains_paywalled_content":false,"_jetpack_memberships_contains_paid_content":false,"footnotes":"","jetpack_publicize_message":"","jetpack_publicize_feature_enabled":true,"jetpack_social_post_already_shared":true,"jetpack_social_options":{"image_generator_settings":{"template":"highway","default_image_id":0,"enabled":false},"version":2}},"categories":[9],"tags":[68,48],"class_list":["post-5658","post","type-post","status-publish","format-standard","has-post-thumbnail","hentry","category-confederacion","tag-cosoc","tag-ctc"],"jetpack_publicize_connections":[],"jetpack_featured_media_url":"https:\/\/www.confederaciondelcobre.cl\/wp-content\/uploads\/2025\/04\/WhatsApp-Image-2025-04-25-at-22.08.35.jpeg","jetpack_sharing_enabled":true,"post_mailing_queue_ids":[],"_links":{"self":[{"href":"https:\/\/www.confederaciondelcobre.cl\/index.php\/wp-json\/wp\/v2\/posts\/5658","targetHints":{"allow":["GET"]}}],"collection":[{"href":"https:\/\/www.confederaciondelcobre.cl\/index.php\/wp-json\/wp\/v2\/posts"}],"about":[{"href":"https:\/\/www.confederaciondelcobre.cl\/index.php\/wp-json\/wp\/v2\/types\/post"}],"author":[{"embeddable":true,"href":"https:\/\/www.confederaciondelcobre.cl\/index.php\/wp-json\/wp\/v2\/users\/2"}],"replies":[{"embeddable":true,"href":"https:\/\/www.confederaciondelcobre.cl\/index.php\/wp-json\/wp\/v2\/comments?post=5658"}],"version-history":[{"count":1,"href":"https:\/\/www.confederaciondelcobre.cl\/index.php\/wp-json\/wp\/v2\/posts\/5658\/revisions"}],"predecessor-version":[{"id":5665,"href":"https:\/\/www.confederaciondelcobre.cl\/index.php\/wp-json\/wp\/v2\/posts\/5658\/revisions\/5665"}],"wp:featuredmedia":[{"embeddable":true,"href":"https:\/\/www.confederaciondelcobre.cl\/index.php\/wp-json\/wp\/v2\/media\/5664"}],"wp:attachment":[{"href":"https:\/\/www.confederaciondelcobre.cl\/index.php\/wp-json\/wp\/v2\/media?parent=5658"}],"wp:term":[{"taxonomy":"category","embeddable":true,"href":"https:\/\/www.confederaciondelcobre.cl\/index.php\/wp-json\/wp\/v2\/categories?post=5658"},{"taxonomy":"post_tag","embeddable":true,"href":"https:\/\/www.confederaciondelcobre.cl\/index.php\/wp-json\/wp\/v2\/tags?post=5658"}],"curies":[{"name":"wp","href":"https:\/\/api.w.org\/{rel}","templated":true}]}}