{"id":5667,"date":"2025-04-28T12:27:00","date_gmt":"2025-04-28T16:27:00","guid":{"rendered":"https:\/\/www.confederaciondelcobre.cl\/?p=5667"},"modified":"2025-04-28T12:27:03","modified_gmt":"2025-04-28T16:27:03","slug":"sindicato-de-trabajadores-de-empresa-kdm-industrial-se-afilio-a-fesitram","status":"publish","type":"post","link":"https:\/\/www.confederaciondelcobre.cl\/index.php\/2025\/04\/28\/sindicato-de-trabajadores-de-empresa-kdm-industrial-se-afilio-a-fesitram\/","title":{"rendered":"Sindicato de Trabajadores de Empresa KDM Industrial se afili\u00f3 a FESITRAM"},"content":{"rendered":"\n<p>En Calama, el pasado 22 de abril, el Sindicato de Trabajadores de Empresa KDM Industrial S.A. llev\u00f3 a cabo la votaci\u00f3n de solicitud de incorporaci\u00f3n a la Federaci\u00f3n de Sindicatos de Trabajadores de la Miner\u00eda y Organizaciones Afines de la 2da regi\u00f3n &#8211; FESITRAM-, brazo org\u00e1nico de la Confederaci\u00f3n de Trabajadores del Cobre.<\/p>\n\n\n\n<p>Con esta nueva afiliaci\u00f3n, aprobada con amplia mayor\u00eda, se incorporaron a FESITRAM 193 nuevos socios.&nbsp;<\/p>\n\n\n\n<p>Para FESITRAM, esto es el resultado de un trabajo constante con los trabajadores:&nbsp;<strong><em>\u201cLa incorpaci\u00f3n de este sindicato es una muestra de que la \u00fanica forma de buscar y mejorar sus derechos es a trav\u00e9s de la afiliaci\u00f3n a las llamadas organizaciones madres, a la federaci\u00f3n en Calama y a la Confederaci\u00f3n a nivel nacional\u201d<\/em><\/strong>, as\u00ed lo indic\u00f3 Jos\u00e9 Mardones, director de la Federaci\u00f3n, quien adem\u00e1s destac\u00f3 el inter\u00e9s de los trabajadores por el Acuerdo Marco:&nbsp;&nbsp;<strong><em>\u201cAgradecemos a los trabajadores, socios y socias, en especial a sus tres dirigentes, la posibilidad que nos dieron de conversar con los trabajadores, y de informar los procesos del Acuerdo Marco que en muchos casos, hay varios incumplimientos y muchas formas de proceder de Codelco junto con las empresas contratistas que no corresponden a lo que est\u00e1 escrito en el Acuerdo Marco y eso lo hemos denunciado constantemente<\/em><\/strong>\u201d.<\/p>\n\n\n\n<p>Finalmente, indic\u00f3 que este paso, tiene una especial relevancia a la hora de la Unidad entre los trabajadores:\u00a0<strong><em>\u201cAgradecemos esta incorporaci\u00f3n, estamos trabajando para fortalecernos para que los trabajadores comprendan que avanzaremos a trav\u00e9s de la unidad de los trabajadores contratistas en la Confederaci\u00f3n de Trabajadores del Cobre. Hacemos un llamado a todos los trabajadores contratistas que prestan servicios en diferentes divisiones, a tomar conciencia y a dar el paso en el que podremos avanzar juntos, en grandes procesos de cambio que todas y todos los trabajadores buscamos. Hoy es el momento de exigirle a Codelco y a las empresas contratistas a cumplir a cabalidad el Acuerdo Marco que hemos suscrito el a\u00f1o 2022 como Confederaci\u00f3n\u201d<\/em><\/strong>.<\/p>\n\n\n\n<figure class=\"wp-block-gallery has-nested-images columns-default is-cropped wp-block-gallery-1 is-layout-flex wp-block-gallery-is-layout-flex\">\n<figure class=\"wp-block-image size-large\"><img loading=\"lazy\" decoding=\"async\" width=\"1024\" height=\"576\" data-id=\"5669\" src=\"https:\/\/www.confederaciondelcobre.cl\/wp-content\/uploads\/2025\/04\/WhatsApp-Image-2025-04-24-at-18.37.20-1024x576.jpeg\" alt=\"\" class=\"wp-image-5669\" srcset=\"https:\/\/www.confederaciondelcobre.cl\/wp-content\/uploads\/2025\/04\/WhatsApp-Image-2025-04-24-at-18.37.20-1024x576.jpeg 1024w, https:\/\/www.confederaciondelcobre.cl\/wp-content\/uploads\/2025\/04\/WhatsApp-Image-2025-04-24-at-18.37.20-300x169.jpeg 300w, https:\/\/www.confederaciondelcobre.cl\/wp-content\/uploads\/2025\/04\/WhatsApp-Image-2025-04-24-at-18.37.20-768x432.jpeg 768w, https:\/\/www.confederaciondelcobre.cl\/wp-content\/uploads\/2025\/04\/WhatsApp-Image-2025-04-24-at-18.37.20-1536x864.jpeg 1536w, https:\/\/www.confederaciondelcobre.cl\/wp-content\/uploads\/2025\/04\/WhatsApp-Image-2025-04-24-at-18.37.20.jpeg 1599w\" sizes=\"auto, (max-width: 1024px) 100vw, 1024px\" \/><\/figure>\n\n\n\n<figure class=\"wp-block-image size-large\"><img loading=\"lazy\" decoding=\"async\" width=\"1024\" height=\"576\" data-id=\"5670\" src=\"https:\/\/www.confederaciondelcobre.cl\/wp-content\/uploads\/2025\/04\/WhatsApp-Image-2025-04-24-at-18.37.20-2-1024x576.jpeg\" alt=\"\" class=\"wp-image-5670\" srcset=\"https:\/\/www.confederaciondelcobre.cl\/wp-content\/uploads\/2025\/04\/WhatsApp-Image-2025-04-24-at-18.37.20-2-1024x576.jpeg 1024w, https:\/\/www.confederaciondelcobre.cl\/wp-content\/uploads\/2025\/04\/WhatsApp-Image-2025-04-24-at-18.37.20-2-300x169.jpeg 300w, https:\/\/www.confederaciondelcobre.cl\/wp-content\/uploads\/2025\/04\/WhatsApp-Image-2025-04-24-at-18.37.20-2-768x432.jpeg 768w, https:\/\/www.confederaciondelcobre.cl\/wp-content\/uploads\/2025\/04\/WhatsApp-Image-2025-04-24-at-18.37.20-2-1536x864.jpeg 1536w, https:\/\/www.confederaciondelcobre.cl\/wp-content\/uploads\/2025\/04\/WhatsApp-Image-2025-04-24-at-18.37.20-2.jpeg 1599w\" sizes=\"auto, (max-width: 1024px) 100vw, 1024px\" \/><\/figure>\n<\/figure>\n\n\n<div class=\"wp-block-site-logo\"><a href=\"https:\/\/www.confederaciondelcobre.cl\/\" class=\"custom-logo-link\" rel=\"home\"><img loading=\"lazy\" decoding=\"async\" width=\"522\" height=\"63\" src=\"https:\/\/www.confederaciondelcobre.cl\/wp-content\/uploads\/2023\/01\/TituloWebCTC.png\" class=\"custom-logo\" alt=\"Confederaci\u00f3n de Trabajadores del Cobre &#8211; CTC\" srcset=\"https:\/\/www.confederaciondelcobre.cl\/wp-content\/uploads\/2023\/01\/TituloWebCTC.png 606w, https:\/\/www.confederaciondelcobre.cl\/wp-content\/uploads\/2023\/01\/TituloWebCTC-300x37.png 300w\" sizes=\"auto, (max-width: 522px) 100vw, 522px\" \/><\/a><\/div>","protected":false},"excerpt":{"rendered":"<p>En Calama, el pasado 22 de abril, el Sindicato de Trabajadores de Empresa KDM Industrial S.A. llev\u00f3 a cabo la votaci\u00f3n de solicitud de incorporaci\u00f3n a la Federaci\u00f3n de Sindicatos &hellip; <\/p>\n","protected":false},"author":2,"featured_media":5668,"comment_status":"closed","ping_status":"closed","sticky":false,"template":"","format":"standard","meta":{"jetpack_post_was_ever_published":false,"_jetpack_newsletter_access":"","_jetpack_dont_email_post_to_subs":false,"_jetpack_newsletter_tier_id":0,"_jetpack_memberships_contains_paywalled_content":false,"_jetpack_memberships_contains_paid_content":false,"footnotes":"","jetpack_publicize_message":"","jetpack_publicize_feature_enabled":true,"jetpack_social_post_already_shared":true,"jetpack_social_options":{"image_generator_settings":{"template":"highway","default_image_id":0,"enabled":false},"version":2}},"categories":[9],"tags":[48,69,38,67],"class_list":["post-5667","post","type-post","status-publish","format-standard","has-post-thumbnail","hentry","category-confederacion","tag-ctc","tag-federacion","tag-sindicatos","tag-trabajadores"],"jetpack_publicize_connections":[],"jetpack_featured_media_url":"https:\/\/www.confederaciondelcobre.cl\/wp-content\/uploads\/2025\/04\/WhatsApp-Image-2025-04-24-at-18.37.21.jpeg","jetpack_sharing_enabled":true,"post_mailing_queue_ids":[],"_links":{"self":[{"href":"https:\/\/www.confederaciondelcobre.cl\/index.php\/wp-json\/wp\/v2\/posts\/5667","targetHints":{"allow":["GET"]}}],"collection":[{"href":"https:\/\/www.confederaciondelcobre.cl\/index.php\/wp-json\/wp\/v2\/posts"}],"about":[{"href":"https:\/\/www.confederaciondelcobre.cl\/index.php\/wp-json\/wp\/v2\/types\/post"}],"author":[{"embeddable":true,"href":"https:\/\/www.confederaciondelcobre.cl\/index.php\/wp-json\/wp\/v2\/users\/2"}],"replies":[{"embeddable":true,"href":"https:\/\/www.confederaciondelcobre.cl\/index.php\/wp-json\/wp\/v2\/comments?post=5667"}],"version-history":[{"count":1,"href":"https:\/\/www.confederaciondelcobre.cl\/index.php\/wp-json\/wp\/v2\/posts\/5667\/revisions"}],"predecessor-version":[{"id":5671,"href":"https:\/\/www.confederaciondelcobre.cl\/index.php\/wp-json\/wp\/v2\/posts\/5667\/revisions\/5671"}],"wp:featuredmedia":[{"embeddable":true,"href":"https:\/\/www.confederaciondelcobre.cl\/index.php\/wp-json\/wp\/v2\/media\/5668"}],"wp:attachment":[{"href":"https:\/\/www.confederaciondelcobre.cl\/index.php\/wp-json\/wp\/v2\/media?parent=5667"}],"wp:term":[{"taxonomy":"category","embeddable":true,"href":"https:\/\/www.confederaciondelcobre.cl\/index.php\/wp-json\/wp\/v2\/categories?post=5667"},{"taxonomy":"post_tag","embeddable":true,"href":"https:\/\/www.confederaciondelcobre.cl\/index.php\/wp-json\/wp\/v2\/tags?post=5667"}],"curies":[{"name":"wp","href":"https:\/\/api.w.org\/{rel}","templated":true}]}}