{"id":5672,"date":"2025-05-02T23:01:24","date_gmt":"2025-05-03T03:01:24","guid":{"rendered":"https:\/\/www.confederaciondelcobre.cl\/?p=5672"},"modified":"2025-05-07T00:18:22","modified_gmt":"2025-05-07T04:18:22","slug":"1-de-mayo-con-multitudinaria-marcha-se-conmemoro-el-dia-internacional-del-trabajo-en-marcha-convocada-por-la-cut","status":"publish","type":"post","link":"https:\/\/www.confederaciondelcobre.cl\/index.php\/2025\/05\/02\/1-de-mayo-con-multitudinaria-marcha-se-conmemoro-el-dia-internacional-del-trabajo-en-marcha-convocada-por-la-cut\/","title":{"rendered":"1 DE MAYO:\u00a0Con multitudinaria marcha se conmemor\u00f3 el D\u00eda Internacional del Trabajo en marcha convocada por la CUT.\u00a0"},"content":{"rendered":"\n<p>SANTIAGO. Miles de trabajadoras y Trabajadores se desplegaron por la Alameda de Santiago en respuesta al llamado que hizo la CUT a la marcha que conmemora el D\u00eda Internacional del Trabajo&nbsp;cuyo acto central se realiz\u00f3 en las inmediaciones del Centro Cultural Gabriela Mistral.<\/p>\n\n\n\n<p>A la movilizaci\u00f3n se plegaron diversos gremios y sindicatos, en donde tambi\u00e9n,&nbsp;la Confederaci\u00f3n de Trabajadores del Cobre, adhiri\u00f3 a la marcha, representando a los trabajadores subcontratados del cobre, los m\u00e1s precarizados, pleg\u00e1ndose a las demandas qu\u00e9 se exigen al gobierno, como la Negociaci\u00f3n Ramal, la igualdad salarial de g\u00e9nero, entre otros.<\/p>\n\n\n\n<p>La marcha fue encabezada por el&nbsp;<strong>presidente de la CUT, David Acu\u00f1a<\/strong>, quien en su discurso se\u00f1al\u00f3 el recorrido de la Central junto a los trabajadores durante el \u00faltimo a\u00f1o, en donde destac\u00f3 que&nbsp;\u201c<em>siempre seremos la contraparte de los Gobiernos de turno, nos movilizamos el a\u00f1o pasado el 11 de abril, el 28 de noviembre, con el gran paro del sector p\u00fablico, y este a\u00f1o partimos con una marcha del 3 de abril, entonces en un a\u00f1o hemos tenido tres grandes movilizaciones las cuales nos han permitido tambi\u00e9n avanzar en distintas instancias\u201d.<\/em>&nbsp;Adem\u00e1s se\u00f1al\u00f3&nbsp;<em>\u201cnuestra premisa ha sido di\u00e1logo y movilizaci\u00f3n, porque es fundamental. Los dirigentes sindicales somos actores pol\u00edticos sindicales, somos actores sociales, somos actores generadores de cambio, entonces nos hemos movilizado en conjunto, tanto los trabajadores del mundo p\u00fablico, como tambi\u00e9n los del mundo privado, con las limitaciones que tienen los trabajadores tambi\u00e9n del mundo privado, pero efectivamente nos hemos movilizado\u201d<\/em>.<\/p>\n\n\n\n<p>Por parte de la&nbsp;<strong>Confederaci\u00f3n de Trabajadores del Cobre, su presidenta, Ana Lamas Aguirre<\/strong>&nbsp;indic\u00f3:&nbsp;<strong><em>\u201cSaludamos a todas las compa\u00f1eras y compa\u00f1eros trabajadores, y un d\u00eda como hoy, rendimos homenaje a todos quienes han luchado por nuestros derechos, y que nos inspiran a seguir luchando por la Negociaci\u00f3n Ramal, un Salario Vital, y por la Seguridad y Salud en las minas para que nunca m\u00e1s la producci\u00f3n est\u00e9 por sobre las vidas, as\u00ed tendremos un trabajo decente y con dignidad, por eso,&nbsp;<\/em><\/strong><strong><em>reconocemos avances, pero como trabajadores necesitamos concretar los cambios, para eso hacemos un llamado a la unidad, y a la organizaci\u00f3n de todas y todos los trabajadores\u201d.<\/em><\/strong><\/p>\n\n\n\n<p>La conmemoraci\u00f3n del D\u00eda internacional del Trabajador no s\u00f3lo fue realizada en Santiago, sino tambi\u00e9n en todas las regiones del pa\u00eds, en donde tambi\u00e9n, se cont\u00f3 con gran convocatoria, ejemplo de ello son nuestros compa\u00f1eros de <strong>Iquique y Calama<\/strong>, quienes se plegaron en marchas y jornadas de reflexi\u00f3n.<\/p>\n\n\n\n<div class=\"wp-block-jetpack-slideshow\"><div data-effect=\"slide\"><div class=\"wp-block-jetpack-slideshow_container swiper-container\"><ul class=\"wp-block-jetpack-slideshow_swiper-wrapper swiper-wrapper\"><li class=\"wp-block-jetpack-slideshow_slide swiper-slide\"><figure><img loading=\"lazy\" decoding=\"async\" width=\"1024\" height=\"771\" alt=\"\" class=\"wp-block-jetpack-slideshow_image wp-image-5711\" data-id=\"5711\" src=\"https:\/\/www.confederaciondelcobre.cl\/wp-content\/uploads\/2025\/05\/WhatsApp-Image-2025-05-02-at-16.19.32-2-1024x771.jpeg\" srcset=\"https:\/\/www.confederaciondelcobre.cl\/wp-content\/uploads\/2025\/05\/WhatsApp-Image-2025-05-02-at-16.19.32-2-1024x771.jpeg 1024w, https:\/\/www.confederaciondelcobre.cl\/wp-content\/uploads\/2025\/05\/WhatsApp-Image-2025-05-02-at-16.19.32-2-300x226.jpeg 300w, https:\/\/www.confederaciondelcobre.cl\/wp-content\/uploads\/2025\/05\/WhatsApp-Image-2025-05-02-at-16.19.32-2-768x578.jpeg 768w, https:\/\/www.confederaciondelcobre.cl\/wp-content\/uploads\/2025\/05\/WhatsApp-Image-2025-05-02-at-16.19.32-2-1536x1156.jpeg 1536w, https:\/\/www.confederaciondelcobre.cl\/wp-content\/uploads\/2025\/05\/WhatsApp-Image-2025-05-02-at-16.19.32-2.jpeg 1600w\" sizes=\"auto, (max-width: 1024px) 100vw, 1024px\" \/><\/figure><\/li><li class=\"wp-block-jetpack-slideshow_slide swiper-slide\"><figure><img loading=\"lazy\" decoding=\"async\" width=\"1600\" height=\"1204\" alt=\"\" class=\"wp-block-jetpack-slideshow_image wp-image-5712\" data-id=\"5712\" src=\"https:\/\/www.confederaciondelcobre.cl\/wp-content\/uploads\/2025\/05\/WhatsApp-Image-2025-05-02-at-16.19.32.jpeg\" srcset=\"https:\/\/www.confederaciondelcobre.cl\/wp-content\/uploads\/2025\/05\/WhatsApp-Image-2025-05-02-at-16.19.32.jpeg 1600w, https:\/\/www.confederaciondelcobre.cl\/wp-content\/uploads\/2025\/05\/WhatsApp-Image-2025-05-02-at-16.19.32-300x226.jpeg 300w, https:\/\/www.confederaciondelcobre.cl\/wp-content\/uploads\/2025\/05\/WhatsApp-Image-2025-05-02-at-16.19.32-1024x771.jpeg 1024w, https:\/\/www.confederaciondelcobre.cl\/wp-content\/uploads\/2025\/05\/WhatsApp-Image-2025-05-02-at-16.19.32-768x578.jpeg 768w, https:\/\/www.confederaciondelcobre.cl\/wp-content\/uploads\/2025\/05\/WhatsApp-Image-2025-05-02-at-16.19.32-1536x1156.jpeg 1536w\" sizes=\"auto, (max-width: 1600px) 100vw, 1600px\" \/><\/figure><\/li><li class=\"wp-block-jetpack-slideshow_slide swiper-slide\"><figure><img loading=\"lazy\" decoding=\"async\" width=\"1600\" height=\"1200\" alt=\"\" class=\"wp-block-jetpack-slideshow_image wp-image-5713\" data-id=\"5713\" src=\"https:\/\/www.confederaciondelcobre.cl\/wp-content\/uploads\/2025\/05\/93322c05-6cf0-4709-82ee-cccb602786cf.jpg\" srcset=\"https:\/\/www.confederaciondelcobre.cl\/wp-content\/uploads\/2025\/05\/93322c05-6cf0-4709-82ee-cccb602786cf.jpg 1600w, https:\/\/www.confederaciondelcobre.cl\/wp-content\/uploads\/2025\/05\/93322c05-6cf0-4709-82ee-cccb602786cf-300x225.jpg 300w, https:\/\/www.confederaciondelcobre.cl\/wp-content\/uploads\/2025\/05\/93322c05-6cf0-4709-82ee-cccb602786cf-1024x768.jpg 1024w, https:\/\/www.confederaciondelcobre.cl\/wp-content\/uploads\/2025\/05\/93322c05-6cf0-4709-82ee-cccb602786cf-768x576.jpg 768w, https:\/\/www.confederaciondelcobre.cl\/wp-content\/uploads\/2025\/05\/93322c05-6cf0-4709-82ee-cccb602786cf-1536x1152.jpg 1536w\" sizes=\"auto, (max-width: 1600px) 100vw, 1600px\" \/><\/figure><\/li><li class=\"wp-block-jetpack-slideshow_slide swiper-slide\"><figure><img loading=\"lazy\" decoding=\"async\" width=\"1600\" height=\"1200\" alt=\"\" class=\"wp-block-jetpack-slideshow_image wp-image-5714\" data-id=\"5714\" src=\"https:\/\/www.confederaciondelcobre.cl\/wp-content\/uploads\/2025\/05\/b1615538-3923-443d-adf2-f77a0e37aed0.jpg\" srcset=\"https:\/\/www.confederaciondelcobre.cl\/wp-content\/uploads\/2025\/05\/b1615538-3923-443d-adf2-f77a0e37aed0.jpg 1600w, https:\/\/www.confederaciondelcobre.cl\/wp-content\/uploads\/2025\/05\/b1615538-3923-443d-adf2-f77a0e37aed0-300x225.jpg 300w, https:\/\/www.confederaciondelcobre.cl\/wp-content\/uploads\/2025\/05\/b1615538-3923-443d-adf2-f77a0e37aed0-1024x768.jpg 1024w, https:\/\/www.confederaciondelcobre.cl\/wp-content\/uploads\/2025\/05\/b1615538-3923-443d-adf2-f77a0e37aed0-768x576.jpg 768w, https:\/\/www.confederaciondelcobre.cl\/wp-content\/uploads\/2025\/05\/b1615538-3923-443d-adf2-f77a0e37aed0-1536x1152.jpg 1536w\" sizes=\"auto, (max-width: 1600px) 100vw, 1600px\" \/><\/figure><\/li><\/ul><a class=\"wp-block-jetpack-slideshow_button-prev swiper-button-prev swiper-button-white\" role=\"button\"><\/a><a class=\"wp-block-jetpack-slideshow_button-next swiper-button-next swiper-button-white\" role=\"button\"><\/a><a aria-label=\"Pause Slideshow\" class=\"wp-block-jetpack-slideshow_button-pause\" role=\"button\"><\/a><div class=\"wp-block-jetpack-slideshow_pagination swiper-pagination swiper-pagination-white\"><\/div><\/div><\/div><\/div>\n\n\n\n<p>\u00a1Arriba los que Luchan y no se rinden jam\u00e1s!<\/p>\n\n\n\n<p><strong>Galer\u00eda de la marcha en Santiago: Fotograf\u00eda Andres Huerta.<\/strong><\/p>\n\n\n\n<p><\/p>\n\n\n\n<figure class=\"wp-block-gallery has-nested-images columns-default is-cropped wp-block-gallery-1 is-layout-flex wp-block-gallery-is-layout-flex\">\n<figure class=\"wp-block-image size-large\"><img loading=\"lazy\" decoding=\"async\" width=\"1024\" height=\"683\" data-id=\"5678\" src=\"https:\/\/www.confederaciondelcobre.cl\/wp-content\/uploads\/2025\/05\/DSC_1509-1024x683.jpg\" alt=\"\" class=\"wp-image-5678\" srcset=\"https:\/\/www.confederaciondelcobre.cl\/wp-content\/uploads\/2025\/05\/DSC_1509-1024x683.jpg 1024w, https:\/\/www.confederaciondelcobre.cl\/wp-content\/uploads\/2025\/05\/DSC_1509-300x200.jpg 300w, https:\/\/www.confederaciondelcobre.cl\/wp-content\/uploads\/2025\/05\/DSC_1509-768x512.jpg 768w, https:\/\/www.confederaciondelcobre.cl\/wp-content\/uploads\/2025\/05\/DSC_1509-1536x1024.jpg 1536w, https:\/\/www.confederaciondelcobre.cl\/wp-content\/uploads\/2025\/05\/DSC_1509.jpg 2048w\" sizes=\"auto, (max-width: 1024px) 100vw, 1024px\" \/><\/figure>\n\n\n\n<figure class=\"wp-block-image size-large\"><img loading=\"lazy\" decoding=\"async\" width=\"1024\" height=\"683\" data-id=\"5676\" src=\"https:\/\/www.confederaciondelcobre.cl\/wp-content\/uploads\/2025\/05\/DSC_1512-1024x683.jpg\" alt=\"\" class=\"wp-image-5676\" srcset=\"https:\/\/www.confederaciondelcobre.cl\/wp-content\/uploads\/2025\/05\/DSC_1512-1024x683.jpg 1024w, https:\/\/www.confederaciondelcobre.cl\/wp-content\/uploads\/2025\/05\/DSC_1512-300x200.jpg 300w, https:\/\/www.confederaciondelcobre.cl\/wp-content\/uploads\/2025\/05\/DSC_1512-768x512.jpg 768w, https:\/\/www.confederaciondelcobre.cl\/wp-content\/uploads\/2025\/05\/DSC_1512-1536x1024.jpg 1536w, https:\/\/www.confederaciondelcobre.cl\/wp-content\/uploads\/2025\/05\/DSC_1512.jpg 2048w\" sizes=\"auto, (max-width: 1024px) 100vw, 1024px\" \/><\/figure>\n\n\n\n<figure class=\"wp-block-image size-large\"><img loading=\"lazy\" decoding=\"async\" width=\"1024\" height=\"683\" data-id=\"5673\" src=\"https:\/\/www.confederaciondelcobre.cl\/wp-content\/uploads\/2025\/05\/DSC_1513-1024x683.jpg\" alt=\"\" class=\"wp-image-5673\" srcset=\"https:\/\/www.confederaciondelcobre.cl\/wp-content\/uploads\/2025\/05\/DSC_1513-1024x683.jpg 1024w, https:\/\/www.confederaciondelcobre.cl\/wp-content\/uploads\/2025\/05\/DSC_1513-300x200.jpg 300w, https:\/\/www.confederaciondelcobre.cl\/wp-content\/uploads\/2025\/05\/DSC_1513-768x512.jpg 768w, https:\/\/www.confederaciondelcobre.cl\/wp-content\/uploads\/2025\/05\/DSC_1513-1536x1024.jpg 1536w, https:\/\/www.confederaciondelcobre.cl\/wp-content\/uploads\/2025\/05\/DSC_1513.jpg 2048w\" sizes=\"auto, (max-width: 1024px) 100vw, 1024px\" \/><\/figure>\n\n\n\n<figure class=\"wp-block-image size-large\"><img loading=\"lazy\" decoding=\"async\" width=\"1024\" height=\"683\" data-id=\"5677\" src=\"https:\/\/www.confederaciondelcobre.cl\/wp-content\/uploads\/2025\/05\/DSC_1522-1024x683.jpg\" alt=\"\" class=\"wp-image-5677\" srcset=\"https:\/\/www.confederaciondelcobre.cl\/wp-content\/uploads\/2025\/05\/DSC_1522-1024x683.jpg 1024w, https:\/\/www.confederaciondelcobre.cl\/wp-content\/uploads\/2025\/05\/DSC_1522-300x200.jpg 300w, https:\/\/www.confederaciondelcobre.cl\/wp-content\/uploads\/2025\/05\/DSC_1522-768x512.jpg 768w, https:\/\/www.confederaciondelcobre.cl\/wp-content\/uploads\/2025\/05\/DSC_1522-1536x1024.jpg 1536w, https:\/\/www.confederaciondelcobre.cl\/wp-content\/uploads\/2025\/05\/DSC_1522.jpg 2048w\" sizes=\"auto, (max-width: 1024px) 100vw, 1024px\" \/><\/figure>\n\n\n\n<figure class=\"wp-block-image size-large\"><img loading=\"lazy\" decoding=\"async\" width=\"683\" height=\"1024\" data-id=\"5680\" src=\"https:\/\/www.confederaciondelcobre.cl\/wp-content\/uploads\/2025\/05\/DSC_1526-683x1024.jpg\" alt=\"\" class=\"wp-image-5680\" srcset=\"https:\/\/www.confederaciondelcobre.cl\/wp-content\/uploads\/2025\/05\/DSC_1526-683x1024.jpg 683w, https:\/\/www.confederaciondelcobre.cl\/wp-content\/uploads\/2025\/05\/DSC_1526-200x300.jpg 200w, https:\/\/www.confederaciondelcobre.cl\/wp-content\/uploads\/2025\/05\/DSC_1526-768x1152.jpg 768w, https:\/\/www.confederaciondelcobre.cl\/wp-content\/uploads\/2025\/05\/DSC_1526-1024x1536.jpg 1024w, https:\/\/www.confederaciondelcobre.cl\/wp-content\/uploads\/2025\/05\/DSC_1526.jpg 1365w\" sizes=\"auto, (max-width: 683px) 100vw, 683px\" \/><\/figure>\n\n\n\n<figure class=\"wp-block-image size-large\"><img loading=\"lazy\" decoding=\"async\" width=\"1024\" height=\"683\" data-id=\"5681\" src=\"https:\/\/www.confederaciondelcobre.cl\/wp-content\/uploads\/2025\/05\/DSC_1529-1024x683.jpg\" alt=\"\" class=\"wp-image-5681\" srcset=\"https:\/\/www.confederaciondelcobre.cl\/wp-content\/uploads\/2025\/05\/DSC_1529-1024x683.jpg 1024w, https:\/\/www.confederaciondelcobre.cl\/wp-content\/uploads\/2025\/05\/DSC_1529-300x200.jpg 300w, https:\/\/www.confederaciondelcobre.cl\/wp-content\/uploads\/2025\/05\/DSC_1529-768x512.jpg 768w, https:\/\/www.confederaciondelcobre.cl\/wp-content\/uploads\/2025\/05\/DSC_1529-1536x1024.jpg 1536w, https:\/\/www.confederaciondelcobre.cl\/wp-content\/uploads\/2025\/05\/DSC_1529.jpg 2048w\" sizes=\"auto, (max-width: 1024px) 100vw, 1024px\" \/><\/figure>\n\n\n\n<figure class=\"wp-block-image size-large\"><img loading=\"lazy\" decoding=\"async\" width=\"1024\" height=\"683\" data-id=\"5682\" src=\"https:\/\/www.confederaciondelcobre.cl\/wp-content\/uploads\/2025\/05\/DSC_1530-1024x683.jpg\" alt=\"\" class=\"wp-image-5682\" srcset=\"https:\/\/www.confederaciondelcobre.cl\/wp-content\/uploads\/2025\/05\/DSC_1530-1024x683.jpg 1024w, https:\/\/www.confederaciondelcobre.cl\/wp-content\/uploads\/2025\/05\/DSC_1530-300x200.jpg 300w, https:\/\/www.confederaciondelcobre.cl\/wp-content\/uploads\/2025\/05\/DSC_1530-768x512.jpg 768w, https:\/\/www.confederaciondelcobre.cl\/wp-content\/uploads\/2025\/05\/DSC_1530-1536x1024.jpg 1536w, https:\/\/www.confederaciondelcobre.cl\/wp-content\/uploads\/2025\/05\/DSC_1530.jpg 2048w\" sizes=\"auto, (max-width: 1024px) 100vw, 1024px\" \/><\/figure>\n\n\n\n<figure class=\"wp-block-image size-large\"><img loading=\"lazy\" decoding=\"async\" width=\"1024\" height=\"683\" data-id=\"5684\" src=\"https:\/\/www.confederaciondelcobre.cl\/wp-content\/uploads\/2025\/05\/DSC_1533-1024x683.jpg\" alt=\"\" class=\"wp-image-5684\" srcset=\"https:\/\/www.confederaciondelcobre.cl\/wp-content\/uploads\/2025\/05\/DSC_1533-1024x683.jpg 1024w, https:\/\/www.confederaciondelcobre.cl\/wp-content\/uploads\/2025\/05\/DSC_1533-300x200.jpg 300w, https:\/\/www.confederaciondelcobre.cl\/wp-content\/uploads\/2025\/05\/DSC_1533-768x512.jpg 768w, https:\/\/www.confederaciondelcobre.cl\/wp-content\/uploads\/2025\/05\/DSC_1533-1536x1024.jpg 1536w, https:\/\/www.confederaciondelcobre.cl\/wp-content\/uploads\/2025\/05\/DSC_1533.jpg 2048w\" sizes=\"auto, (max-width: 1024px) 100vw, 1024px\" \/><\/figure>\n\n\n\n<figure class=\"wp-block-image size-large\"><img loading=\"lazy\" decoding=\"async\" width=\"1024\" height=\"683\" data-id=\"5683\" src=\"https:\/\/www.confederaciondelcobre.cl\/wp-content\/uploads\/2025\/05\/DSC_1534-1024x683.jpg\" alt=\"\" class=\"wp-image-5683\" srcset=\"https:\/\/www.confederaciondelcobre.cl\/wp-content\/uploads\/2025\/05\/DSC_1534-1024x683.jpg 1024w, https:\/\/www.confederaciondelcobre.cl\/wp-content\/uploads\/2025\/05\/DSC_1534-300x200.jpg 300w, https:\/\/www.confederaciondelcobre.cl\/wp-content\/uploads\/2025\/05\/DSC_1534-768x512.jpg 768w, https:\/\/www.confederaciondelcobre.cl\/wp-content\/uploads\/2025\/05\/DSC_1534-1536x1024.jpg 1536w, https:\/\/www.confederaciondelcobre.cl\/wp-content\/uploads\/2025\/05\/DSC_1534.jpg 2048w\" sizes=\"auto, (max-width: 1024px) 100vw, 1024px\" \/><\/figure>\n\n\n\n<figure class=\"wp-block-image size-large\"><img loading=\"lazy\" decoding=\"async\" width=\"1024\" height=\"683\" data-id=\"5685\" src=\"https:\/\/www.confederaciondelcobre.cl\/wp-content\/uploads\/2025\/05\/DSC_1536-1024x683.jpg\" alt=\"\" class=\"wp-image-5685\" srcset=\"https:\/\/www.confederaciondelcobre.cl\/wp-content\/uploads\/2025\/05\/DSC_1536-1024x683.jpg 1024w, https:\/\/www.confederaciondelcobre.cl\/wp-content\/uploads\/2025\/05\/DSC_1536-300x200.jpg 300w, https:\/\/www.confederaciondelcobre.cl\/wp-content\/uploads\/2025\/05\/DSC_1536-768x512.jpg 768w, https:\/\/www.confederaciondelcobre.cl\/wp-content\/uploads\/2025\/05\/DSC_1536-1536x1024.jpg 1536w, https:\/\/www.confederaciondelcobre.cl\/wp-content\/uploads\/2025\/05\/DSC_1536.jpg 2048w\" sizes=\"auto, (max-width: 1024px) 100vw, 1024px\" \/><\/figure>\n\n\n\n<figure class=\"wp-block-image size-large\"><img loading=\"lazy\" decoding=\"async\" width=\"683\" height=\"1024\" data-id=\"5687\" src=\"https:\/\/www.confederaciondelcobre.cl\/wp-content\/uploads\/2025\/05\/DSC_1546-683x1024.jpg\" alt=\"\" class=\"wp-image-5687\" srcset=\"https:\/\/www.confederaciondelcobre.cl\/wp-content\/uploads\/2025\/05\/DSC_1546-683x1024.jpg 683w, https:\/\/www.confederaciondelcobre.cl\/wp-content\/uploads\/2025\/05\/DSC_1546-200x300.jpg 200w, https:\/\/www.confederaciondelcobre.cl\/wp-content\/uploads\/2025\/05\/DSC_1546-768x1152.jpg 768w, https:\/\/www.confederaciondelcobre.cl\/wp-content\/uploads\/2025\/05\/DSC_1546-1024x1536.jpg 1024w, https:\/\/www.confederaciondelcobre.cl\/wp-content\/uploads\/2025\/05\/DSC_1546.jpg 1365w\" sizes=\"auto, (max-width: 683px) 100vw, 683px\" \/><\/figure>\n\n\n\n<figure class=\"wp-block-image size-large\"><img loading=\"lazy\" decoding=\"async\" width=\"683\" height=\"1024\" data-id=\"5691\" src=\"https:\/\/www.confederaciondelcobre.cl\/wp-content\/uploads\/2025\/05\/DSC_1560-683x1024.jpg\" alt=\"\" class=\"wp-image-5691\" srcset=\"https:\/\/www.confederaciondelcobre.cl\/wp-content\/uploads\/2025\/05\/DSC_1560-683x1024.jpg 683w, https:\/\/www.confederaciondelcobre.cl\/wp-content\/uploads\/2025\/05\/DSC_1560-200x300.jpg 200w, https:\/\/www.confederaciondelcobre.cl\/wp-content\/uploads\/2025\/05\/DSC_1560-768x1152.jpg 768w, https:\/\/www.confederaciondelcobre.cl\/wp-content\/uploads\/2025\/05\/DSC_1560-1024x1536.jpg 1024w, https:\/\/www.confederaciondelcobre.cl\/wp-content\/uploads\/2025\/05\/DSC_1560.jpg 1365w\" sizes=\"auto, (max-width: 683px) 100vw, 683px\" \/><\/figure>\n\n\n\n<figure class=\"wp-block-image size-large\"><img loading=\"lazy\" decoding=\"async\" width=\"683\" height=\"1024\" data-id=\"5693\" src=\"https:\/\/www.confederaciondelcobre.cl\/wp-content\/uploads\/2025\/05\/DSC_1572-683x1024.jpg\" alt=\"\" class=\"wp-image-5693\" srcset=\"https:\/\/www.confederaciondelcobre.cl\/wp-content\/uploads\/2025\/05\/DSC_1572-683x1024.jpg 683w, https:\/\/www.confederaciondelcobre.cl\/wp-content\/uploads\/2025\/05\/DSC_1572-200x300.jpg 200w, https:\/\/www.confederaciondelcobre.cl\/wp-content\/uploads\/2025\/05\/DSC_1572-768x1152.jpg 768w, https:\/\/www.confederaciondelcobre.cl\/wp-content\/uploads\/2025\/05\/DSC_1572-1024x1536.jpg 1024w, https:\/\/www.confederaciondelcobre.cl\/wp-content\/uploads\/2025\/05\/DSC_1572.jpg 1365w\" sizes=\"auto, (max-width: 683px) 100vw, 683px\" \/><\/figure>\n\n\n\n<figure class=\"wp-block-image size-large\"><img loading=\"lazy\" decoding=\"async\" width=\"683\" height=\"1024\" data-id=\"5695\" src=\"https:\/\/www.confederaciondelcobre.cl\/wp-content\/uploads\/2025\/05\/DSC_1573-683x1024.jpg\" alt=\"\" class=\"wp-image-5695\" srcset=\"https:\/\/www.confederaciondelcobre.cl\/wp-content\/uploads\/2025\/05\/DSC_1573-683x1024.jpg 683w, https:\/\/www.confederaciondelcobre.cl\/wp-content\/uploads\/2025\/05\/DSC_1573-200x300.jpg 200w, https:\/\/www.confederaciondelcobre.cl\/wp-content\/uploads\/2025\/05\/DSC_1573-768x1152.jpg 768w, https:\/\/www.confederaciondelcobre.cl\/wp-content\/uploads\/2025\/05\/DSC_1573-1024x1536.jpg 1024w, https:\/\/www.confederaciondelcobre.cl\/wp-content\/uploads\/2025\/05\/DSC_1573.jpg 1365w\" sizes=\"auto, (max-width: 683px) 100vw, 683px\" \/><\/figure>\n\n\n\n<figure class=\"wp-block-image size-large\"><img loading=\"lazy\" decoding=\"async\" width=\"1024\" height=\"683\" data-id=\"5694\" src=\"https:\/\/www.confederaciondelcobre.cl\/wp-content\/uploads\/2025\/05\/DSC_1576-1024x683.jpg\" alt=\"\" class=\"wp-image-5694\" srcset=\"https:\/\/www.confederaciondelcobre.cl\/wp-content\/uploads\/2025\/05\/DSC_1576-1024x683.jpg 1024w, https:\/\/www.confederaciondelcobre.cl\/wp-content\/uploads\/2025\/05\/DSC_1576-300x200.jpg 300w, https:\/\/www.confederaciondelcobre.cl\/wp-content\/uploads\/2025\/05\/DSC_1576-768x512.jpg 768w, https:\/\/www.confederaciondelcobre.cl\/wp-content\/uploads\/2025\/05\/DSC_1576-1536x1024.jpg 1536w, https:\/\/www.confederaciondelcobre.cl\/wp-content\/uploads\/2025\/05\/DSC_1576.jpg 2048w\" sizes=\"auto, (max-width: 1024px) 100vw, 1024px\" \/><\/figure>\n\n\n\n<figure class=\"wp-block-image size-large\"><img loading=\"lazy\" decoding=\"async\" width=\"1024\" height=\"683\" data-id=\"5696\" src=\"https:\/\/www.confederaciondelcobre.cl\/wp-content\/uploads\/2025\/05\/DSC_1578-1024x683.jpg\" alt=\"\" class=\"wp-image-5696\" srcset=\"https:\/\/www.confederaciondelcobre.cl\/wp-content\/uploads\/2025\/05\/DSC_1578-1024x683.jpg 1024w, https:\/\/www.confederaciondelcobre.cl\/wp-content\/uploads\/2025\/05\/DSC_1578-300x200.jpg 300w, https:\/\/www.confederaciondelcobre.cl\/wp-content\/uploads\/2025\/05\/DSC_1578-768x512.jpg 768w, https:\/\/www.confederaciondelcobre.cl\/wp-content\/uploads\/2025\/05\/DSC_1578-1536x1024.jpg 1536w, https:\/\/www.confederaciondelcobre.cl\/wp-content\/uploads\/2025\/05\/DSC_1578.jpg 2048w\" sizes=\"auto, (max-width: 1024px) 100vw, 1024px\" \/><\/figure>\n\n\n\n<figure class=\"wp-block-image size-large\"><img loading=\"lazy\" decoding=\"async\" width=\"819\" height=\"1024\" data-id=\"5699\" src=\"https:\/\/www.confederaciondelcobre.cl\/wp-content\/uploads\/2025\/05\/DSC_1595-2-819x1024.jpg\" alt=\"\" class=\"wp-image-5699\" srcset=\"https:\/\/www.confederaciondelcobre.cl\/wp-content\/uploads\/2025\/05\/DSC_1595-2-819x1024.jpg 819w, https:\/\/www.confederaciondelcobre.cl\/wp-content\/uploads\/2025\/05\/DSC_1595-2-240x300.jpg 240w, https:\/\/www.confederaciondelcobre.cl\/wp-content\/uploads\/2025\/05\/DSC_1595-2-768x960.jpg 768w, https:\/\/www.confederaciondelcobre.cl\/wp-content\/uploads\/2025\/05\/DSC_1595-2-1229x1536.jpg 1229w, https:\/\/www.confederaciondelcobre.cl\/wp-content\/uploads\/2025\/05\/DSC_1595-2.jpg 1638w\" sizes=\"auto, (max-width: 819px) 100vw, 819px\" \/><\/figure>\n\n\n\n<figure class=\"wp-block-image size-large\"><img loading=\"lazy\" decoding=\"async\" width=\"1365\" height=\"2048\" data-id=\"5702\" src=\"https:\/\/www.confederaciondelcobre.cl\/wp-content\/uploads\/2025\/05\/DSC_1602-2-edited.jpg\" alt=\"\" class=\"wp-image-5702\" srcset=\"https:\/\/www.confederaciondelcobre.cl\/wp-content\/uploads\/2025\/05\/DSC_1602-2-edited.jpg 1365w, https:\/\/www.confederaciondelcobre.cl\/wp-content\/uploads\/2025\/05\/DSC_1602-2-edited-200x300.jpg 200w, https:\/\/www.confederaciondelcobre.cl\/wp-content\/uploads\/2025\/05\/DSC_1602-2-edited-683x1024.jpg 683w, https:\/\/www.confederaciondelcobre.cl\/wp-content\/uploads\/2025\/05\/DSC_1602-2-edited-768x1152.jpg 768w, https:\/\/www.confederaciondelcobre.cl\/wp-content\/uploads\/2025\/05\/DSC_1602-2-edited-1024x1536.jpg 1024w\" sizes=\"auto, (max-width: 1365px) 100vw, 1365px\" \/><\/figure>\n\n\n\n<figure class=\"wp-block-image size-large\"><img loading=\"lazy\" decoding=\"async\" width=\"819\" height=\"1024\" data-id=\"5705\" src=\"https:\/\/www.confederaciondelcobre.cl\/wp-content\/uploads\/2025\/05\/1286-5-819x1024.png\" alt=\"\" class=\"wp-image-5705\" srcset=\"https:\/\/www.confederaciondelcobre.cl\/wp-content\/uploads\/2025\/05\/1286-5-819x1024.png 819w, https:\/\/www.confederaciondelcobre.cl\/wp-content\/uploads\/2025\/05\/1286-5-240x300.png 240w, https:\/\/www.confederaciondelcobre.cl\/wp-content\/uploads\/2025\/05\/1286-5-768x960.png 768w, https:\/\/www.confederaciondelcobre.cl\/wp-content\/uploads\/2025\/05\/1286-5.png 1080w\" sizes=\"auto, (max-width: 819px) 100vw, 819px\" \/><\/figure>\n<\/figure>\n","protected":false},"excerpt":{"rendered":"<p>SANTIAGO. Miles de trabajadoras y Trabajadores se desplegaron por la Alameda de Santiago en respuesta al llamado que hizo la CUT a la marcha que conmemora el D\u00eda Internacional del &hellip; <\/p>\n","protected":false},"author":2,"featured_media":5683,"comment_status":"closed","ping_status":"closed","sticky":false,"template":"","format":"standard","meta":{"jetpack_post_was_ever_published":false,"_jetpack_newsletter_access":"","_jetpack_dont_email_post_to_subs":false,"_jetpack_newsletter_tier_id":0,"_jetpack_memberships_contains_paywalled_content":false,"_jetpack_memberships_contains_paid_content":false,"footnotes":"","jetpack_publicize_message":"","jetpack_publicize_feature_enabled":true,"jetpack_social_post_already_shared":true,"jetpack_social_options":{"image_generator_settings":{"template":"highway","default_image_id":0,"enabled":false},"version":2}},"categories":[9],"tags":[70,44,62,67],"class_list":["post-5672","post","type-post","status-publish","format-standard","has-post-thumbnail","hentry","category-confederacion","tag-1demayo","tag-sindicato","tag-trabajadoras","tag-trabajadores"],"jetpack_publicize_connections":[],"jetpack_featured_media_url":"https:\/\/www.confederaciondelcobre.cl\/wp-content\/uploads\/2025\/05\/DSC_1534.jpg","jetpack_sharing_enabled":true,"post_mailing_queue_ids":[],"_links":{"self":[{"href":"https:\/\/www.confederaciondelcobre.cl\/index.php\/wp-json\/wp\/v2\/posts\/5672","targetHints":{"allow":["GET"]}}],"collection":[{"href":"https:\/\/www.confederaciondelcobre.cl\/index.php\/wp-json\/wp\/v2\/posts"}],"about":[{"href":"https:\/\/www.confederaciondelcobre.cl\/index.php\/wp-json\/wp\/v2\/types\/post"}],"author":[{"embeddable":true,"href":"https:\/\/www.confederaciondelcobre.cl\/index.php\/wp-json\/wp\/v2\/users\/2"}],"replies":[{"embeddable":true,"href":"https:\/\/www.confederaciondelcobre.cl\/index.php\/wp-json\/wp\/v2\/comments?post=5672"}],"version-history":[{"count":4,"href":"https:\/\/www.confederaciondelcobre.cl\/index.php\/wp-json\/wp\/v2\/posts\/5672\/revisions"}],"predecessor-version":[{"id":5715,"href":"https:\/\/www.confederaciondelcobre.cl\/index.php\/wp-json\/wp\/v2\/posts\/5672\/revisions\/5715"}],"wp:featuredmedia":[{"embeddable":true,"href":"https:\/\/www.confederaciondelcobre.cl\/index.php\/wp-json\/wp\/v2\/media\/5683"}],"wp:attachment":[{"href":"https:\/\/www.confederaciondelcobre.cl\/index.php\/wp-json\/wp\/v2\/media?parent=5672"}],"wp:term":[{"taxonomy":"category","embeddable":true,"href":"https:\/\/www.confederaciondelcobre.cl\/index.php\/wp-json\/wp\/v2\/categories?post=5672"},{"taxonomy":"post_tag","embeddable":true,"href":"https:\/\/www.confederaciondelcobre.cl\/index.php\/wp-json\/wp\/v2\/tags?post=5672"}],"curies":[{"name":"wp","href":"https:\/\/api.w.org\/{rel}","templated":true}]}}