{"id":5707,"date":"2025-05-07T07:30:14","date_gmt":"2025-05-07T11:30:14","guid":{"rendered":"https:\/\/www.confederaciondelcobre.cl\/?p=5707"},"modified":"2025-05-07T07:48:49","modified_gmt":"2025-05-07T11:48:49","slug":"sindicato-de-trabajadores-hereme-va-a-la-huelga","status":"publish","type":"post","link":"https:\/\/www.confederaciondelcobre.cl\/index.php\/2025\/05\/07\/sindicato-de-trabajadores-hereme-va-a-la-huelga\/","title":{"rendered":"Sindicato de Trabajadores Hereme va a la Huelga"},"content":{"rendered":"\n<p>LOS ANDES. En horas de esta madrugada, el Sindicato de Trabajadores de la empresa Hereme inici\u00f3 la huelga. As\u00ed se detalla en su comunicado emanado con el respaldo de la Federaci\u00f3n de Trabajadores de la Miner\u00eda de Aconcagua (FETRAMAC) y la Confederaci\u00f3n de Trabajadores del Cobre (CTC), el cual compartimos a continuaci\u00f3n:<\/p>\n\n\n\n<figure class=\"wp-block-image\"><img loading=\"lazy\" decoding=\"async\" width=\"1026\" height=\"1394\" src=\"https:\/\/www.confederaciondelcobre.cl\/wp-content\/uploads\/2025\/05\/Captura-de-pantalla-2025-05-07-a-las-06.59.23.png\" alt=\"\" class=\"wp-image-5716\" srcset=\"https:\/\/www.confederaciondelcobre.cl\/wp-content\/uploads\/2025\/05\/Captura-de-pantalla-2025-05-07-a-las-06.59.23.png 1026w, https:\/\/www.confederaciondelcobre.cl\/wp-content\/uploads\/2025\/05\/Captura-de-pantalla-2025-05-07-a-las-06.59.23-221x300.png 221w, https:\/\/www.confederaciondelcobre.cl\/wp-content\/uploads\/2025\/05\/Captura-de-pantalla-2025-05-07-a-las-06.59.23-754x1024.png 754w, https:\/\/www.confederaciondelcobre.cl\/wp-content\/uploads\/2025\/05\/Captura-de-pantalla-2025-05-07-a-las-06.59.23-768x1043.png 768w\" sizes=\"auto, (max-width: 1026px) 100vw, 1026px\" \/><\/figure>\n\n\n<div class=\"wp-block-site-logo\"><a href=\"https:\/\/www.confederaciondelcobre.cl\/\" class=\"custom-logo-link\" rel=\"home\"><img loading=\"lazy\" decoding=\"async\" width=\"496\" height=\"60\" src=\"https:\/\/www.confederaciondelcobre.cl\/wp-content\/uploads\/2023\/01\/TituloWebCTC.png\" class=\"custom-logo\" alt=\"Confederaci\u00f3n de Trabajadores del Cobre &#8211; CTC\" srcset=\"https:\/\/www.confederaciondelcobre.cl\/wp-content\/uploads\/2023\/01\/TituloWebCTC.png 606w, https:\/\/www.confederaciondelcobre.cl\/wp-content\/uploads\/2023\/01\/TituloWebCTC-300x37.png 300w\" sizes=\"auto, (max-width: 496px) 100vw, 496px\" \/><\/a><\/div>","protected":false},"excerpt":{"rendered":"<p>LOS ANDES. En horas de esta madrugada, el Sindicato de Trabajadores de la empresa Hereme inici\u00f3 la huelga. As\u00ed se detalla en su comunicado emanado con el respaldo de la &hellip; <\/p>\n","protected":false},"author":2,"featured_media":5717,"comment_status":"closed","ping_status":"closed","sticky":false,"template":"","format":"standard","meta":{"jetpack_post_was_ever_published":false,"_jetpack_newsletter_access":"","_jetpack_dont_email_post_to_subs":false,"_jetpack_newsletter_tier_id":0,"_jetpack_memberships_contains_paywalled_content":false,"_jetpack_memberships_contains_paid_content":false,"footnotes":"","jetpack_publicize_message":"","jetpack_publicize_feature_enabled":true,"jetpack_social_post_already_shared":true,"jetpack_social_options":{"image_generator_settings":{"template":"highway","default_image_id":0,"enabled":false},"version":2}},"categories":[9],"tags":[48,41,44,67],"class_list":["post-5707","post","type-post","status-publish","format-standard","has-post-thumbnail","hentry","category-confederacion","tag-ctc","tag-huelga","tag-sindicato","tag-trabajadores"],"jetpack_publicize_connections":[],"jetpack_featured_media_url":"https:\/\/www.confederaciondelcobre.cl\/wp-content\/uploads\/2025\/05\/WhatsApp-Image-2025-05-07-at-05.49.43.jpeg","jetpack_sharing_enabled":true,"post_mailing_queue_ids":[],"_links":{"self":[{"href":"https:\/\/www.confederaciondelcobre.cl\/index.php\/wp-json\/wp\/v2\/posts\/5707","targetHints":{"allow":["GET"]}}],"collection":[{"href":"https:\/\/www.confederaciondelcobre.cl\/index.php\/wp-json\/wp\/v2\/posts"}],"about":[{"href":"https:\/\/www.confederaciondelcobre.cl\/index.php\/wp-json\/wp\/v2\/types\/post"}],"author":[{"embeddable":true,"href":"https:\/\/www.confederaciondelcobre.cl\/index.php\/wp-json\/wp\/v2\/users\/2"}],"replies":[{"embeddable":true,"href":"https:\/\/www.confederaciondelcobre.cl\/index.php\/wp-json\/wp\/v2\/comments?post=5707"}],"version-history":[{"count":3,"href":"https:\/\/www.confederaciondelcobre.cl\/index.php\/wp-json\/wp\/v2\/posts\/5707\/revisions"}],"predecessor-version":[{"id":5720,"href":"https:\/\/www.confederaciondelcobre.cl\/index.php\/wp-json\/wp\/v2\/posts\/5707\/revisions\/5720"}],"wp:featuredmedia":[{"embeddable":true,"href":"https:\/\/www.confederaciondelcobre.cl\/index.php\/wp-json\/wp\/v2\/media\/5717"}],"wp:attachment":[{"href":"https:\/\/www.confederaciondelcobre.cl\/index.php\/wp-json\/wp\/v2\/media?parent=5707"}],"wp:term":[{"taxonomy":"category","embeddable":true,"href":"https:\/\/www.confederaciondelcobre.cl\/index.php\/wp-json\/wp\/v2\/categories?post=5707"},{"taxonomy":"post_tag","embeddable":true,"href":"https:\/\/www.confederaciondelcobre.cl\/index.php\/wp-json\/wp\/v2\/tags?post=5707"}],"curies":[{"name":"wp","href":"https:\/\/api.w.org\/{rel}","templated":true}]}}