{"id":5721,"date":"2025-05-08T12:48:32","date_gmt":"2025-05-08T16:48:32","guid":{"rendered":"https:\/\/www.confederaciondelcobre.cl\/?p=5721"},"modified":"2025-05-08T12:48:34","modified_gmt":"2025-05-08T16:48:34","slug":"sindicato-id-chile-se-afilia-a-la-federacion-de-sindicatos-de-trabajadores-anglo-american-division-mantoverde","status":"publish","type":"post","link":"https:\/\/www.confederaciondelcobre.cl\/index.php\/2025\/05\/08\/sindicato-id-chile-se-afilia-a-la-federacion-de-sindicatos-de-trabajadores-anglo-american-division-mantoverde\/","title":{"rendered":"Sindicato ID Chile se afilia a la Federaci\u00f3n de Sindicatos de Trabajadores Anglo American Divisi\u00f3n Mantoverde"},"content":{"rendered":"\n<p>El pasado 6 de mayo, el <strong>Sindicato ID Chile<\/strong> realiz\u00f3 una votaci\u00f3n hist\u00f3rica para unirse a la <strong>Federaci\u00f3n de Sindicatos de Trabajadores Anglo American Divisi\u00f3n Mantoverde (FESAMAV),<\/strong> brazo org\u00e1nico de la <em><strong>Confederaci\u00f3n de Trabajadores del Cobre<\/strong><\/em>.<\/p>\n\n\n\n<p>Con una amplia mayor\u00eda de votos a favor, el sindicato ID Chile se convierte en parte integral de la FESAMAV, fortaleciendo as\u00ed la unidad y la lucha de los trabajadores en la industria del cobre.<\/p>\n\n\n\n<p>La Secretaria General de la Confederaci\u00f3n de Trabajadores del Cobre y Presidenta de la FESAMAV, <strong><em>Stephanie Gonz\u00e1lez Ch\u00e1vez<\/em><\/strong>, envi\u00f3 un mensaje de felicitaci\u00f3n y apoyo a los trabajadores del Sindicato ID Chile, destacando su valent\u00eda al organizarse y comprometiendo el apoyo de la organizaci\u00f3n mayor para el nuevo sindicato afiliado: <em><strong>&#8220;Estamos orgullosos de recibir al Sindicato ID Chile en nuestra familia sindical&#8221;, expres\u00f3 Stephanie Gonz\u00e1lez Ch\u00e1vez. &#8220;Juntos, seguiremos luchando por los derechos y beneficios de los trabajadores, y por una industria del cobre m\u00e1s justa y equitativa&#8221;<\/strong><\/em>.<\/p>\n\n\n\n<p>La afiliaci\u00f3n del Sindicato ID Chile a la FESAMAV es un paso importante en la consolidaci\u00f3n de la unidad sindical, y refleja el compromiso de los trabajadores con la lucha por sus derechos y conquistas.<\/p>\n\n\n<div class=\"wp-block-site-logo\"><a href=\"https:\/\/www.confederaciondelcobre.cl\/\" class=\"custom-logo-link\" rel=\"home\"><img loading=\"lazy\" decoding=\"async\" width=\"423\" height=\"51\" src=\"https:\/\/www.confederaciondelcobre.cl\/wp-content\/uploads\/2023\/01\/TituloWebCTC.png\" class=\"custom-logo\" alt=\"Confederaci\u00f3n de Trabajadores del Cobre &#8211; CTC\" srcset=\"https:\/\/www.confederaciondelcobre.cl\/wp-content\/uploads\/2023\/01\/TituloWebCTC.png 606w, https:\/\/www.confederaciondelcobre.cl\/wp-content\/uploads\/2023\/01\/TituloWebCTC-300x37.png 300w\" sizes=\"auto, (max-width: 423px) 100vw, 423px\" \/><\/a><\/div>","protected":false},"excerpt":{"rendered":"<p>El pasado 6 de mayo, el Sindicato ID Chile realiz\u00f3 una votaci\u00f3n hist\u00f3rica para unirse a la Federaci\u00f3n de Sindicatos de Trabajadores Anglo American Divisi\u00f3n Mantoverde (FESAMAV), brazo org\u00e1nico de &hellip; <\/p>\n","protected":false},"author":2,"featured_media":5722,"comment_status":"closed","ping_status":"closed","sticky":false,"template":"","format":"standard","meta":{"jetpack_post_was_ever_published":false,"_jetpack_newsletter_access":"","_jetpack_dont_email_post_to_subs":false,"_jetpack_newsletter_tier_id":0,"_jetpack_memberships_contains_paywalled_content":false,"_jetpack_memberships_contains_paid_content":false,"footnotes":"","jetpack_publicize_message":"","jetpack_publicize_feature_enabled":true,"jetpack_social_post_already_shared":true,"jetpack_social_options":{"image_generator_settings":{"template":"highway","default_image_id":0,"enabled":false},"version":2}},"categories":[9],"tags":[48,44,67],"class_list":["post-5721","post","type-post","status-publish","format-standard","has-post-thumbnail","hentry","category-confederacion","tag-ctc","tag-sindicato","tag-trabajadores"],"jetpack_publicize_connections":[],"jetpack_featured_media_url":"https:\/\/www.confederaciondelcobre.cl\/wp-content\/uploads\/2025\/05\/WhatsApp-Image-2025-05-07-at-13.24.53.jpeg","jetpack_sharing_enabled":true,"post_mailing_queue_ids":[],"_links":{"self":[{"href":"https:\/\/www.confederaciondelcobre.cl\/index.php\/wp-json\/wp\/v2\/posts\/5721","targetHints":{"allow":["GET"]}}],"collection":[{"href":"https:\/\/www.confederaciondelcobre.cl\/index.php\/wp-json\/wp\/v2\/posts"}],"about":[{"href":"https:\/\/www.confederaciondelcobre.cl\/index.php\/wp-json\/wp\/v2\/types\/post"}],"author":[{"embeddable":true,"href":"https:\/\/www.confederaciondelcobre.cl\/index.php\/wp-json\/wp\/v2\/users\/2"}],"replies":[{"embeddable":true,"href":"https:\/\/www.confederaciondelcobre.cl\/index.php\/wp-json\/wp\/v2\/comments?post=5721"}],"version-history":[{"count":1,"href":"https:\/\/www.confederaciondelcobre.cl\/index.php\/wp-json\/wp\/v2\/posts\/5721\/revisions"}],"predecessor-version":[{"id":5723,"href":"https:\/\/www.confederaciondelcobre.cl\/index.php\/wp-json\/wp\/v2\/posts\/5721\/revisions\/5723"}],"wp:featuredmedia":[{"embeddable":true,"href":"https:\/\/www.confederaciondelcobre.cl\/index.php\/wp-json\/wp\/v2\/media\/5722"}],"wp:attachment":[{"href":"https:\/\/www.confederaciondelcobre.cl\/index.php\/wp-json\/wp\/v2\/media?parent=5721"}],"wp:term":[{"taxonomy":"category","embeddable":true,"href":"https:\/\/www.confederaciondelcobre.cl\/index.php\/wp-json\/wp\/v2\/categories?post=5721"},{"taxonomy":"post_tag","embeddable":true,"href":"https:\/\/www.confederaciondelcobre.cl\/index.php\/wp-json\/wp\/v2\/tags?post=5721"}],"curies":[{"name":"wp","href":"https:\/\/api.w.org\/{rel}","templated":true}]}}