{"id":5724,"date":"2025-05-12T16:05:05","date_gmt":"2025-05-12T20:05:05","guid":{"rendered":"https:\/\/www.confederaciondelcobre.cl\/?p=5724"},"modified":"2025-05-12T16:05:08","modified_gmt":"2025-05-12T20:05:08","slug":"nace-en-valladolid-la-primera-red-de-mujeres-sindicalistas-latinoamericanas-y-espanolas","status":"publish","type":"post","link":"https:\/\/www.confederaciondelcobre.cl\/index.php\/2025\/05\/12\/nace-en-valladolid-la-primera-red-de-mujeres-sindicalistas-latinoamericanas-y-espanolas\/","title":{"rendered":"Nace en Valladolid la primera Red de Mujeres Sindicalistas latinoamericanas y espa\u00f1olas"},"content":{"rendered":"\n<p>La <strong>presidenta de la Confederaci\u00f3n de Trabajadores del Cobre Ana Lamas Aguirre<\/strong>, se encuentra en Valladolid, Espa\u00f1a, participando de la creaci\u00f3n de la primera Red de Mujeres Sindicalistas latinoamericanas y espa\u00f1oles promovido por la Confederaci\u00f3n Sindical de Comisiones Obreras &#8211; CCOO -. <\/p>\n\n\n\n<figure class=\"wp-block-image size-large\"><img loading=\"lazy\" decoding=\"async\" width=\"811\" height=\"1024\" src=\"https:\/\/www.confederaciondelcobre.cl\/wp-content\/uploads\/2025\/05\/Captura-de-pantalla-2025-05-12-a-las-16.04.09-811x1024.png\" alt=\"\" class=\"wp-image-5731\" srcset=\"https:\/\/www.confederaciondelcobre.cl\/wp-content\/uploads\/2025\/05\/Captura-de-pantalla-2025-05-12-a-las-16.04.09-811x1024.png 811w, https:\/\/www.confederaciondelcobre.cl\/wp-content\/uploads\/2025\/05\/Captura-de-pantalla-2025-05-12-a-las-16.04.09-237x300.png 237w, https:\/\/www.confederaciondelcobre.cl\/wp-content\/uploads\/2025\/05\/Captura-de-pantalla-2025-05-12-a-las-16.04.09-768x970.png 768w, https:\/\/www.confederaciondelcobre.cl\/wp-content\/uploads\/2025\/05\/Captura-de-pantalla-2025-05-12-a-las-16.04.09.png 1208w\" sizes=\"auto, (max-width: 811px) 100vw, 811px\" \/><\/figure>\n\n\n\n<p><em><strong>Valladolid (EFE)<\/strong><\/em>.- Son sindicalistas llegadas de Chile, Per\u00fa y Guatemala que, tras un a\u00f1o de trabajo, han firmado este lunes en Valladolid, de la mano de CCOO de Castilla y Le\u00f3n, el germen de la Primera Red de Mujeres Sindicalistas latinoamericanas y espa\u00f1olas.<\/p>\n\n\n\n<p>Sostienen que es un \u00abmomento hist\u00f3rico\u00bb en la lucha de las mujeres por la igualdad y para abrir \u00abespacios de esperanza\u00bb, seg\u00fan han trasladado en la constituci\u00f3n de la red ha contado con el respaldo de la ministra de Igualdad espa\u00f1ola, Ana Redondo.<\/p>\n\n\n\n<p>Para la ministra es una \u00abalianza sindical feminista es lo que necesita el mundo en este momento para hacer frente a la ola reaccionaria que pretende limitar los derechos de las mujeres, de las minor\u00edas y, en definitiva, tambi\u00e9n de los inmigrantes\u00bb.<\/p>\n\n\n\n<h2 class=\"wp-block-heading\" id=\"h-la-ministra-redondo-alerta-de-la-ola-reaccionaria-contra-los-avances\">La ministra Redondo alerta de la ola reaccionaria contra los avances<\/h2>\n\n\n\n<p>\u00abEse movimiento de odio que se ha generalizado, que se ha viralizado, es un movimiento violento que pretende terminar con todos los derechos y los avances que hemos conseguido como civilizaci\u00f3n y en buena medida todos esos avances se deben precisamente a los movimientos feministas, que son movimientos de igualdad; y que son adem\u00e1s movimientos que han hecho grandes las econom\u00edas\u00bb, ha dicho Redondo en declaraciones a los medios.<\/p>\n\n\n\n<p>Es \u00abun sindicalismo con rostro de mujer, con una mirada transformadora, ya que sin igualdad no hay justicia ni democracia\u00bb, seg\u00fan la responsable de Igualdad de CCOO en Castilla y Le\u00f3n y firmante del acuerdo fundacional de la red, Yolanda Mart\u00edn.<\/p>\n\n\n\n<p>\u00abEs un d\u00eda muy importante y hist\u00f3rico para el movimiento sindical y para la lucha de la igualdad de g\u00e9nero. Las mujeres debemos ser protagonistas de nuestra propia historia y de nuestras propias luchas, y es esencial tomar esta responsabilidad sindical desde la perspectiva de g\u00e9nero y con un consentido de clase\u00bb, ha analizado poco antes de la firma, en declaraciones a los medios, la presidenta de la Confederaci\u00f3n de Trabajadores del Cobre de Chile, Ana Lamas.<\/p>\n\n\n\n<h2 class=\"wp-block-heading\" id=\"h-la-fuerza-de-la-unidad-de-las-mujeres-sindicalistas\">La fuerza de la unidad de las mujeres sindicalistas<\/h2>\n\n\n\n<p>Lamas incide en esa lucha hist\u00f3rica de las mujeres para poder tener derechos, que si se han conseguido no ha sido \u00abpor los gobiernos de turno, sino gracias a la unidad de miles y de miles de mujeres\u00bb; en una unidad que fortalece y es \u00abuna tremenda herramienta que permite defender\u00bb sus derechos, que hoy en d\u00eda \u00abla ultraderecha pretende quitar\u00bb, como en los casos de progresos en el derecho al aborto o la supresi\u00f3n del Ministerio de la Mujer en algunos de esos pa\u00edses.<\/p>\n\n\n\n<p>Tambi\u00e9n han firmado ese acuerdo fundacional de la red, la secretaria del sindicato Sutratin de Obreros Textiles de Incalpaca, de la FDTA de Per\u00fa, Jenny Flores; y Darlin Jamine Garc\u00eda, del sindicato aut\u00e9ntico de trabajadores de la Municipalidad de Sanatar\u00e9 de Unsitragua Hist\u00f3rica de Guatemala.<\/p>\n\n\n\n<p>Con una realidad diversa en los distintos pa\u00edses en cuanto a los derechos de la mujer, m\u00e1s vulnerados en casos como Per\u00fa, seg\u00fan ha explicado Flores, esta red les anima a \u00abluchar m\u00e1s duro para que haya igualdad en el mundo laboral\u00bb y las mujeres sean m\u00e1s fuertes y empoderadas en el trabajo.<\/p>\n\n\n\n<h2 class=\"wp-block-heading\" id=\"h-la-resistencia-de-las-mujeres-palestinas\">La resistencia de las mujeres palestinas<\/h2>\n\n\n\n<p>Lamas ha tenido un momento de recuerdo y solidaridad ante la \u00abresistencia de las mujeres palestinas\u00bb, y ha apostado por esa fuerza de las mujeres, desde situaciones diversas, seg\u00fan los pa\u00edses, para abrir espacios de igualdad y \u00abesperanza\u00bb en que se \u00abtome el rol de las mujeres en construir una sociedad distintas\u00bb, y \u00abavanzar unidos con los hombres en transformar la sociedad\u00bb, ha trasladado tras la firma.<\/p>\n\n\n\n<p>Desde CCOO, la secretaria Confederal de Mujeres, Igualdad y Condiciones de trabajo, Carolina Vidal, ha sostenido en declaraciones a los medios que las mujeres \u00abarrastran y padecen\u00bb los mismos problemas en todas las partes del mundo, con discriminaciones, brechas y diferencias de todo tipo y en todos los \u00e1mbitos de la vida solo por ser mujeres.<\/p>\n\n\n\n<p>\u00abLas mujeres estamos permanentemente acosadas por la violencia. Una violencia que llena nuestra vida, probablemente desde que nacemos, fuera de los \u00e1mbitos laborales, pero tambi\u00e9n en los entornos de trabajo\u00bb, seg\u00fan Vidal.<\/p>\n\n\n\n<h2 class=\"wp-block-heading\" id=\"h-las-mujeres-sindicalistas-tambien-quieren-involucrar-a-las-nuevas-masculinidades\">Las mujeres sindicalistas tambi\u00e9n quieren involucrar a las nuevas masculinidades<\/h2>\n\n\n\n<p>Ha recordado que en Espa\u00f1a se sabe bien que la violencia machista se reproduce dentro de los entornos laborales, y es contra ello contra lo que de debe trabajar, con una red en la que adem\u00e1s se pretende \u00abinvolucrar a los hombres, a esas nuevas masculinidades, a los hombres que apuestan por la democracia. Porque apostar por el feminismo es apostar por los valores democr\u00e1ticos\u00bb.<\/p>\n\n\n\n<p>\u00abNo hay ninguna democracia en la que se sea feliz si tenemos al 50% de la poblaci\u00f3n con condiciones de trabajo precarias, trabajando con puestos de trabajo que no son decentes\u00bb, ha sostenido la responsable nacional en Igualdad de CCCO, que ha recordado que cuatro mujeres son asesinadas cada hora en el mundo por ser mujeres; y s\u00f3lo en Espa\u00f1a se denuncian 14 violaciones al d\u00eda. EFE<\/p>\n\n\n\n<figure class=\"wp-block-gallery has-nested-images columns-default is-cropped wp-block-gallery-1 is-layout-flex wp-block-gallery-is-layout-flex\">\n<figure class=\"wp-block-image size-large\"><img loading=\"lazy\" decoding=\"async\" width=\"900\" height=\"599\" data-id=\"5726\" src=\"https:\/\/www.confederaciondelcobre.cl\/wp-content\/uploads\/2025\/05\/SINDICALISMO-Redondo-MUJER-1.webp\" alt=\"\" class=\"wp-image-5726\" srcset=\"https:\/\/www.confederaciondelcobre.cl\/wp-content\/uploads\/2025\/05\/SINDICALISMO-Redondo-MUJER-1.webp 900w, https:\/\/www.confederaciondelcobre.cl\/wp-content\/uploads\/2025\/05\/SINDICALISMO-Redondo-MUJER-1-300x200.webp 300w, https:\/\/www.confederaciondelcobre.cl\/wp-content\/uploads\/2025\/05\/SINDICALISMO-Redondo-MUJER-1-768x511.webp 768w\" sizes=\"auto, (max-width: 900px) 100vw, 900px\" \/><\/figure>\n\n\n\n<figure class=\"wp-block-image size-large\"><img loading=\"lazy\" decoding=\"async\" width=\"900\" height=\"600\" data-id=\"5728\" src=\"https:\/\/www.confederaciondelcobre.cl\/wp-content\/uploads\/2025\/05\/SINDICALISMO-1MUJER.webp\" alt=\"\" class=\"wp-image-5728\" srcset=\"https:\/\/www.confederaciondelcobre.cl\/wp-content\/uploads\/2025\/05\/SINDICALISMO-1MUJER.webp 900w, https:\/\/www.confederaciondelcobre.cl\/wp-content\/uploads\/2025\/05\/SINDICALISMO-1MUJER-300x200.webp 300w, https:\/\/www.confederaciondelcobre.cl\/wp-content\/uploads\/2025\/05\/SINDICALISMO-1MUJER-768x512.webp 768w\" sizes=\"auto, (max-width: 900px) 100vw, 900px\" \/><\/figure>\n\n\n\n<figure class=\"wp-block-image size-large\"><img loading=\"lazy\" decoding=\"async\" width=\"1024\" height=\"578\" data-id=\"5729\" src=\"https:\/\/www.confederaciondelcobre.cl\/wp-content\/uploads\/2025\/05\/Captura-de-pantalla-2025-05-12-a-las-15.56.16-1024x578.png\" alt=\"\" class=\"wp-image-5729\" srcset=\"https:\/\/www.confederaciondelcobre.cl\/wp-content\/uploads\/2025\/05\/Captura-de-pantalla-2025-05-12-a-las-15.56.16-1024x578.png 1024w, https:\/\/www.confederaciondelcobre.cl\/wp-content\/uploads\/2025\/05\/Captura-de-pantalla-2025-05-12-a-las-15.56.16-300x169.png 300w, https:\/\/www.confederaciondelcobre.cl\/wp-content\/uploads\/2025\/05\/Captura-de-pantalla-2025-05-12-a-las-15.56.16-768x434.png 768w, https:\/\/www.confederaciondelcobre.cl\/wp-content\/uploads\/2025\/05\/Captura-de-pantalla-2025-05-12-a-las-15.56.16.png 1378w\" sizes=\"auto, (max-width: 1024px) 100vw, 1024px\" \/><\/figure>\n<\/figure>\n","protected":false},"excerpt":{"rendered":"<p>La presidenta de la Confederaci\u00f3n de Trabajadores del Cobre Ana Lamas Aguirre, se encuentra en Valladolid, Espa\u00f1a, participando de la creaci\u00f3n de la primera Red de Mujeres Sindicalistas latinoamericanas y &hellip; <\/p>\n","protected":false},"author":2,"featured_media":5727,"comment_status":"closed","ping_status":"closed","sticky":false,"template":"","format":"standard","meta":{"jetpack_post_was_ever_published":false,"_jetpack_newsletter_access":"","_jetpack_dont_email_post_to_subs":false,"_jetpack_newsletter_tier_id":0,"_jetpack_memberships_contains_paywalled_content":false,"_jetpack_memberships_contains_paid_content":false,"footnotes":"","jetpack_publicize_message":"","jetpack_publicize_feature_enabled":true,"jetpack_social_post_already_shared":true,"jetpack_social_options":{"image_generator_settings":{"template":"highway","default_image_id":0,"enabled":false},"version":2}},"categories":[9],"tags":[48,72],"class_list":["post-5724","post","type-post","status-publish","format-standard","has-post-thumbnail","hentry","category-confederacion","tag-ctc","tag-valladolid"],"jetpack_publicize_connections":[],"jetpack_featured_media_url":"https:\/\/www.confederaciondelcobre.cl\/wp-content\/uploads\/2025\/05\/SINDICALISMO-MUJER.webp","jetpack_sharing_enabled":true,"post_mailing_queue_ids":[],"_links":{"self":[{"href":"https:\/\/www.confederaciondelcobre.cl\/index.php\/wp-json\/wp\/v2\/posts\/5724","targetHints":{"allow":["GET"]}}],"collection":[{"href":"https:\/\/www.confederaciondelcobre.cl\/index.php\/wp-json\/wp\/v2\/posts"}],"about":[{"href":"https:\/\/www.confederaciondelcobre.cl\/index.php\/wp-json\/wp\/v2\/types\/post"}],"author":[{"embeddable":true,"href":"https:\/\/www.confederaciondelcobre.cl\/index.php\/wp-json\/wp\/v2\/users\/2"}],"replies":[{"embeddable":true,"href":"https:\/\/www.confederaciondelcobre.cl\/index.php\/wp-json\/wp\/v2\/comments?post=5724"}],"version-history":[{"count":2,"href":"https:\/\/www.confederaciondelcobre.cl\/index.php\/wp-json\/wp\/v2\/posts\/5724\/revisions"}],"predecessor-version":[{"id":5732,"href":"https:\/\/www.confederaciondelcobre.cl\/index.php\/wp-json\/wp\/v2\/posts\/5724\/revisions\/5732"}],"wp:featuredmedia":[{"embeddable":true,"href":"https:\/\/www.confederaciondelcobre.cl\/index.php\/wp-json\/wp\/v2\/media\/5727"}],"wp:attachment":[{"href":"https:\/\/www.confederaciondelcobre.cl\/index.php\/wp-json\/wp\/v2\/media?parent=5724"}],"wp:term":[{"taxonomy":"category","embeddable":true,"href":"https:\/\/www.confederaciondelcobre.cl\/index.php\/wp-json\/wp\/v2\/categories?post=5724"},{"taxonomy":"post_tag","embeddable":true,"href":"https:\/\/www.confederaciondelcobre.cl\/index.php\/wp-json\/wp\/v2\/tags?post=5724"}],"curies":[{"name":"wp","href":"https:\/\/api.w.org\/{rel}","templated":true}]}}