{"id":5737,"date":"2025-05-31T13:16:22","date_gmt":"2025-05-31T17:16:22","guid":{"rendered":"https:\/\/www.confederaciondelcobre.cl\/?p=5737"},"modified":"2025-05-31T18:58:53","modified_gmt":"2025-05-31T22:58:53","slug":"conmemoracion-de-los-100-anos-de-la-matanza-de-la-coruna-la-historia-y-su-memoria","status":"publish","type":"post","link":"https:\/\/www.confederaciondelcobre.cl\/index.php\/2025\/05\/31\/conmemoracion-de-los-100-anos-de-la-matanza-de-la-coruna-la-historia-y-su-memoria\/","title":{"rendered":"Conmemoraci\u00f3n de los 100 A\u00f1os de la Huelga General del Salitre: La historia y su memoria."},"content":{"rendered":"\n<p>La Huelga General del Salitre\u00a0fue un movimiento obrero de gran importancia en la historia de Chile, especialmente en la regi\u00f3n norte del pa\u00eds, donde la industria salitrera era predominante.\u00a0Esta huelga, que se desarroll\u00f3 en diferentes momentos, se caracteriz\u00f3 por las demandas de los trabajadores salitreros por mejores condiciones laborales y econ\u00f3micas.\u00a0<\/p>\n\n\n\n<p>Durante el siglo pasado, la vor\u00e1gine de la industrializaci\u00f3n de la extracci\u00f3n minera en el norte de nuestro pa\u00eds era la respuesta a las utilidades que rend\u00eda su venta en todo el mundo. El salitre era nuestro recurso m\u00e1s preciado por las empresas norteamericanas y brit\u00e1nicas que explotaban nuestras tierras. Sin embargo, esas ganancias finalmente no llegaban a los trabajadores, que entregaban su sudor a la tierra a cambio de salarios de miseria, comida a cambio de fichas con porciones racionalizadas y limitadas para cada trabajador, viviendas con pisos de tierra, ba\u00f1os compartidos y campamentos separados por clases, en donde los patrones o los que ganaban m\u00e1s viv\u00edan en mansiones con sistema de calefaccion incluida, a solo metros de familias enteras que en algunos lugares incluso ten\u00edan que capear temperaturas bajo cero s\u00f3lo bajo fonolas y fogones improvisados.<\/p>\n\n\n\n<p>Esa realidad, de miseria y esclavitud, llev\u00f3 a que los obreros de todas las oficinas comenzaran a reclamar masivamente sus m\u00ednimos derechos, sin embargo, el Estado chileno de la \u00e9poca, s\u00f3lo se manifest\u00f3 por mantener buenas relaciones con la oligarqu\u00eda. Cada negociaci\u00f3n con los trabajadores era llevada al limite, bajo la amenaza de la intervenci\u00f3n militar, lo que finalmente, llev\u00f3 a registrar decenas de matanzas obreras entre 1900 y 1966, que dejaron bajo impunidad absoluta a sus ejecutores.<\/p>\n\n\n\n<p>Hasta hoy, esas matanzas y masacres, son recordadas como fuente de ejemplo. La memoria para fr\u00e1gil, y quienes promet\u00edan rechazo a las armas las dejaron caer sobre el pueblo nuevamente en dictadura. La oligarqu\u00eda no cambia y ejerce su opresi\u00f3n cada vez que puede.<\/p>\n\n\n\n<p>Sin embargo, para el pueblo trabajador y organizado, la memoria es un instrumento de educaci\u00f3n, de cultura, y de decir Nunca M\u00e1s, por ello, <\/p>\n\n\n<div class=\"wp-block-image\">\n<figure class=\"aligncenter size-full is-resized\"><img loading=\"lazy\" decoding=\"async\" width=\"400\" height=\"533\" src=\"https:\/\/www.confederaciondelcobre.cl\/wp-content\/uploads\/2025\/05\/vista-2.jpeg.webp\" alt=\"\" class=\"wp-image-5743\" style=\"width:436px;height:auto\" srcset=\"https:\/\/www.confederaciondelcobre.cl\/wp-content\/uploads\/2025\/05\/vista-2.jpeg.webp 400w, https:\/\/www.confederaciondelcobre.cl\/wp-content\/uploads\/2025\/05\/vista-2.jpeg-225x300.webp 225w\" sizes=\"auto, (max-width: 400px) 100vw, 400px\" \/><\/figure><\/div>\n\n\n<h2 class=\"wp-block-heading\">La matanza de La Coru\u00f1a, el gatillo de la Huelga General<\/h2>\n\n\n<div class=\"wp-block-image\">\n<figure class=\"alignright size-full is-resized\"><img loading=\"lazy\" decoding=\"async\" width=\"550\" height=\"262\" src=\"https:\/\/www.confederaciondelcobre.cl\/wp-content\/uploads\/2025\/05\/articles-37525_imagen_portada.jpg\" alt=\"\" class=\"wp-image-5741\" style=\"width:407px;height:auto\" srcset=\"https:\/\/www.confederaciondelcobre.cl\/wp-content\/uploads\/2025\/05\/articles-37525_imagen_portada.jpg 550w, https:\/\/www.confederaciondelcobre.cl\/wp-content\/uploads\/2025\/05\/articles-37525_imagen_portada-300x143.jpg 300w\" sizes=\"auto, (max-width: 550px) 100vw, 550px\" \/><\/figure><\/div>\n\n\n<p class=\"has-text-align-left\">En marzo de\u00a0<strong>1925\u00a0<\/strong>los trabajadores ferroviarios \u2013organizados por la     <strong>Federaci\u00f3n Obrera de Chile\u00a0<\/strong>(<strong>FOCH<\/strong>)\u2013 comienzan infructuosas negociaciones por mejores condiciones laborales y salariales, inici\u00e1ndose diversos mecanismos de lucha de los obreros, llegando finalmente a la huelga.<\/p>\n\n\n\n<p>En abril de ese a\u00f1o, los&nbsp;<strong>obreros del salitre adhieren a la paralizaci\u00f3n<\/strong>, entre los d\u00edas 7 y 12, presentando sus propias demandas. La huelga termina con negociaciones por separado de los gremios, logrando mejorar muy poco las condiciones de los trabajadores.<\/p>\n\n\n\n<p>En un agitado clima social, los obreros retornan a sus faenas mineras con descontento de los resultados de la negociaci\u00f3n, sucediendo diferentes hechos que van exaltando las relaciones entre la organizaci\u00f3n obrera, las autoridades y los patrones mineros. El 28 de mayo, la&nbsp;<strong>oficina San Pablo<\/strong>&nbsp;se declara en huelga; el 31 de mayo, son deportados al sur del pa\u00eds desde Pisagua \u2013a bordo del vapor Mapocho\u2013 33 dirigentes de la FOCH; el 2 de junio, se clausura y allana por autoridades policiales el&nbsp;<strong>peri\u00f3dico&nbsp;<em>\u201cEl despertar de los trabajadores\u201d<\/em>&nbsp;<\/strong>de Iquique.<\/p>\n\n\n\n<p>El 3 de junio, la FOCH resuelve la realizaci\u00f3n de una huelga general por 24 horas, convocando distintas concentraciones en el Cant\u00f3n de San Antonio, produci\u00e9ndose enfrentamientos en el pueblo de San Antonio entre los obreros y las fuerzas policiales, resultando muertos dos polic\u00edas. Un d\u00eda despu\u00e9s, el 4 de junio, los obreros se tomas las oficinas Galicia y La Coru\u00f1a, inici\u00e1ndose una huelga general que signific\u00f3 la toma de numerosas oficinas salitreras.<\/p>\n\n\n\n<p>El gobierno de&nbsp;<strong>Arturo Alessandri Palma<\/strong>&nbsp;declar\u00f3 a las provincias de Tarapac\u00e1 y Antofagasta en&nbsp;<strong>estado de sitio<\/strong>&nbsp;y design\u00f3 como jefe de plaza al general&nbsp;<strong>Florentino de la Guarda<\/strong>, se enviaron refuerzos militares a los puertos de Iquique, Pisagua y Mejillones, en los buques de guerra Zenteno, O\u2019Higgins, Lynch, Riquelme y Williams Rebolledo.<\/p>\n\n\n\n<p>El intendente de Tarapac\u00e1,&nbsp;<strong>Recaredo Amengual,<\/strong>&nbsp;dispuso la subida inmediata de las tropas de infanter\u00eda del Carampangue y de caballer\u00eda del Granaderos, sumado a algunos marinos para combatir las sublevaciones de los obreros. El coronel&nbsp;<strong>Acacio Rodr\u00edguez<\/strong>&nbsp;solicit\u00f3 el refuerzo del grupo de artiller\u00eda General Salvo, que con ca\u00f1ones y municiones de mayor alcance bombardearon las instalaciones de la oficina salitrera, tras los fuegos de artiller\u00eda algunos obreros huyeron por la pampa, se produjo un gran incendio que consumi\u00f3 viviendas, bodegas, almacenes, talleres, produci\u00e9ndose el escape de hombres, mujeres y ni\u00f1os mientras los soldados disparaban, arremetiendo finalmente la infanter\u00eda y caballer\u00eda.<\/p>\n\n\n\n<p>Una vez sitiada la oficina<strong>&nbsp;La Coru\u00f1a<\/strong>, se encarcel\u00f3 y tortur\u00f3 a los obreros que no hab\u00edan huido, las persecuciones se hicieron por diferentes oficinas salitreras que se hab\u00edan adherido al paro, 600 obreros fueron apresados en la pampa y enviados al vel\u00f3dromo de Iquique.<\/p>\n\n\n\n<p>La matanza de la Coru\u00f1a es la segunda masacre de obreros despu\u00e9s de la Escuela Santa Mar\u00eda de Iquique, se estima que fueron&nbsp;<strong>asesinadas una cantidad de 2.000 persona<\/strong>s, entre hombres, mujeres y ni\u00f1os, las autoridades gubernamentales dieron una cifra de 59 muertos.<\/p>\n\n\n\n<figure class=\"wp-block-image size-large\"><img loading=\"lazy\" decoding=\"async\" width=\"1024\" height=\"658\" src=\"https:\/\/www.confederaciondelcobre.cl\/wp-content\/uploads\/2025\/05\/maroussia1-1024x658.jpg\" alt=\"\" class=\"wp-image-5739\" srcset=\"https:\/\/www.confederaciondelcobre.cl\/wp-content\/uploads\/2025\/05\/maroussia1-1024x658.jpg 1024w, https:\/\/www.confederaciondelcobre.cl\/wp-content\/uploads\/2025\/05\/maroussia1-300x193.jpg 300w, https:\/\/www.confederaciondelcobre.cl\/wp-content\/uploads\/2025\/05\/maroussia1-768x493.jpg 768w, https:\/\/www.confederaciondelcobre.cl\/wp-content\/uploads\/2025\/05\/maroussia1-1536x987.jpg 1536w, https:\/\/www.confederaciondelcobre.cl\/wp-content\/uploads\/2025\/05\/maroussia1.jpg 1603w\" sizes=\"auto, (max-width: 1024px) 100vw, 1024px\" \/><\/figure>\n\n\n\n<h2 class=\"wp-block-heading\"><mark style=\"background-color:rgba(0, 0, 0, 0)\" class=\"has-inline-color has-vivid-red-color\">Conmemoraci\u00f3n<\/mark><\/h2>\n\n\n\n<p><em>Con un amplio programa de actividades, el Comit\u00e9 Centenario Salitreras Tarapac\u00e1 1925-2025, recordar\u00e1 la Memoria de los obreros ca\u00eddos en las huelgas del salitre donde obreros chilenos, bolivianos y peruanos, perdieron la vida.<\/em><\/p>\n\n\n\n<p>Las actividades, que se desarrollar\u00e1n, entre el 01 y el 08 de junio, cuentan con el apoyo de la Seremi de las Culturas, las Artes y el Patrimonio; el Instituto de Derechos Humanos, INDH; la Universidad Arturo Prat de Tarapac\u00e1 a trav\u00e9s de la Facultad de Ciencias Jur\u00eddicas y Pol\u00edticas: y las Oficinas de Cultura de las Municipalidades de Huara, Pozo Almonte, Alto Hospicio e Iquique.<\/p>\n\n\n\n<p><strong>PROGRAMA<\/strong><\/p>\n\n\n\n<ul class=\"wp-block-list\">\n<li><strong>Domingo 1 de junio 2025<\/strong><\/li>\n<\/ul>\n\n\n\n<p>Acto de conmemoraci\u00f3n en la Salitrera \u201cMaroussia\u201d, Cant\u00f3n de Huara, desde las 09.00 a las 15 horas.<\/p>\n\n\n\n<p>Se contempla izamiento de las Banderas de Chile, Bolivia y Per\u00fa, Rese\u00f1a Hist\u00f3rica, Acto Art\u00edstico y palabras de homenaje, para cerrar con un a convivencia entre los participantes.<\/p>\n\n\n\n<ul class=\"wp-block-list\">\n<li><strong>Martes 3 de junio<\/strong><\/li>\n<\/ul>\n\n\n\n<p>Se realizar\u00e1 la primera parte del Seminaria sobre \u201cLos sucesos de la huelga y su represi\u00f3n en 1925\u201d, en la sede central de la Universidad Arturo Prat, UNAP, entre las 09.00 a 13.00 horas y de 15.00 a 17.00.<\/p>\n\n\n\n<p>En la jornada participar\u00e1n acad\u00e9micos de universidades de Santiago e Iquique.<\/p>\n\n\n\n<ul class=\"wp-block-list\">\n<li><strong>Mi\u00e9rcoles 4 de junio<\/strong><\/li>\n<\/ul>\n\n\n\n<p>Segunda parte del Seminario \u201cLos sucesos de la huelga y su represi\u00f3n en 1925\u201d, en el mismo horario anterior.<\/p>\n\n\n\n<p>Este d\u00eda, tambi\u00e9n se realizar\u00e1 un Te Deum ecum\u00e9nico en la Catedral de Iquique, a partir de las 19.00 horas, en oraci\u00f3n de la Comunidad de Iquique por los Ca\u00eddos en la Coru\u00f1a, Maroussia, la FOCH de Huara y otros Centros Salitreros.<\/p>\n\n\n\n<ul class=\"wp-block-list\">\n<li><strong>Jueves 5 de junio<\/strong><\/li>\n<\/ul>\n\n\n\n<p>De acuerdo con el programa, este d\u00eda, de las 10.00 a las 13.00 horas, se realizar\u00e1 una Romer\u00eda a la fosa com\u00fan del Cementerio de Huara, donde estar\u00edan algunos de los obreros ca\u00eddos. Ac\u00e1 toma protagonismo la comunidad de esa comuna, que es la que realizar\u00e1 la oraci\u00f3n y homenaje a los ca\u00eddos.<\/p>\n\n\n\n<p>La otra actividad para el jueves 5 de junio, a las 18.00 horas, corresponde a un panel tem\u00e1tico sobre la Huelga Obrera y su represi\u00f3n en 1925, que se realizar\u00e1 en la sede la CUT en Iquique.<\/p>\n\n\n\n<ul class=\"wp-block-list\">\n<li><strong>Domingo 8 de junio<\/strong><\/li>\n<\/ul>\n\n\n\n<p>Los actos conmemorativos se reanudar\u00e1n el domingo 8 de junio, con el Acto de conmemoraci\u00f3n en la Salitrera Coru\u00f1a y en el Alto San Antonio, Cant\u00f3n Soledad, en Pozo Almonte<\/p>\n\n\n\n<p>La ceremonia partir\u00e1 con el izamiento de las banderas de Chile, Bolivia y Per\u00fa. Tambi\u00e9n se har\u00e1 una rese\u00f1a hist\u00f3rica de los sucesos salitreros, presentaciones art\u00edsticas, palabras de homenaje y para concluir, una convivencia de cierre.<\/p>\n\n\n<div class=\"wp-block-image\">\n<figure class=\"aligncenter size-large\"><img loading=\"lazy\" decoding=\"async\" width=\"410\" height=\"1024\" src=\"https:\/\/www.confederaciondelcobre.cl\/wp-content\/uploads\/2025\/05\/WhatsApp-Image-2025-05-30-at-17.34.37-410x1024.jpeg\" alt=\"\" class=\"wp-image-5738\" srcset=\"https:\/\/www.confederaciondelcobre.cl\/wp-content\/uploads\/2025\/05\/WhatsApp-Image-2025-05-30-at-17.34.37-410x1024.jpeg 410w, https:\/\/www.confederaciondelcobre.cl\/wp-content\/uploads\/2025\/05\/WhatsApp-Image-2025-05-30-at-17.34.37-120x300.jpeg 120w, https:\/\/www.confederaciondelcobre.cl\/wp-content\/uploads\/2025\/05\/WhatsApp-Image-2025-05-30-at-17.34.37.jpeg 640w\" sizes=\"auto, (max-width: 410px) 100vw, 410px\" \/><\/figure><\/div>\n\n<div class=\"wp-block-site-logo\"><a href=\"https:\/\/www.confederaciondelcobre.cl\/\" class=\"custom-logo-link\" rel=\"home\"><img loading=\"lazy\" decoding=\"async\" width=\"678\" height=\"82\" src=\"https:\/\/www.confederaciondelcobre.cl\/wp-content\/uploads\/2023\/01\/TituloWebCTC.png\" class=\"custom-logo\" alt=\"Confederaci\u00f3n de Trabajadores del Cobre &#8211; CTC\" srcset=\"https:\/\/www.confederaciondelcobre.cl\/wp-content\/uploads\/2023\/01\/TituloWebCTC.png 606w, https:\/\/www.confederaciondelcobre.cl\/wp-content\/uploads\/2023\/01\/TituloWebCTC-300x37.png 300w\" sizes=\"auto, (max-width: 678px) 100vw, 678px\" \/><\/a><\/div>","protected":false},"excerpt":{"rendered":"<p>La Huelga General del Salitre\u00a0fue un movimiento obrero de gran importancia en la historia de Chile, especialmente en la regi\u00f3n norte del pa\u00eds, donde la industria salitrera era predominante.\u00a0Esta huelga, &hellip; <\/p>\n","protected":false},"author":2,"featured_media":5740,"comment_status":"closed","ping_status":"closed","sticky":false,"template":"","format":"standard","meta":{"jetpack_post_was_ever_published":false,"_jetpack_newsletter_access":"","_jetpack_dont_email_post_to_subs":false,"_jetpack_newsletter_tier_id":0,"_jetpack_memberships_contains_paywalled_content":false,"_jetpack_memberships_contains_paid_content":false,"footnotes":"","jetpack_publicize_message":"","jetpack_publicize_feature_enabled":true,"jetpack_social_post_already_shared":true,"jetpack_social_options":{"image_generator_settings":{"template":"highway","default_image_id":0,"enabled":false},"version":2}},"categories":[9],"tags":[75,48,74,73,59,44],"class_list":["post-5737","post","type-post","status-publish","format-standard","has-post-thumbnail","hentry","category-confederacion","tag-conmemoracion","tag-ctc","tag-historia","tag-matanzasobreras","tag-memoria","tag-sindicato"],"jetpack_publicize_connections":[],"jetpack_featured_media_url":"https:\/\/www.confederaciondelcobre.cl\/wp-content\/uploads\/2025\/05\/coruna-2.jpg.webp","jetpack_sharing_enabled":true,"post_mailing_queue_ids":[],"_links":{"self":[{"href":"https:\/\/www.confederaciondelcobre.cl\/index.php\/wp-json\/wp\/v2\/posts\/5737","targetHints":{"allow":["GET"]}}],"collection":[{"href":"https:\/\/www.confederaciondelcobre.cl\/index.php\/wp-json\/wp\/v2\/posts"}],"about":[{"href":"https:\/\/www.confederaciondelcobre.cl\/index.php\/wp-json\/wp\/v2\/types\/post"}],"author":[{"embeddable":true,"href":"https:\/\/www.confederaciondelcobre.cl\/index.php\/wp-json\/wp\/v2\/users\/2"}],"replies":[{"embeddable":true,"href":"https:\/\/www.confederaciondelcobre.cl\/index.php\/wp-json\/wp\/v2\/comments?post=5737"}],"version-history":[{"count":3,"href":"https:\/\/www.confederaciondelcobre.cl\/index.php\/wp-json\/wp\/v2\/posts\/5737\/revisions"}],"predecessor-version":[{"id":5748,"href":"https:\/\/www.confederaciondelcobre.cl\/index.php\/wp-json\/wp\/v2\/posts\/5737\/revisions\/5748"}],"wp:featuredmedia":[{"embeddable":true,"href":"https:\/\/www.confederaciondelcobre.cl\/index.php\/wp-json\/wp\/v2\/media\/5740"}],"wp:attachment":[{"href":"https:\/\/www.confederaciondelcobre.cl\/index.php\/wp-json\/wp\/v2\/media?parent=5737"}],"wp:term":[{"taxonomy":"category","embeddable":true,"href":"https:\/\/www.confederaciondelcobre.cl\/index.php\/wp-json\/wp\/v2\/categories?post=5737"},{"taxonomy":"post_tag","embeddable":true,"href":"https:\/\/www.confederaciondelcobre.cl\/index.php\/wp-json\/wp\/v2\/tags?post=5737"}],"curies":[{"name":"wp","href":"https:\/\/api.w.org\/{rel}","templated":true}]}}