{"id":5751,"date":"2025-06-04T13:06:59","date_gmt":"2025-06-04T17:06:59","guid":{"rendered":"https:\/\/www.confederaciondelcobre.cl\/?p=5751"},"modified":"2025-06-04T13:24:32","modified_gmt":"2025-06-04T17:24:32","slug":"06-de-junio-nueva-capacitacion-para-dirigentes-as","status":"publish","type":"post","link":"https:\/\/www.confederaciondelcobre.cl\/index.php\/2025\/06\/04\/06-de-junio-nueva-capacitacion-para-dirigentes-as\/","title":{"rendered":"06 DE JUNIO: Nueva Capacitaci\u00f3n para Dirigentes\/as"},"content":{"rendered":"\n<p>Este viernes 06 de junio, a las 19:00 horas, se realizar\u00e1 la capacitaci\u00f3n sobre <strong>&#8221; TUTELA DE DERECHOS FUNDAMENTALES Y TERMINO DE CONTRATO LABORAL &#8220;<\/strong>, <strong>dirigida a Dirigentes y Dirigentes Sindicales<\/strong>, y que ser\u00e1 dictada por Rodrigo Garc\u00eda, abogado asesor de la CTC, y Fernando Prado, dirigente nacional CTC, quienes entregar\u00e1n una completa gu\u00eda y estar\u00e1n dispuestos a sus consultas.<\/p>\n\n\n\n<p><strong>Si quieres participar, con\u00e9ctate con nosotros, solicita el link de zoom a tu dirigente.<\/strong><\/p>\n\n\n<div class=\"wp-block-site-logo\"><a href=\"https:\/\/www.confederaciondelcobre.cl\/\" class=\"custom-logo-link\" rel=\"home\"><img loading=\"lazy\" decoding=\"async\" width=\"658\" height=\"80\" src=\"https:\/\/www.confederaciondelcobre.cl\/wp-content\/uploads\/2023\/01\/TituloWebCTC.png\" class=\"custom-logo\" alt=\"Confederaci\u00f3n de Trabajadores del Cobre &#8211; CTC\" srcset=\"https:\/\/www.confederaciondelcobre.cl\/wp-content\/uploads\/2023\/01\/TituloWebCTC.png 606w, https:\/\/www.confederaciondelcobre.cl\/wp-content\/uploads\/2023\/01\/TituloWebCTC-300x37.png 300w\" sizes=\"auto, (max-width: 658px) 100vw, 658px\" \/><\/a><\/div>","protected":false},"excerpt":{"rendered":"<p>Este viernes 06 de junio, a las 19:00 horas, se realizar\u00e1 la capacitaci\u00f3n sobre &#8221; TUTELA DE DERECHOS FUNDAMENTALES Y TERMINO DE CONTRATO LABORAL &#8220;, dirigida a Dirigentes y Dirigentes &hellip; <\/p>\n","protected":false},"author":2,"featured_media":5754,"comment_status":"closed","ping_status":"closed","sticky":false,"template":"","format":"standard","meta":{"jetpack_post_was_ever_published":false,"_jetpack_newsletter_access":"","_jetpack_dont_email_post_to_subs":false,"_jetpack_newsletter_tier_id":0,"_jetpack_memberships_contains_paywalled_content":false,"_jetpack_memberships_contains_paid_content":false,"footnotes":"","jetpack_publicize_message":"","jetpack_publicize_feature_enabled":true,"jetpack_social_post_already_shared":true,"jetpack_social_options":{"image_generator_settings":{"template":"highway","default_image_id":0,"enabled":false},"version":2}},"categories":[9],"tags":[76,77,78],"class_list":["post-5751","post","type-post","status-publish","format-standard","has-post-thumbnail","hentry","category-confederacion","tag-capacitacion","tag-capacitaciones","tag-dirigentes-ctc"],"jetpack_publicize_connections":[],"jetpack_featured_media_url":"https:\/\/www.confederaciondelcobre.cl\/wp-content\/uploads\/2025\/06\/1286-A2-horizontal.png","jetpack_sharing_enabled":true,"post_mailing_queue_ids":[],"_links":{"self":[{"href":"https:\/\/www.confederaciondelcobre.cl\/index.php\/wp-json\/wp\/v2\/posts\/5751","targetHints":{"allow":["GET"]}}],"collection":[{"href":"https:\/\/www.confederaciondelcobre.cl\/index.php\/wp-json\/wp\/v2\/posts"}],"about":[{"href":"https:\/\/www.confederaciondelcobre.cl\/index.php\/wp-json\/wp\/v2\/types\/post"}],"author":[{"embeddable":true,"href":"https:\/\/www.confederaciondelcobre.cl\/index.php\/wp-json\/wp\/v2\/users\/2"}],"replies":[{"embeddable":true,"href":"https:\/\/www.confederaciondelcobre.cl\/index.php\/wp-json\/wp\/v2\/comments?post=5751"}],"version-history":[{"count":2,"href":"https:\/\/www.confederaciondelcobre.cl\/index.php\/wp-json\/wp\/v2\/posts\/5751\/revisions"}],"predecessor-version":[{"id":5755,"href":"https:\/\/www.confederaciondelcobre.cl\/index.php\/wp-json\/wp\/v2\/posts\/5751\/revisions\/5755"}],"wp:featuredmedia":[{"embeddable":true,"href":"https:\/\/www.confederaciondelcobre.cl\/index.php\/wp-json\/wp\/v2\/media\/5754"}],"wp:attachment":[{"href":"https:\/\/www.confederaciondelcobre.cl\/index.php\/wp-json\/wp\/v2\/media?parent=5751"}],"wp:term":[{"taxonomy":"category","embeddable":true,"href":"https:\/\/www.confederaciondelcobre.cl\/index.php\/wp-json\/wp\/v2\/categories?post=5751"},{"taxonomy":"post_tag","embeddable":true,"href":"https:\/\/www.confederaciondelcobre.cl\/index.php\/wp-json\/wp\/v2\/tags?post=5751"}],"curies":[{"name":"wp","href":"https:\/\/api.w.org\/{rel}","templated":true}]}}